{"id":48185,"date":"2025-10-15T08:15:36","date_gmt":"2025-10-15T11:15:36","guid":{"rendered":"https:\/\/guialimeira.com.br\/?p=48185"},"modified":"2025-10-15T08:15:36","modified_gmt":"2025-10-15T11:15:36","slug":"cordeiropolis-sedia-encontro-de-colecionadores-com-12-horas-de-musica-e-exposicoes-culturais-prefeitura-municipal-de-cordeiropolis","status":"publish","type":"post","link":"https:\/\/guialimeira.com.br\/news\/cordeiropolis-sedia-encontro-de-colecionadores-com-12-horas-de-musica-e-exposicoes-culturais-prefeitura-municipal-de-cordeiropolis\/","title":{"rendered":"Cordeir\u00f3polis sedia encontro de colecionadores com 12 horas de m\u00fasica e exposi\u00e7\u00f5es culturais \u2013 Prefeitura Municipal de Cordeir\u00f3polis"},"content":{"rendered":"<p> <br \/>\n<\/p>\n<div>\n<p>Cordeir\u00f3polis vai sediar neste s\u00e1bado (18) um encontro de colecionadores. O \u201cColecionismo Cordeir\u00f3polis 2025\u201d ter\u00e1 uma programa\u00e7\u00e3o repleta de exposi\u00e7\u00f5es, m\u00fasica e cultura, al\u00e9m de \u00e1rea de alimenta\u00e7\u00e3o. Com apoio da prefeitura, o evento ser\u00e1 realizado a partir das 8h, no Centro Cultural Ataliba Barrocas, e seguir\u00e1 at\u00e9 meia-noite e meia. A entrada \u00e9 gratuita.<\/p>\n<p>A iniciativa contar\u00e1 com mostras de numism\u00e1tica, memorabilia fumageira e cole\u00e7\u00f5es antigas. Tamb\u00e9m haver\u00e1 um palco com atra\u00e7\u00f5es durante todo o dia. O local ter\u00e1 ainda com \u00e1rea de estacionamento para motos e triciclos e estrutura coberta. A programa\u00e7\u00e3o musical come\u00e7a pela manh\u00e3, com DJ Galaxy Trio das 8h \u00e0s 12h30, e segue depois com outras bandas:<\/p>\n<p>13h \u2013 Punk Off<\/p>\n<p>14h \u2013 Ramoneys<\/p>\n<p>16h \u2013 Braza<\/p>\n<p>17h \u2013 Alta Rockagem<\/p>\n<p>18h \u2013 Bandock<\/p>\n<p>19h \u2013 Nazareth Tributo<\/p>\n<p>20h \u2013 Decadentes<\/p>\n<p>21h \u2013 Dies Killers<\/p>\n<p>22h30 \u2013 DJ Rock<\/p>\n<p><strong>SERVI\u00c7O<\/strong><\/p>\n<p><strong>Colecionismo Cordeir\u00f3polis 2025<\/strong><\/p>\n<p>Local: Centro Cultural Ataliba Barrocas (Rua Siqueira Campos, 414 \u2013 Vila L\u00eddia)<\/p>\n<p>Data: s\u00e1bado, 18 de outubro<\/p>\n<p>Hor\u00e1rio: das 8h \u00e0 0h30<\/p>\n<p>Entrada gratuita<\/p>\n<p>Mais informa\u00e7\u00f5es: (19) 99890-6733<\/p>\n<\/p><\/div>\n<p><br \/>\n<br \/><a href=\"https:\/\/www.cordeiropolis.sp.gov.br\/cordeiropolis-sedia-encontro-de-colecionadores-com-12-horas-de-musica-e-exposicoes-culturais\/\" rel=\"noopener\">Informa\u00e7\u00f5es Cordeir\u00f3polis <\/a><\/p>\n","protected":false},"excerpt":{"rendered":"<p>Cordeir\u00f3polis vai sediar neste s\u00e1bado (18) um encontro de colecionadores. O \u201cColecionismo Cordeir\u00f3polis 2025\u201d ter\u00e1 uma programa\u00e7\u00e3o repleta de exposi\u00e7\u00f5es, m\u00fasica e cultura, al\u00e9m de \u00e1rea de alimenta\u00e7\u00e3o. Com apoio da prefeitura, o evento ser\u00e1 realizado a partir das 8h, no Centro Cultural Ataliba Barrocas, e seguir\u00e1 at\u00e9 meia-noite e meia. A entrada \u00e9 gratuita. [&hellip;]<\/p>\n","protected":false},"author":1,"featured_media":0,"comment_status":"open","ping_status":"open","sticky":false,"template":"","format":"standard","meta":{"_jetpack_newsletter_access":"","_jetpack_dont_email_post_to_subs":false,"_jetpack_newsletter_tier_id":0,"_jetpack_memberships_contains_paywalled_content":false,"_mbp_banners":[],"_jetpack_feature_clip_id":0,"_jetpack_memberships_contains_paid_content":false,"footnotes":"","jetpack_publicize_message":"","jetpack_publicize_feature_enabled":true,"jetpack_social_post_already_shared":true,"jetpack_social_options":{"image_generator_settings":{"template":"highway","default_image_id":0,"font":"","enabled":false},"version":2},"jetpack_post_was_ever_published":false},"categories":[20],"tags":[],"class_list":["post-48185","post","type-post","status-publish","format-standard","category-regiao"],"jetpack_publicize_connections":[],"jetpack-related-posts":[],"jetpack_shortlink":"https:\/\/wp.me\/p7Eq1F-cxb","jetpack_sharing_enabled":true,"jetpack_featured_media_url":"","_links":{"self":[{"href":"https:\/\/guialimeira.com.br\/news\/wp-json\/wp\/v2\/posts\/48185","targetHints":{"allow":["GET"]}}],"collection":[{"href":"https:\/\/guialimeira.com.br\/news\/wp-json\/wp\/v2\/posts"}],"about":[{"href":"https:\/\/guialimeira.com.br\/news\/wp-json\/wp\/v2\/types\/post"}],"author":[{"embeddable":true,"href":"https:\/\/guialimeira.com.br\/news\/wp-json\/wp\/v2\/users\/1"}],"replies":[{"embeddable":true,"href":"https:\/\/guialimeira.com.br\/news\/wp-json\/wp\/v2\/comments?post=48185"}],"version-history":[{"count":1,"href":"https:\/\/guialimeira.com.br\/news\/wp-json\/wp\/v2\/posts\/48185\/revisions"}],"predecessor-version":[{"id":48186,"href":"https:\/\/guialimeira.com.br\/news\/wp-json\/wp\/v2\/posts\/48185\/revisions\/48186"}],"wp:attachment":[{"href":"https:\/\/guialimeira.com.br\/news\/wp-json\/wp\/v2\/media?parent=48185"}],"wp:term":[{"taxonomy":"category","embeddable":true,"href":"https:\/\/guialimeira.com.br\/news\/wp-json\/wp\/v2\/categories?post=48185"},{"taxonomy":"post_tag","embeddable":true,"href":"https:\/\/guialimeira.com.br\/news\/wp-json\/wp\/v2\/tags?post=48185"}],"curies":[{"name":"wp","href":"https:\/\/api.w.org\/{rel}","templated":true}]}}