{"id":4817,"date":"2024-05-13T14:41:46","date_gmt":"2024-05-13T17:41:46","guid":{"rendered":"https:\/\/guialimeira.com.br\/2024\/05\/13\/clube-do-livro-conversa-sobre-a-biblioteca-da-meia-noite-nesta-quarta-15\/"},"modified":"2024-05-13T14:41:46","modified_gmt":"2024-05-13T17:41:46","slug":"clube-do-livro-conversa-sobre-a-biblioteca-da-meia-noite-nesta-quarta-15","status":"publish","type":"post","link":"https:\/\/guialimeira.com.br\/news\/clube-do-livro-conversa-sobre-a-biblioteca-da-meia-noite-nesta-quarta-15\/","title":{"rendered":"Clube do Livro conversa sobre \u201cA Biblioteca da Meia-Noite\u201d nesta quarta (15)"},"content":{"rendered":"<p> <br \/>\n<\/p>\n<div>\n            <main class=\"\">&#13;<br \/>\n                &#13;<br \/>\n&#13;<br \/>\n&#13;<br \/>\n&#13;<br \/>\n    <img data-recalc-dims=\"1\" decoding=\"async\" src=\"https:\/\/i0.wp.com\/ecrie.com.br\/sistema\/conteudos\/imagem\/m_137_0_1_13052024141333.png?w=696&#038;ssl=1\" alt=\"Clube do Livro conversa sobre \u201cA Biblioteca da Meia-Noite\u201d nesta quarta (15)\"\/>&#13;<br \/>\n&#13;<\/p>\n<p style=\"text-align: justify;\"><span style=\"font-weight: 400;\">Nesta quarta-feira (15), o Clube do Livro da Biblioteca Municipal Professor Jo\u00e3o de Sousa Ferraz conversa sobre \u201cA Biblioteca da Meia-Noite\u201d, \u00e0s 18h15. O encontro \u00e9 mediado por Daniele Pedroso e \u00e9 voltado para o p\u00fablico a partir de 14 anos \u2014 aqueles que leram o livro ou que apenas tenham interesse em ouvir sobre a obra. A realiza\u00e7\u00e3o \u00e9 da Prefeitura de Limeira, por meio da Secretaria de Cultura.<\/span><\/p>\n<p>&#13;<\/p>\n<p style=\"text-align: justify;\"><span style=\"font-weight: 400;\">O livro escrito por Matt Haig apresenta Nora Seed, uma mulher arrependida das escolhas que fez no passado, que vive se perguntando o que poderia ter acontecido caso tivesse vivido de maneira diferente. Quando se v\u00ea na Biblioteca da Meia-Noite, ela ganha uma oportunidade \u00fanica de viver todas as vidas que poderia ter vivido. Neste lugar entre a vida e a morte, Nora pode, finalmente, se mudar para a Austr\u00e1lia, reatar relacionamentos antigos \u2013 ou come\u00e7ar outros \u2013, ser uma estrela do rock, uma glaciologista, uma nadadora ol\u00edmpica&#8230; enfim, as op\u00e7\u00f5es s\u00e3o infinitas. Mas ser\u00e1 que alguma dessas outras vidas \u00e9 realmente melhor do que a que ela j\u00e1 tem?\u00a0<\/span><\/p>\n<p>&#13;<\/p>\n<p style=\"text-align: justify;\"><span style=\"font-weight: 400;\">A Biblioteca Municipal est\u00e1 localizada no Parque Cidade. O empr\u00e9stimo de livros acontece de segunda a sexta-feira, das 8h \u00e0s 17h, e \u00e0s quartas-feiras, das 8h \u00e0s 19h. Mais informa\u00e7\u00f5es podem ser obtidas pelo telefone 3442-6539.<\/span><\/p>\n<p>&#13;<\/p>\n<p style=\"text-align: justify;\">\u00a0<\/p>\n<p>&#13;<br \/>\n&#13;<br \/>\n&#13;<br \/>\n&#13;<\/p>\n<aside class=\"list-related no-print\">&#13;<br \/>\n        &#13;<br \/>\n&#13;<\/p>\n<article class=\"list-item noticias \">&#13;<br \/>\n                    <a class=\"list-item__img\" href=\"https:\/\/limeira.sp.gov.br\/imprensa\/noticias\/cultura\/circuito-sesc-de-artes-e-destaque-da-semana\" tabindex=\"-1\" aria-hidden=\"true\" rel=\"noopener\">&#13;<br \/>\n                        <img data-recalc-dims=\"1\" decoding=\"async\" src=\"https:\/\/i0.wp.com\/ecrie.com.br\/sistema\/conteudos\/imagem\/m_137_0_1_13052024141143.jpg?w=696&#038;ssl=1\" alt=\"Circuito Sesc de Artes \u00e9 destaque da semana\"\/>&#13;<br \/>\n                    <\/a>&#13;<br \/>\n&#13;<br \/>\n                &#13;<br \/>\n            <\/article>\n<p>&#13;<\/p>\n<article class=\"list-item noticias \">&#13;<br \/>\n                    <a class=\"list-item__img\" href=\"https:\/\/limeira.sp.gov.br\/imprensa\/noticias\/cultura\/retreta-com-corporacao-musical-arthur-giambelli-e-neste-domingo-12-1\" tabindex=\"-1\" aria-hidden=\"true\" rel=\"noopener\">&#13;<br \/>\n                        <img data-recalc-dims=\"1\" decoding=\"async\" src=\"https:\/\/i0.wp.com\/ecrie.com.br\/sistema\/conteudos\/imagem\/m_137_0_1_22062023114351.jpeg?w=696&#038;ssl=1\" alt=\"Retreta com Corpora\u00e7\u00e3o Musical Arthur Giambelli \u00e9 neste domingo (12)\"\/>&#13;<br \/>\n                    <\/a>&#13;<br \/>\n&#13;<br \/>\n                &#13;<br \/>\n            <\/article>\n<p>&#13;<\/p>\n<article class=\"list-item noticias \">&#13;<br \/>\n                    <a class=\"list-item__img\" href=\"https:\/\/limeira.sp.gov.br\/imprensa\/noticias\/cultura\/oficina-gratuita-teatro-para-a-melhor-idade-acontece-neste-domingo-12\" tabindex=\"-1\" aria-hidden=\"true\" rel=\"noopener\">&#13;<br \/>\n                        <img data-recalc-dims=\"1\" decoding=\"async\" src=\"https:\/\/i0.wp.com\/ecrie.com.br\/sistema\/conteudos\/imagem\/m_137_0_1_10052024114145.jpeg?w=696&#038;ssl=1\" alt=\"Oficina gratuita \u201cTeatro para a Melhor Idade\u201d acontece neste domingo (12)\"\/>&#13;<br \/>\n                    <\/a>&#13;<br \/>\n&#13;<br \/>\n                &#13;<br \/>\n            <\/article>\n<p>&#13;<br \/>\n    <\/aside>\n<p>&#13;<br \/>\n&#13;<br \/>\n            <\/main><\/p><\/div>\n<p><br \/>\n<br \/><a href=\"https:\/\/limeira.sp.gov.br\/clube-do-livro-conversa-sobre-a-biblioteca-da-meia-noite-nesta-quarta-15\" rel=\"noopener\">Informa\u00e7\u00f5es da PML <\/a><\/p>\n","protected":false},"excerpt":{"rendered":"<p>&#13; &#13; &#13; &#13; &#13; &#13; &#13; Nesta quarta-feira (15), o Clube do Livro da Biblioteca Municipal Professor Jo\u00e3o de Sousa Ferraz conversa sobre \u201cA Biblioteca da Meia-Noite\u201d, \u00e0s 18h15. O encontro \u00e9 mediado por Daniele Pedroso e \u00e9 voltado para o p\u00fablico a partir de 14 anos \u2014 aqueles que leram o livro ou [&hellip;]<\/p>\n","protected":false},"author":1,"featured_media":4818,"comment_status":"open","ping_status":"open","sticky":false,"template":"","format":"standard","meta":{"_jetpack_newsletter_access":"","_jetpack_dont_email_post_to_subs":false,"_jetpack_newsletter_tier_id":0,"_jetpack_memberships_contains_paywalled_content":false,"_mbp_banners":[],"_jetpack_feature_clip_id":0,"_jetpack_memberships_contains_paid_content":false,"footnotes":"","jetpack_publicize_message":"","jetpack_publicize_feature_enabled":true,"jetpack_social_post_already_shared":true,"jetpack_social_options":{"image_generator_settings":{"template":"highway","default_image_id":0,"font":"","enabled":false},"version":2},"jetpack_post_was_ever_published":false},"categories":[16],"tags":[],"class_list":["post-4817","post","type-post","status-publish","format-standard","has-post-thumbnail","category-local"],"jetpack_publicize_connections":[],"jetpack-related-posts":[],"jetpack_shortlink":"https:\/\/wp.me\/p7Eq1F-1fH","jetpack_sharing_enabled":true,"jetpack_featured_media_url":"https:\/\/i0.wp.com\/guialimeira.com.br\/news\/wp-content\/uploads\/2024\/05\/m_137_0_1_13052024141333.png?fit=900%2C900&ssl=1","_links":{"self":[{"href":"https:\/\/guialimeira.com.br\/news\/wp-json\/wp\/v2\/posts\/4817","targetHints":{"allow":["GET"]}}],"collection":[{"href":"https:\/\/guialimeira.com.br\/news\/wp-json\/wp\/v2\/posts"}],"about":[{"href":"https:\/\/guialimeira.com.br\/news\/wp-json\/wp\/v2\/types\/post"}],"author":[{"embeddable":true,"href":"https:\/\/guialimeira.com.br\/news\/wp-json\/wp\/v2\/users\/1"}],"replies":[{"embeddable":true,"href":"https:\/\/guialimeira.com.br\/news\/wp-json\/wp\/v2\/comments?post=4817"}],"version-history":[{"count":0,"href":"https:\/\/guialimeira.com.br\/news\/wp-json\/wp\/v2\/posts\/4817\/revisions"}],"wp:featuredmedia":[{"embeddable":true,"href":"https:\/\/guialimeira.com.br\/news\/wp-json\/wp\/v2\/media\/4818"}],"wp:attachment":[{"href":"https:\/\/guialimeira.com.br\/news\/wp-json\/wp\/v2\/media?parent=4817"}],"wp:term":[{"taxonomy":"category","embeddable":true,"href":"https:\/\/guialimeira.com.br\/news\/wp-json\/wp\/v2\/categories?post=4817"},{"taxonomy":"post_tag","embeddable":true,"href":"https:\/\/guialimeira.com.br\/news\/wp-json\/wp\/v2\/tags?post=4817"}],"curies":[{"name":"wp","href":"https:\/\/api.w.org\/{rel}","templated":true}]}}