{"id":4814,"date":"2024-05-13T13:29:04","date_gmt":"2024-05-13T16:29:04","guid":{"rendered":"https:\/\/guialimeira.com.br\/2024\/05\/13\/detran-sp-prepara-programacao-de-palestras-com-foco-no-maio-amarelo\/"},"modified":"2024-05-13T13:29:04","modified_gmt":"2024-05-13T16:29:04","slug":"detran-sp-prepara-programacao-de-palestras-com-foco-no-maio-amarelo","status":"publish","type":"post","link":"https:\/\/guialimeira.com.br\/news\/detran-sp-prepara-programacao-de-palestras-com-foco-no-maio-amarelo\/","title":{"rendered":"Detran-SP prepara programa\u00e7\u00e3o de palestras com foco no maio amarelo"},"content":{"rendered":"<p> <br \/>\n<\/p>\n<div id=\"\">&#13;<br \/>\n                                <!-- Title -->&#13;<br \/>\n                                &#13;<br \/>\n&#13;<br \/>\n                                <!-- Excerpt -->&#13;<\/p>\n<p class=\"excerpt\">As iniciativas t\u00eam como objetivo diminuir mortes e les\u00f5es no tr\u00e2nsito<\/p>\n<p>&#13;<br \/>\n&#13;<br \/>\n                                &#13;\n                            <\/p><\/div>\n<div id=\"\">&#13;<\/p>\n<p dir=\"ltr\">O Departamento Estadual de Tr\u00e2nsito de S\u00e3o Paulo (Detran-SP) por meio da Escola Paulista de Tr\u00e2nsito (EPT) e em parceria com a Funda\u00e7\u00e3o Vanzolini promover\u00e1 uma programa\u00e7\u00e3o especial de palestras abertas ao p\u00fablico ao longo da segunda quinzena do Maio Amarelo, m\u00eas dedicado \u00e0 conscientiza\u00e7\u00e3o pela redu\u00e7\u00e3o de sinistros de tr\u00e2nsito. A previs\u00e3o \u00e9 de que todas as palestras sejam transmitidas via portal do Detran-SP no YouTube neste per\u00edodo.<\/p>\n<p dir=\"ltr\">O mote da campanha deste ano \u00e9 \u201cPaz no tr\u00e2nsito come\u00e7a por voc\u00ea\u201d, uma forma de lembrar que todos os usu\u00e1rios das vias p\u00fablicas t\u00eam a responsabilidade de garantir a seguran\u00e7a uns dos outros, sejam eles motoristas, passageiros, ciclistas ou pedestres. Parece trivial, mas diversas atitudes levianas no cotidiano podem impedir que esse objetivo seja alcan\u00e7ado.<\/p>\n<p dir=\"ltr\">As palestras t\u00eam in\u00edcio previsto para o dia 14 de maio com as seguintes datas e respectivos temas:<\/p>\n<ul dir=\"ltr\">\n<li>14\/5 \u2013 \u201cRepresenta\u00e7\u00e3o do Maio Amarelo\u201d, apresentada por Silvana Barbaric, da Companhia de Engenharia de Tr\u00e1fego (Cet);<\/li>\n<li>15\/5 \u2013 \u201cA preven\u00e7\u00e3o come\u00e7a na educa\u00e7\u00e3o e na comunica\u00e7\u00e3o\u201d, apresentada por M\u00e9rcia Gomes, do Observat\u00f3rio Nacional de Seguran\u00e7a Vi\u00e1ria e Paula Toco, do Truc\u00e3o Comunica\u00e7\u00e3o em Transportes;<\/li>\n<li>20\/5 \u2013 \u201cA import\u00e2ncia da dire\u00e7\u00e3o defensiva na seguran\u00e7a do tr\u00e2nsito\u201d, apresentada por Eliseu Ruiz, do Centro Educacional de Valoriza\u00e7\u00e3o de Tr\u00e2nsito (Cevat);<\/li>\n<li>23\/5 \u2013 \u201cComportamento seguro, diga n\u00e3o para o celular no volante\u201d, apresentada por Mauricio Gomes e Antonio, do Centro de Especializa\u00e7\u00e3o, Aperfei\u00e7oamento e Capacita\u00e7\u00e3o de Condutores (Ceacc) e Ordem dos Advogados do Brasil (OAB);<\/li>\n<li>27\/5 \u2013 \u201cAcidentes de tr\u00e2nsito, o que voc\u00ea precisa saber sobre amputa\u00e7\u00e3o\u201d, apresentada por Roberto En\u00e9as, da Associa\u00e7\u00e3o Brasileira Ortopedia T\u00e9cnica (Abotec);<\/li>\n<li>28\/5 \u2013 \u201cEmpatia no tr\u00e2nsito come\u00e7a por voc\u00ea\u201d, apresentada por Rosely Fantoni, do Observat\u00f3rio Nacional de Seguran\u00e7a Vi\u00e1ria.<\/li>\n<\/ul>\n<p dir=\"ltr\">\u201cA promo\u00e7\u00e3o de uma mudan\u00e7a cultural e comportamental \u00e9 um processo que demanda esfor\u00e7os cont\u00ednuos. Mas a reflex\u00e3o, trazida pelo Maio Amarelo, \u00e9 o primeiro passo para um tr\u00e2nsito mais saud\u00e1vel. Deste modo, a EPT contribui para a conscientiza\u00e7\u00e3o coletiva da sociedade sobre a preserva\u00e7\u00e3o da vida\u201d, afirma Gleice Reis, Gerente Setorial da EPT.<\/p>\n<p dir=\"ltr\"><strong>Sobre o Detran-SP<\/strong><\/p>\n<p dir=\"ltr\">O Detran-SP trabalha incessantemente para prevenir sinistros e preservar vidas, com a meta de organizar um tr\u00e2nsito mais seguro e harmonioso entre todos os modais. O \u00f3rg\u00e3o segue comprometido em oferecer servi\u00e7os de excel\u00eancia aos cidad\u00e3os, baseados em valores como respeito, integridade, seguran\u00e7a e efici\u00eancia.<\/p>\n<p dir=\"ltr\">Atualmente, est\u00e1 implementando a transforma\u00e7\u00e3o digital para melhorar a qualidade de vida dos paulistas, facilitando o acesso aos servi\u00e7os p\u00fablicos. Cerca de 93% dos atendimentos realizados nas unidades do Detran-SP integradas ao Poupatempo s\u00e3o feitos de forma digital.<\/p>\n<p dir=\"ltr\">Como o maior \u00f3rg\u00e3o executivo de tr\u00e2nsito do pa\u00eds, o Departamento de Tr\u00e2nsito Paulista \u00e9 respons\u00e1vel por 28% da frota brasileira, com mais de 34 milh\u00f5es de ve\u00edculos registrados e mais de 25 milh\u00f5es de motoristas habilitados em todo o estado. Mensalmente, emite aproximadamente 400 mil Carteiras Nacionais de Habilita\u00e7\u00e3o (CNHs) e 1,2 milh\u00e3o de Certificados de Registro e Licenciamento Veicular (CRLVs). Em m\u00e9dia, s\u00e3o emitidos mais de 136 mil documentos por dia.<\/p>\n<p dir=\"ltr\">Siga o canal \u201cGoverno de S\u00e3o Paulo\u201d no WhatsApp:<br \/><a href=\"https:\/\/bit.ly\/govspnozap\" target=\"_blank\" rel=\"noopener noreferrer\">https:\/\/bit.ly\/govspnozap<\/a><\/p>\n<\/p><\/div>\n<p><br \/>\n<br \/><a href=\"https:\/\/www.saopaulo.sp.gov.br\/spnoticias\/ultimas-noticias\/detran-sp-prepara-programacao-de-palestras-com-foco-no-maio-amarelo\/\" rel=\"noopener\">Informa\u00e7\u00f5es GOV.SP<\/a><\/p>\n","protected":false},"excerpt":{"rendered":"<p>&#13; &#13; &#13; &#13; &#13; As iniciativas t\u00eam como objetivo diminuir mortes e les\u00f5es no tr\u00e2nsito &#13; &#13; &#13; &#13; O Departamento Estadual de Tr\u00e2nsito de S\u00e3o Paulo (Detran-SP) por meio da Escola Paulista de Tr\u00e2nsito (EPT) e em parceria com a Funda\u00e7\u00e3o Vanzolini promover\u00e1 uma programa\u00e7\u00e3o especial de palestras abertas ao p\u00fablico ao longo [&hellip;]<\/p>\n","protected":false},"author":1,"featured_media":238,"comment_status":"open","ping_status":"open","sticky":false,"template":"","format":"standard","meta":{"_jetpack_newsletter_access":"","_jetpack_dont_email_post_to_subs":false,"_jetpack_newsletter_tier_id":0,"_jetpack_memberships_contains_paywalled_content":false,"_mbp_banners":[],"_jetpack_feature_clip_id":0,"_jetpack_memberships_contains_paid_content":false,"footnotes":"","jetpack_publicize_message":"","jetpack_publicize_feature_enabled":true,"jetpack_social_post_already_shared":true,"jetpack_social_options":{"image_generator_settings":{"template":"highway","default_image_id":0,"font":"","enabled":false},"version":2},"jetpack_post_was_ever_published":false},"categories":[21],"tags":[],"class_list":["post-4814","post","type-post","status-publish","format-standard","has-post-thumbnail","category-sp-news"],"jetpack_publicize_connections":[],"jetpack-related-posts":[],"jetpack_shortlink":"https:\/\/wp.me\/p7Eq1F-1fE","jetpack_sharing_enabled":true,"jetpack_featured_media_url":"https:\/\/i0.wp.com\/guialimeira.com.br\/news\/wp-content\/uploads\/2024\/03\/cover.png?fit=650%2C650&ssl=1","_links":{"self":[{"href":"https:\/\/guialimeira.com.br\/news\/wp-json\/wp\/v2\/posts\/4814","targetHints":{"allow":["GET"]}}],"collection":[{"href":"https:\/\/guialimeira.com.br\/news\/wp-json\/wp\/v2\/posts"}],"about":[{"href":"https:\/\/guialimeira.com.br\/news\/wp-json\/wp\/v2\/types\/post"}],"author":[{"embeddable":true,"href":"https:\/\/guialimeira.com.br\/news\/wp-json\/wp\/v2\/users\/1"}],"replies":[{"embeddable":true,"href":"https:\/\/guialimeira.com.br\/news\/wp-json\/wp\/v2\/comments?post=4814"}],"version-history":[{"count":0,"href":"https:\/\/guialimeira.com.br\/news\/wp-json\/wp\/v2\/posts\/4814\/revisions"}],"wp:featuredmedia":[{"embeddable":true,"href":"https:\/\/guialimeira.com.br\/news\/wp-json\/wp\/v2\/media\/238"}],"wp:attachment":[{"href":"https:\/\/guialimeira.com.br\/news\/wp-json\/wp\/v2\/media?parent=4814"}],"wp:term":[{"taxonomy":"category","embeddable":true,"href":"https:\/\/guialimeira.com.br\/news\/wp-json\/wp\/v2\/categories?post=4814"},{"taxonomy":"post_tag","embeddable":true,"href":"https:\/\/guialimeira.com.br\/news\/wp-json\/wp\/v2\/tags?post=4814"}],"curies":[{"name":"wp","href":"https:\/\/api.w.org\/{rel}","templated":true}]}}