{"id":4810,"date":"2024-05-13T13:17:44","date_gmt":"2024-05-13T16:17:44","guid":{"rendered":"https:\/\/guialimeira.com.br\/2024\/05\/13\/df-chama-criancas-e-adolescentes-para-vacinacao-contra-meningite\/"},"modified":"2024-05-13T13:17:44","modified_gmt":"2024-05-13T16:17:44","slug":"df-chama-criancas-e-adolescentes-para-vacinacao-contra-meningite","status":"publish","type":"post","link":"https:\/\/guialimeira.com.br\/news\/df-chama-criancas-e-adolescentes-para-vacinacao-contra-meningite\/","title":{"rendered":"DF chama crian\u00e7as e adolescentes para vacina\u00e7\u00e3o contra meningite"},"content":{"rendered":"<p> <br \/>\n<\/p>\n<div>\n<p>Ap\u00f3s confirmar 107 casos e 14 mortes por meningite em 2023, a Secretaria de Sa\u00fade do Distrito Federal convoca crian\u00e7as e adolescentes de 11 a 14 anos para se imunizarem contra a doen\u00e7a. A vacina ACWY protege contra os quatro sorotipos de meningite, mas registrou, no ano passado, menos de 35% de cobertura na faixa et\u00e1ria definida \u2013 menos da metade da meta de 80%.<img data-recalc-dims=\"1\" decoding=\"async\" src=\"https:\/\/i0.wp.com\/agenciabrasil.ebc.com.br\/ebc.png?w=696&#038;ssl=1\" style=\"width:1px; height:1px; display:inline;\"\/><img data-recalc-dims=\"1\" decoding=\"async\" src=\"https:\/\/i0.wp.com\/agenciabrasil.ebc.com.br\/ebc.gif?w=696&#038;ssl=1\" style=\"width:1px; height:1px; display:inline;\"\/><\/p>\n<p>Para receber a dose, basta procurar uma das salas de imuniza\u00e7\u00e3o com a caderneta de vacina\u00e7\u00e3o em m\u00e3os. A ACWY pode ser aplicada junto com\u00a0qualquer outra dose do calend\u00e1rio b\u00e1sico de vacina\u00e7\u00e3o, com exce\u00e7\u00e3o da dengue. Uma crian\u00e7a ou adolescente pode, por exemplo, receber \u00a0a meningoc\u00f3cica e\u00a0o imunizante contra o HPV\u00a0de forma simult\u00e2nea.<\/p>\n<h2>A doen\u00e7a<\/h2>\n<p>A meningite se caracteriza pela inflama\u00e7\u00e3o nas meninges, membranas que envolvem o c\u00e9rebro e a medula espinhal. O quadro pode causar sequelas para o resto da vida e afeta principalmente crian\u00e7as. Dentre outros agentes, \u00e9 provocado por v\u00edrus e bact\u00e9rias.<\/p>\n<h2>Esquemas vacinais<\/h2>\n<p>Os esquemas vacinais contra a meningite v\u00e3o al\u00e9m da ACWY e incluem ainda as doses BCG e meningoc\u00f3cica C conjugada, ambas no calend\u00e1rio b\u00e1sico de vacina\u00e7\u00e3o. \u201cEm cada unidade b\u00e1sica de sa\u00fade, \u00e9 poss\u00edvel solicitar uma an\u00e1lise da caderneta, para verificar se h\u00e1 algum imunizante em atraso\u201d, destacou a secretaria.<\/p>\n<h2>Monitoramento e preven\u00e7\u00e3o<\/h2>\n<p>Em nota, a Secretaria de Sa\u00fade destacou que estabelecimentos de sa\u00fade da rede p\u00fablica e complementar t\u00eam a obriga\u00e7\u00e3o de notificar casos de meningite. \u201cQuando h\u00e1 confirma\u00e7\u00e3o laboratorial de um caso de meningite, a secretaria atua rapidamente para investigar e avaliar a necessidade de medidas de controle.\u201d<\/p>\n<p>De acordo com a avalia\u00e7\u00e3o da equipe t\u00e9cnica, em alguns casos, de maneira preventiva, pode haver uso de antibi\u00f3ticos por\u00a0pessoas pr\u00f3ximas aos pacientes.<\/p>\n<p>\u201cA vacina\u00e7\u00e3o \u00e9 apontada como a principal forma de evitar a doen\u00e7a, al\u00e9m de outras medidas gerais para impedir a transmiss\u00e3o da meningite: lavar e higienizar frequentemente as m\u00e3os, manter os locais bem ventilados, n\u00e3o compartilhar objetos de uso pessoal e cobrir a boca e o nariz ao tossir ou espirrar.\u201d<\/p>\n<\/p><\/div>\n<p><br \/>\n<br \/><a href=\"https:\/\/agenciabrasil.ebc.com.br\/saude\/noticia\/2024-05\/df-chama-criancas-e-adolescentes-para-vacinacao-contra-meningite\" rel=\"noopener\">Ag\u00eancia Brasil <\/a><\/p>\n","protected":false},"excerpt":{"rendered":"<p>Ap\u00f3s confirmar 107 casos e 14 mortes por meningite em 2023, a Secretaria de Sa\u00fade do Distrito Federal convoca crian\u00e7as e adolescentes de 11 a 14 anos para se imunizarem contra a doen\u00e7a. A vacina ACWY protege contra os quatro sorotipos de meningite, mas registrou, no ano passado, menos de 35% de cobertura na faixa [&hellip;]<\/p>\n","protected":false},"author":1,"featured_media":4811,"comment_status":"open","ping_status":"open","sticky":false,"template":"","format":"standard","meta":{"_jetpack_newsletter_access":"","_jetpack_dont_email_post_to_subs":false,"_jetpack_newsletter_tier_id":0,"_jetpack_memberships_contains_paywalled_content":false,"_mbp_banners":[],"_jetpack_feature_clip_id":0,"_jetpack_memberships_contains_paid_content":false,"footnotes":"","jetpack_publicize_message":"","jetpack_publicize_feature_enabled":true,"jetpack_social_post_already_shared":true,"jetpack_social_options":{"image_generator_settings":{"template":"highway","default_image_id":0,"font":"","enabled":false},"version":2},"jetpack_post_was_ever_published":false},"categories":[15],"tags":[],"class_list":["post-4810","post","type-post","status-publish","format-standard","has-post-thumbnail","category-saude"],"jetpack_publicize_connections":[],"jetpack-related-posts":[],"jetpack_shortlink":"https:\/\/wp.me\/p7Eq1F-1fA","jetpack_sharing_enabled":true,"jetpack_featured_media_url":"https:\/\/i0.wp.com\/guialimeira.com.br\/news\/wp-content\/uploads\/2024\/05\/vacinacao_contra_meningite04092101682.jpg?fit=1600%2C800&ssl=1","_links":{"self":[{"href":"https:\/\/guialimeira.com.br\/news\/wp-json\/wp\/v2\/posts\/4810","targetHints":{"allow":["GET"]}}],"collection":[{"href":"https:\/\/guialimeira.com.br\/news\/wp-json\/wp\/v2\/posts"}],"about":[{"href":"https:\/\/guialimeira.com.br\/news\/wp-json\/wp\/v2\/types\/post"}],"author":[{"embeddable":true,"href":"https:\/\/guialimeira.com.br\/news\/wp-json\/wp\/v2\/users\/1"}],"replies":[{"embeddable":true,"href":"https:\/\/guialimeira.com.br\/news\/wp-json\/wp\/v2\/comments?post=4810"}],"version-history":[{"count":0,"href":"https:\/\/guialimeira.com.br\/news\/wp-json\/wp\/v2\/posts\/4810\/revisions"}],"wp:featuredmedia":[{"embeddable":true,"href":"https:\/\/guialimeira.com.br\/news\/wp-json\/wp\/v2\/media\/4811"}],"wp:attachment":[{"href":"https:\/\/guialimeira.com.br\/news\/wp-json\/wp\/v2\/media?parent=4810"}],"wp:term":[{"taxonomy":"category","embeddable":true,"href":"https:\/\/guialimeira.com.br\/news\/wp-json\/wp\/v2\/categories?post=4810"},{"taxonomy":"post_tag","embeddable":true,"href":"https:\/\/guialimeira.com.br\/news\/wp-json\/wp\/v2\/tags?post=4810"}],"curies":[{"name":"wp","href":"https:\/\/api.w.org\/{rel}","templated":true}]}}