{"id":48099,"date":"2025-10-14T14:58:52","date_gmt":"2025-10-14T17:58:52","guid":{"rendered":"https:\/\/guialimeira.com.br\/?p=48099"},"modified":"2025-10-14T14:58:52","modified_gmt":"2025-10-14T17:58:52","slug":"desassoreamento-da-represa-do-mirante-pode-dobrar-volume-de-agua-em-cordeiropolis-prefeitura-municipal-de-cordeiropolis","status":"publish","type":"post","link":"https:\/\/guialimeira.com.br\/news\/desassoreamento-da-represa-do-mirante-pode-dobrar-volume-de-agua-em-cordeiropolis-prefeitura-municipal-de-cordeiropolis\/","title":{"rendered":"Desassoreamento da Represa do Mirante pode dobrar volume de \u00e1gua em Cordeir\u00f3polis \u2013 Prefeitura Municipal de Cordeir\u00f3polis"},"content":{"rendered":"<p> <br \/>\n<\/p>\n<div>\n<p>A Represa do Mirante, em Cascalho, pode dobrar o volume de \u00e1gua armazenada em Cordeir\u00f3polis em 10 anos. \u00c9 o que prev\u00ea o projeto de desassoreamento que o Servi\u00e7o Aut\u00f4nomo de \u00c1gua e Esgoto (SAAE) busca implementar junto \u00e0 Ag\u00eancia de \u00c1guas do Estado de S\u00e3o Paulo, a SP \u00c1guas. A iniciativa, estimada em R$ 8 milh\u00f5es, n\u00e3o ter\u00e1 custo para o munic\u00edpio.<\/p>\n<p>Nesta ter\u00e7a-feira (14), representantes da ag\u00eancia visitaram o munic\u00edpio. \u00c9 o primeiro passo para dar andamento ao projeto. A visita foi acompanhada pela prefeita Cristina Saad, pelo presidente do SAAE, Marco Gomes da Silva, e pelo vereador Vilson Caleffi, al\u00e9m da equipe t\u00e9cnica da autarquia.<\/p>\n<p>Os t\u00e9cnicos avaliaram as condi\u00e7\u00f5es da \u00e1rea, os locais de acesso e os pontos de remo\u00e7\u00e3o e destina\u00e7\u00e3o do material retirado do fundo da represa. \u201cO desassoreamento ser\u00e1 realizado de forma gradual, conforme um plano de execu\u00e7\u00e3o de 10 anos, dividido em etapas\u201d, explica o presidente do SAAE.<\/p>\n<p>A pr\u00f3xima fase do projeto inclui a apresenta\u00e7\u00e3o das documenta\u00e7\u00f5es solicitadas pela SP \u00c1guas, o licenciamento ambiental das \u00e1reas receptoras do material e a anu\u00eancia dos propriet\u00e1rios dos locais definidos para dep\u00f3sito dos rejeitos. De acordo com a previs\u00e3o dos t\u00e9cnicos da SP \u00c1guas, Cordeir\u00f3polis pode ser uma das primeiras cidades a ser contemplada no pr\u00f3ximo ano.<\/p>\n<p>\u201c\u00c9 um projeto muito importante, que vai garantir mais seguran\u00e7a h\u00eddrica para o nosso munic\u00edpio, aumentando o volume de \u00e1gua armazenada na represa do Mirante, que \u00e9 hoje nossa principal fonte de capta\u00e7\u00e3o para levar a \u00e1gua at\u00e9 as casas da popula\u00e7\u00e3o\u201d, afirma a prefeita Cristina Saad.<\/p>\n<figure class=\"wp-block-gallery has-nested-images columns-default is-cropped wp-block-gallery-1 is-layout-flex wp-block-gallery-is-layout-flex\">\n<figure class=\"wp-block-image size-large\"><\/figure>\n<figure class=\"wp-block-image size-large\"><img data-recalc-dims=\"1\" decoding=\"async\" data-attachment-id=\"31485\" data-permalink=\"https:\/\/guialimeira.com.br\/news\/policiais-civis-sao-presos-por-suspeita-de-cobrar-propina-de-funkeiros\/pf2_1-jpg-2\/\" data-orig-file=\"https:\/\/i0.wp.com\/guialimeira.com.br\/news\/wp-content\/uploads\/2025\/04\/pf2_1.jpg?fit=1600%2C800&amp;ssl=1\" data-orig-size=\"1600,800\" data-comments-opened=\"1\" data-image-meta=\"{&quot;aperture&quot;:&quot;0&quot;,&quot;credit&quot;:&quot;&quot;,&quot;camera&quot;:&quot;&quot;,&quot;caption&quot;:&quot;&quot;,&quot;created_timestamp&quot;:&quot;0&quot;,&quot;copyright&quot;:&quot;&quot;,&quot;focal_length&quot;:&quot;0&quot;,&quot;iso&quot;:&quot;0&quot;,&quot;shutter_speed&quot;:&quot;0&quot;,&quot;title&quot;:&quot;&quot;,&quot;orientation&quot;:&quot;0&quot;}\" data-image-title=\"pf2_1.jpg\" data-image-description=\"\" data-image-caption=\"\" data-large-file=\"https:\/\/i0.wp.com\/guialimeira.com.br\/news\/wp-content\/uploads\/2025\/04\/pf2_1.jpg?fit=696%2C348&amp;ssl=1\" loading=\"lazy\" width=\"696\" height=\"392\" data-id=\"31485\" src=\"https:\/\/i0.wp.com\/guialimeira.com.br\/wp-content\/uploads\/2025\/10\/1760464731_140_Desassoreamento-da-Represa-do-Mirante-pode-dobrar-volume-de-agua.jpg?resize=696%2C392&#038;ssl=1\" alt=\"\" class=\"wp-image-31485\" \/><\/figure>\n<figure class=\"wp-block-image size-large\"><img data-recalc-dims=\"1\" decoding=\"async\" data-attachment-id=\"31483\" data-permalink=\"https:\/\/guialimeira.com.br\/news\/145-milhoes-de-passageiros-sao-transportados-nas-linhas-concedidas-no-primeiro-trimestre\/145-milhoes-de-passageiros-sao-transportados-nas-linhas-concedidas-no\/\" data-orig-file=\"https:\/\/i0.wp.com\/guialimeira.com.br\/news\/wp-content\/uploads\/2025\/04\/145-milhoes-de-passageiros-sao-transportados-nas-linhas-concedidas-no.jpg?fit=1600%2C1068&amp;ssl=1\" data-orig-size=\"1600,1068\" data-comments-opened=\"1\" data-image-meta=\"{&quot;aperture&quot;:&quot;0&quot;,&quot;credit&quot;:&quot;&quot;,&quot;camera&quot;:&quot;&quot;,&quot;caption&quot;:&quot;&quot;,&quot;created_timestamp&quot;:&quot;0&quot;,&quot;copyright&quot;:&quot;&quot;,&quot;focal_length&quot;:&quot;0&quot;,&quot;iso&quot;:&quot;0&quot;,&quot;shutter_speed&quot;:&quot;0&quot;,&quot;title&quot;:&quot;&quot;,&quot;orientation&quot;:&quot;0&quot;}\" data-image-title=\"145 milh\u00f5es de passageiros s\u00e3o transportados nas linhas concedidas no\" data-image-description=\"\" data-image-caption=\"\" data-large-file=\"https:\/\/i0.wp.com\/guialimeira.com.br\/news\/wp-content\/uploads\/2025\/04\/145-milhoes-de-passageiros-sao-transportados-nas-linhas-concedidas-no.jpg?fit=696%2C465&amp;ssl=1\" loading=\"lazy\" width=\"696\" height=\"392\" data-id=\"31483\" src=\"https:\/\/i0.wp.com\/guialimeira.com.br\/wp-content\/uploads\/2025\/10\/1760464731_670_Desassoreamento-da-Represa-do-Mirante-pode-dobrar-volume-de-agua.jpg?resize=696%2C392&#038;ssl=1\" alt=\"\" class=\"wp-image-31483\" \/><\/figure>\n<\/figure><\/div>\n<p><br \/>\n<br \/><a href=\"https:\/\/www.cordeiropolis.sp.gov.br\/desassoreamento-da-represa-do-mirante-pode-dobrar-volume-de-agua-em-cordeiropolis\/\" rel=\"noopener\">Informa\u00e7\u00f5es Cordeir\u00f3polis <\/a><\/p>\n","protected":false},"excerpt":{"rendered":"<p>A Represa do Mirante, em Cascalho, pode dobrar o volume de \u00e1gua armazenada em Cordeir\u00f3polis em 10 anos. \u00c9 o que prev\u00ea o projeto de desassoreamento que o Servi\u00e7o Aut\u00f4nomo de \u00c1gua e Esgoto (SAAE) busca implementar junto \u00e0 Ag\u00eancia de \u00c1guas do Estado de S\u00e3o Paulo, a SP \u00c1guas. A iniciativa, estimada em R$ [&hellip;]<\/p>\n","protected":false},"author":1,"featured_media":48100,"comment_status":"open","ping_status":"open","sticky":false,"template":"","format":"standard","meta":{"_jetpack_newsletter_access":"","_jetpack_dont_email_post_to_subs":false,"_jetpack_newsletter_tier_id":0,"_jetpack_memberships_contains_paywalled_content":false,"_mbp_banners":[],"_jetpack_feature_clip_id":0,"_jetpack_memberships_contains_paid_content":false,"footnotes":"","jetpack_publicize_message":"","jetpack_publicize_feature_enabled":true,"jetpack_social_post_already_shared":true,"jetpack_social_options":{"image_generator_settings":{"template":"highway","default_image_id":0,"font":"","enabled":false},"version":2},"jetpack_post_was_ever_published":false},"categories":[20],"tags":[],"class_list":["post-48099","post","type-post","status-publish","format-standard","has-post-thumbnail","category-regiao"],"jetpack_publicize_connections":[],"jetpack-related-posts":[],"jetpack_shortlink":"https:\/\/wp.me\/p7Eq1F-cvN","jetpack_sharing_enabled":true,"jetpack_featured_media_url":"https:\/\/i0.wp.com\/guialimeira.com.br\/news\/wp-content\/uploads\/2025\/10\/Desassoreamento-da-Represa-do-Mirante-pode-dobrar-volume-de-agua.jpg?fit=1024%2C577&ssl=1","_links":{"self":[{"href":"https:\/\/guialimeira.com.br\/news\/wp-json\/wp\/v2\/posts\/48099","targetHints":{"allow":["GET"]}}],"collection":[{"href":"https:\/\/guialimeira.com.br\/news\/wp-json\/wp\/v2\/posts"}],"about":[{"href":"https:\/\/guialimeira.com.br\/news\/wp-json\/wp\/v2\/types\/post"}],"author":[{"embeddable":true,"href":"https:\/\/guialimeira.com.br\/news\/wp-json\/wp\/v2\/users\/1"}],"replies":[{"embeddable":true,"href":"https:\/\/guialimeira.com.br\/news\/wp-json\/wp\/v2\/comments?post=48099"}],"version-history":[{"count":1,"href":"https:\/\/guialimeira.com.br\/news\/wp-json\/wp\/v2\/posts\/48099\/revisions"}],"predecessor-version":[{"id":48101,"href":"https:\/\/guialimeira.com.br\/news\/wp-json\/wp\/v2\/posts\/48099\/revisions\/48101"}],"wp:featuredmedia":[{"embeddable":true,"href":"https:\/\/guialimeira.com.br\/news\/wp-json\/wp\/v2\/media\/48100"}],"wp:attachment":[{"href":"https:\/\/guialimeira.com.br\/news\/wp-json\/wp\/v2\/media?parent=48099"}],"wp:term":[{"taxonomy":"category","embeddable":true,"href":"https:\/\/guialimeira.com.br\/news\/wp-json\/wp\/v2\/categories?post=48099"},{"taxonomy":"post_tag","embeddable":true,"href":"https:\/\/guialimeira.com.br\/news\/wp-json\/wp\/v2\/tags?post=48099"}],"curies":[{"name":"wp","href":"https:\/\/api.w.org\/{rel}","templated":true}]}}