{"id":4801,"date":"2024-05-13T11:27:03","date_gmt":"2024-05-13T14:27:03","guid":{"rendered":"https:\/\/guialimeira.com.br\/2024\/05\/13\/governo-de-sao-paulo-celebra-dia-do-orgulho-nerd-com-programacao-especial\/"},"modified":"2024-05-13T11:27:03","modified_gmt":"2024-05-13T14:27:03","slug":"governo-de-sao-paulo-celebra-dia-do-orgulho-nerd-com-programacao-especial","status":"publish","type":"post","link":"https:\/\/guialimeira.com.br\/news\/governo-de-sao-paulo-celebra-dia-do-orgulho-nerd-com-programacao-especial\/","title":{"rendered":"Governo de S\u00e3o Paulo celebra dia do orgulho nerd com programa\u00e7\u00e3o especial"},"content":{"rendered":"<p> <br \/>\n<\/p>\n<div id=\"\">&#13;<br \/>\n                                <!-- Title -->&#13;<br \/>\n                                &#13;<br \/>\n&#13;<br \/>\n                                <!-- Excerpt -->&#13;<\/p>\n<p class=\"excerpt\">P\u00fablico poder\u00e1 assistir a animes, shows e ainda participar de um concurso de cosplay, que j\u00e1 est\u00e1 com as inscri\u00e7\u00f5es abertas<\/p>\n<p>&#13;<br \/>\n&#13;<br \/>\n                                &#13;\n                            <\/p><\/div>\n<div id=\"\">&#13;<\/p>\n<figure id=\"attachment_5881705\" style=\"width: 100%;max-width: 1440px\" class=\"wp-caption alignnone\"><img data-recalc-dims=\"1\" decoding=\"async\" loading=\"lazy\" class=\"size-full wp-image-5881705\" src=\"https:\/\/i0.wp.com\/www.saopaulo.sp.gov.br\/wp-content\/uploads\/2024\/05\/nerd.jpg?resize=696%2C522&#038;ssl=1\" alt=\"\" width=\"696\" height=\"522\" srcset=\"https:\/\/www.saopaulo.sp.gov.br\/wp-content\/uploads\/2024\/05\/nerd.jpg 1440w, https:\/\/www.saopaulo.sp.gov.br\/wp-content\/uploads\/2024\/05\/nerd-300x225.jpg 300w, https:\/\/www.saopaulo.sp.gov.br\/wp-content\/uploads\/2024\/05\/nerd-1024x768.jpg 1024w, https:\/\/www.saopaulo.sp.gov.br\/wp-content\/uploads\/2024\/05\/nerd-768x576.jpg 768w\" sizes=\"auto, (max-width: 1440px) 100vw, 1440px\"\/><figcaption class=\"wp-caption-text\">Dia do Orgulho Nerd \u00e9 comemorado mundialmente no dia 25 de maio em homenagem ao escritor Douglas Adams, criador do \u201cGuia do Mochileiro das Gal\u00e1xias\u201d<\/figcaption><\/figure>\n<p>No dia 25 de maio, o Pavilh\u00e3o da Bienal no Parque Ibirapuera ser\u00e1 palco de uma comemora\u00e7\u00e3o in\u00e9dita dedicada ao Dia do Orgulho Nerd. O evento organizado pela Secretaria da Cultura, Economia e Ind\u00fastria Criativas marca a inclus\u00e3o do Dia no calend\u00e1rio paulista com uma programa\u00e7\u00e3o extensa e totalmente gratuita, como desfile de cosplay, exibi\u00e7\u00e3o de animes e tokusatsu, shows e mais, das 10h \u00e0s 22h.<\/p>\n<p>A comemora\u00e7\u00e3o simboliza a valoriza\u00e7\u00e3o e o reconhecimento da diversidade cultural nerd e geek. Como destaca a secret\u00e1ria da Cultura, Mar\u00edlia Marton, \u201cser\u00e1 um dia dedicado a celebrar e incentivar a criatividade, a imagina\u00e7\u00e3o e a paix\u00e3o por explorar novos mundos e ideias em todas as suas formas\u201d.<\/p>\n<p>Ricardo Cruz e Larissa Tassi, famosos no segmento, prometem encantar o p\u00fablico com suas interpreta\u00e7\u00f5es de m\u00fasicas de animes. O evento, que conta com gest\u00e3o e produ\u00e7\u00e3o da Associa\u00e7\u00e3o Paulista dos Amigos da Arte (Apaa), ter\u00e1 tamb\u00e9m a participa\u00e7\u00e3o dos Metais de S\u00e3o Caetano, criando um mix de m\u00fasica cl\u00e1ssica e popular.<\/p>\n<p>Para saber as \u00faltimas novidades da programa\u00e7\u00e3o, o site\u00a0<a href=\"http:\/\/www.orgulhonerd.sp.gov.br\/\" rel=\"noopener\">www.orgulhonerd.sp.gov.br<\/a>\u00a0est\u00e1 dispon\u00edvel.<\/p>\n<p><strong>Concurso de cosplay<\/strong><\/p>\n<p>Quem estiver presente poder\u00e1 ainda dar vida aos seus personagens favoritos em um concurso de cosplay. As inscri\u00e7\u00f5es est\u00e3o abertas e podem ser feitas <a href=\"https:\/\/docs.google.com\/forms\/d\/e\/1FAIpQLSc2l-a3JgxwDFYhuFWz27lALbSS-jzLSrzSiCf74Cd6BJXIiw\/viewform\" rel=\"noopener\">via formul\u00e1rio online<\/a>.<\/p>\n<p><strong>A data<\/strong><\/p>\n<p>Tamb\u00e9m conhecido como \u201cO Dia da Toalha\u201d, o Dia do Orgulho Nerd \u00e9 comemorado mundialmente no dia 25 de maio em homenagem ao escritor Douglas Adams, criador do \u201cGuia do Mochileiro das Gal\u00e1xias\u201d. Em seus livros, uma s\u00e1tira \u00e0 sobreviv\u00eancia no espa\u00e7o, o autor defende que o item mais importante para se aventurar em uma viagem pela gal\u00e1xia \u00e9 uma toalha.<\/p>\n<p>O marco \u00e9, tamb\u00e9m, o mesmo da estreia do filme Star Wars: Epis\u00f3dio IV \u2014 Uma Nova Esperan\u00e7a, lan\u00e7ado em 1977. Essa data n\u00e3o apenas representa um momento ic\u00f4nico do mundo nerd, mas tamb\u00e9m uma celebra\u00e7\u00e3o mundial que transcende barreiras.<\/p>\n<p>Siga o canal \u201cGoverno de S\u00e3o Paulo\u201d no WhatsApp:<br \/><a href=\"https:\/\/bit.ly\/govspnozap\" target=\"_blank\" rel=\"noopener noreferrer\">https:\/\/bit.ly\/govspnozap<\/a><\/p>\n<\/p><\/div>\n<p><br \/>\n<br \/><a href=\"https:\/\/www.saopaulo.sp.gov.br\/spnoticias\/ultimas-noticias\/governo-de-sao-paulo-celebra-dia-do-orgulho-nerd-com-programacao-especial\/\" rel=\"noopener\">Informa\u00e7\u00f5es GOV.SP<\/a><\/p>\n","protected":false},"excerpt":{"rendered":"<p>&#13; &#13; &#13; &#13; &#13; P\u00fablico poder\u00e1 assistir a animes, shows e ainda participar de um concurso de cosplay, que j\u00e1 est\u00e1 com as inscri\u00e7\u00f5es abertas &#13; &#13; &#13; &#13; Dia do Orgulho Nerd \u00e9 comemorado mundialmente no dia 25 de maio em homenagem ao escritor Douglas Adams, criador do \u201cGuia do Mochileiro das Gal\u00e1xias\u201d [&hellip;]<\/p>\n","protected":false},"author":1,"featured_media":4802,"comment_status":"open","ping_status":"open","sticky":false,"template":"","format":"standard","meta":{"_jetpack_newsletter_access":"","_jetpack_dont_email_post_to_subs":false,"_jetpack_newsletter_tier_id":0,"_jetpack_memberships_contains_paywalled_content":false,"_mbp_banners":[],"_jetpack_feature_clip_id":0,"_jetpack_memberships_contains_paid_content":false,"footnotes":"","jetpack_publicize_message":"","jetpack_publicize_feature_enabled":true,"jetpack_social_post_already_shared":true,"jetpack_social_options":{"image_generator_settings":{"template":"highway","default_image_id":0,"font":"","enabled":false},"version":2},"jetpack_post_was_ever_published":false},"categories":[21],"tags":[],"class_list":["post-4801","post","type-post","status-publish","format-standard","has-post-thumbnail","category-sp-news"],"jetpack_publicize_connections":[],"jetpack-related-posts":[],"jetpack_shortlink":"https:\/\/wp.me\/p7Eq1F-1fr","jetpack_sharing_enabled":true,"jetpack_featured_media_url":"https:\/\/i0.wp.com\/guialimeira.com.br\/news\/wp-content\/uploads\/2024\/05\/Governo-de-Sao-Paulo-celebra-dia-do-orgulho-nerd-com.jpg?fit=1440%2C1080&ssl=1","_links":{"self":[{"href":"https:\/\/guialimeira.com.br\/news\/wp-json\/wp\/v2\/posts\/4801","targetHints":{"allow":["GET"]}}],"collection":[{"href":"https:\/\/guialimeira.com.br\/news\/wp-json\/wp\/v2\/posts"}],"about":[{"href":"https:\/\/guialimeira.com.br\/news\/wp-json\/wp\/v2\/types\/post"}],"author":[{"embeddable":true,"href":"https:\/\/guialimeira.com.br\/news\/wp-json\/wp\/v2\/users\/1"}],"replies":[{"embeddable":true,"href":"https:\/\/guialimeira.com.br\/news\/wp-json\/wp\/v2\/comments?post=4801"}],"version-history":[{"count":0,"href":"https:\/\/guialimeira.com.br\/news\/wp-json\/wp\/v2\/posts\/4801\/revisions"}],"wp:featuredmedia":[{"embeddable":true,"href":"https:\/\/guialimeira.com.br\/news\/wp-json\/wp\/v2\/media\/4802"}],"wp:attachment":[{"href":"https:\/\/guialimeira.com.br\/news\/wp-json\/wp\/v2\/media?parent=4801"}],"wp:term":[{"taxonomy":"category","embeddable":true,"href":"https:\/\/guialimeira.com.br\/news\/wp-json\/wp\/v2\/categories?post=4801"},{"taxonomy":"post_tag","embeddable":true,"href":"https:\/\/guialimeira.com.br\/news\/wp-json\/wp\/v2\/tags?post=4801"}],"curies":[{"name":"wp","href":"https:\/\/api.w.org\/{rel}","templated":true}]}}