{"id":4794,"date":"2024-05-13T10:26:07","date_gmt":"2024-05-13T13:26:07","guid":{"rendered":"https:\/\/guialimeira.com.br\/2024\/05\/13\/sp-abre-inscricoes-para-cursos-profissionalizantes-com-prioridade-para-pcds\/"},"modified":"2024-05-13T10:26:07","modified_gmt":"2024-05-13T13:26:07","slug":"sp-abre-inscricoes-para-cursos-profissionalizantes-com-prioridade-para-pcds","status":"publish","type":"post","link":"https:\/\/guialimeira.com.br\/news\/sp-abre-inscricoes-para-cursos-profissionalizantes-com-prioridade-para-pcds\/","title":{"rendered":"SP abre inscri\u00e7\u00f5es para cursos profissionalizantes com prioridade para PcDs"},"content":{"rendered":"<p> <br \/>\n<\/p>\n<div id=\"\">&#13;<br \/>\n                                <!-- Title -->&#13;<br \/>\n                                &#13;<br \/>\n&#13;<br \/>\n                                <!-- Excerpt -->&#13;<\/p>\n<p class=\"excerpt\">Programa vai oferecer 240 vagas para munic\u00edpios de Ara\u00e7atuba, Araraquara, Bauru, Piracicaba, Sorocaba e S\u00e3o Vicente<\/p>\n<p>&#13;<br \/>\n&#13;<br \/>\n                                &#13;\n                            <\/p><\/div>\n<div id=\"\">&#13;<\/p>\n<p>O Governo de S\u00e3o Paulo, por meio da Secretaria de Desenvolvimento Econ\u00f4mico, est\u00e1 com inscri\u00e7\u00f5es abertas para 240 vagas em cursos presenciais e gratuitos do Qualifica SP \u201cNovo Emprego \u2013 Inclus\u00e3o PcD\u201d para os munic\u00edpios de Ara\u00e7atuba, Araraquara, Bauru, Piracicaba, Sorocaba e S\u00e3o Vicente. A a\u00e7\u00e3o \u00e9 destinada a jovens a partir de 16 anos, com prioridade para pessoas com defici\u00eancia (PcDs), que buscam inser\u00e7\u00e3o no mercado de trabalho.<\/p>\n<p>Os cursos s\u00e3o de Operador de Caixa (Ara\u00e7atuba); T\u00e9cnicas de Vendas (Araraquara); Assistente Administrativo (Bauru); Recep\u00e7\u00e3o e Atendimento (S\u00e3o Vicente), Assistente Administrativo (Sorocaba) e Recep\u00e7\u00e3o e Atendimento (Piracicaba). Os munic\u00edpios ter\u00e3o duas turmas de 20 vagas cada.<\/p>\n<p>A escolha dos cursos foi realizada ap\u00f3s an\u00e1lise das demandas de mercado das regi\u00f5es. O objetivo \u00e9 fazer a conex\u00e3o entre aprendizado e empregabilidade, ou seja, oferecer treinamento em segmentos em que h\u00e1 vagas em aberto.<\/p>\n<p>As inscri\u00e7\u00f5es devem ser realizadas pelo site <a href=\"https:\/\/www.qualificasp.sp.gov.br\/home\" target=\"_blank\" rel=\"noopener noreferrer\">www.qualificasp.sp.gov.br<\/a> at\u00e9 o dia 5 de junho. Podem se inscrever candidatos que tenham idade m\u00ednima de 16 anos, alfabetizados e domiciliados na cidade em que o curso ser\u00e1 oferecido.<\/p>\n<p>A convoca\u00e7\u00e3o dos selecionados ocorrer\u00e1 por e-mail. As aulas t\u00eam previs\u00e3o de in\u00edcio para o dia 18 de junho. Para receber o certificado, o aluno deve ter ao menos 75% de presen\u00e7a nas aulas.<\/p>\n<p><strong>Sobre a SDE<\/strong><\/p>\n<p>A Secretaria de Desenvolvimento Econ\u00f4mico (SDE), pasta do Governo do Estado de S\u00e3o Paulo, exerce papel fundamental para a reindustrializa\u00e7\u00e3o e atra\u00e7\u00e3o de investimentos com foco na gera\u00e7\u00e3o de emprego, renda e desenvolvimento regional. Al\u00e9m disso, conta com programas de capacita\u00e7\u00e3o profissional, a\u00e7\u00f5es de fomento ao empreendedorismo, que incluem linhas de microcr\u00e9dito do Banco do Povo. Tem como institui\u00e7\u00f5es vinculadas a InvestSP, a Desenvolve SP e a Junta Comercial do Estado de S\u00e3o Paulo (Jucesp).<\/p>\n<p>Siga o canal \u201cGoverno de S\u00e3o Paulo\u201d no WhatsApp:<br \/><a href=\"https:\/\/bit.ly\/govspnozap\" target=\"_blank\" rel=\"noopener noreferrer\">https:\/\/bit.ly\/govspnozap<\/a><\/p>\n<\/p><\/div>\n<p><br \/>\n<br \/><a href=\"https:\/\/www.saopaulo.sp.gov.br\/spnoticias\/ultimas-noticias\/sp-abre-inscricoes-para-cursos-profissionalizantes-com-prioridade-para-pcds\/\" rel=\"noopener\">Informa\u00e7\u00f5es GOV.SP<\/a><\/p>\n","protected":false},"excerpt":{"rendered":"<p>&#13; &#13; &#13; &#13; &#13; Programa vai oferecer 240 vagas para munic\u00edpios de Ara\u00e7atuba, Araraquara, Bauru, Piracicaba, Sorocaba e S\u00e3o Vicente &#13; &#13; &#13; &#13; O Governo de S\u00e3o Paulo, por meio da Secretaria de Desenvolvimento Econ\u00f4mico, est\u00e1 com inscri\u00e7\u00f5es abertas para 240 vagas em cursos presenciais e gratuitos do Qualifica SP \u201cNovo Emprego \u2013 [&hellip;]<\/p>\n","protected":false},"author":1,"featured_media":238,"comment_status":"open","ping_status":"open","sticky":false,"template":"","format":"standard","meta":{"_jetpack_newsletter_access":"","_jetpack_dont_email_post_to_subs":false,"_jetpack_newsletter_tier_id":0,"_jetpack_memberships_contains_paywalled_content":false,"_mbp_banners":[],"_jetpack_feature_clip_id":0,"_jetpack_memberships_contains_paid_content":false,"footnotes":"","jetpack_publicize_message":"","jetpack_publicize_feature_enabled":true,"jetpack_social_post_already_shared":true,"jetpack_social_options":{"image_generator_settings":{"template":"highway","default_image_id":0,"font":"","enabled":false},"version":2},"jetpack_post_was_ever_published":false},"categories":[21],"tags":[],"class_list":["post-4794","post","type-post","status-publish","format-standard","has-post-thumbnail","category-sp-news"],"jetpack_publicize_connections":[],"jetpack-related-posts":[],"jetpack_shortlink":"https:\/\/wp.me\/p7Eq1F-1fk","jetpack_sharing_enabled":true,"jetpack_featured_media_url":"https:\/\/i0.wp.com\/guialimeira.com.br\/news\/wp-content\/uploads\/2024\/03\/cover.png?fit=650%2C650&ssl=1","_links":{"self":[{"href":"https:\/\/guialimeira.com.br\/news\/wp-json\/wp\/v2\/posts\/4794","targetHints":{"allow":["GET"]}}],"collection":[{"href":"https:\/\/guialimeira.com.br\/news\/wp-json\/wp\/v2\/posts"}],"about":[{"href":"https:\/\/guialimeira.com.br\/news\/wp-json\/wp\/v2\/types\/post"}],"author":[{"embeddable":true,"href":"https:\/\/guialimeira.com.br\/news\/wp-json\/wp\/v2\/users\/1"}],"replies":[{"embeddable":true,"href":"https:\/\/guialimeira.com.br\/news\/wp-json\/wp\/v2\/comments?post=4794"}],"version-history":[{"count":0,"href":"https:\/\/guialimeira.com.br\/news\/wp-json\/wp\/v2\/posts\/4794\/revisions"}],"wp:featuredmedia":[{"embeddable":true,"href":"https:\/\/guialimeira.com.br\/news\/wp-json\/wp\/v2\/media\/238"}],"wp:attachment":[{"href":"https:\/\/guialimeira.com.br\/news\/wp-json\/wp\/v2\/media?parent=4794"}],"wp:term":[{"taxonomy":"category","embeddable":true,"href":"https:\/\/guialimeira.com.br\/news\/wp-json\/wp\/v2\/categories?post=4794"},{"taxonomy":"post_tag","embeddable":true,"href":"https:\/\/guialimeira.com.br\/news\/wp-json\/wp\/v2\/tags?post=4794"}],"curies":[{"name":"wp","href":"https:\/\/api.w.org\/{rel}","templated":true}]}}