{"id":4785,"date":"2024-05-12T20:08:59","date_gmt":"2024-05-12T23:08:59","guid":{"rendered":"https:\/\/guialimeira.com.br\/2024\/05\/12\/athletico-pr-faz-2-a-0-no-palmeiras-e-retoma-lideranca-do-brasileirao\/"},"modified":"2024-05-12T20:08:59","modified_gmt":"2024-05-12T23:08:59","slug":"athletico-pr-faz-2-a-0-no-palmeiras-e-retoma-lideranca-do-brasileirao","status":"publish","type":"post","link":"https:\/\/guialimeira.com.br\/news\/athletico-pr-faz-2-a-0-no-palmeiras-e-retoma-lideranca-do-brasileirao\/","title":{"rendered":"Athletico-PR faz 2 a 0 no Palmeiras e retoma lideran\u00e7a do Brasileir\u00e3o"},"content":{"rendered":"<p> <br \/>\n<\/p>\n<div>\n<p>Em uma demonstra\u00e7\u00e3o de for\u00e7a, o Athletico Paranaense foi at\u00e9 Barueri e derrotou o Palmeiras por 2 a 0, neste domingo (12), em um duelo movimentado. Com o resultado, alcan\u00e7ado com gols de Pablo e Gustavo G\u00f3mez (contra), o Furac\u00e3o retomou a ponta da tabela, que havia perdido de forma provis\u00f3ria para o Flamengo na v\u00e9spera e agora soma 13 pontos. O Bahia ainda pode igualar a pontua\u00e7\u00e3o do time do Paran\u00e1 caso ven\u00e7a o Bragantino. O Palmeiras estaciona nos oito pontos, momentaneamente na oitava posi\u00e7\u00e3o.<img data-recalc-dims=\"1\" decoding=\"async\" src=\"https:\/\/i0.wp.com\/agenciabrasil.ebc.com.br\/ebc.png?w=696&#038;ssl=1\" style=\"width:1px; height:1px; display:inline;\"\/><img data-recalc-dims=\"1\" decoding=\"async\" src=\"https:\/\/i0.wp.com\/agenciabrasil.ebc.com.br\/ebc.gif?w=696&#038;ssl=1\" style=\"width:1px; height:1px; display:inline;\"\/><\/p>\n<blockquote class=\"twitter-tweet\">\n<p dir=\"ltr\" lang=\"pt\" xml:lang=\"pt\">Uma BAITA atua\u00e7\u00e3o do <a href=\"https:\/\/twitter.com\/AthleticoPR?ref_src=twsrc%5Etfw\" rel=\"noopener\">@AthleticoPR<\/a>!<\/p>\n<p>\ud83d\udcf8 Eduardo Carmim\/Photo Premium\/Gazeta Press <a href=\"https:\/\/t.co\/QmiKo6RcQz\">pic.twitter.com\/QmiKo6RcQz<\/a><\/p>\n<p>\u2014 Brasileir\u00e3o Betano (@Brasileirao) <a href=\"https:\/\/twitter.com\/Brasileirao\/status\/1789759750684439015?ref_src=twsrc%5Etfw\" rel=\"noopener\">May 12, 2024<\/a><\/p><\/blockquote>\n<p>As principais emo\u00e7\u00f5es do duelo come\u00e7aram no fim da primeira etapa. Aos 49 minutos, o Verd\u00e3o teve p\u00eanalti marcado a seu favor. Na cobran\u00e7a, Raphael Veiga parou no goleiro Bento. Pouco depois, aos 53, Pablo cobrou falta pela esquerda, a bola desviou na barreira &#8211; justamente em Veiga &#8211; e traiu o goleiro Weverton, que n\u00e3o conseguiu evitar o gol do Athletico.<\/p>\n<p>Na segunda etapa, aos 13 minutos, Gustavo G\u00f3mez acabou desviando para o pr\u00f3prio gol e marcando contra ap\u00f3s boa jogada de Cuello. 2 a 0 para o Furac\u00e3o. Pouco depois, o Athletico ficou com dez homens em campo, j\u00e1 que Esquivel foi expulso pelo segundo cart\u00e3o amarelo.<\/p>\n<p>Na sequ\u00eancia, o VAR anulou dois lances importantes: primeiro o que seria o terceiro gol dos visitantes, marcado por Canobbio e depois a expuls\u00e3o de Raphael Veiga, em jogada que o cart\u00e3o vermelho inicial foi substitu\u00eddo pelo amarelo.<\/p>\n<p>Em superioridade num\u00e9rica em campo, o Palmeiras ainda fez press\u00e3o para tentar entrar no jogo novamente, mas sem sucesso.<\/p>\n<p>Ambas as equipes t\u00eam compromissos por competi\u00e7\u00f5es sul-americanas na quarta-feira (15). Pela Libertadores, o Palmeiras recebe o Independiente del Valle, do Equador, enquanto o Athletico joga pela Copa Sul-Americana, tamb\u00e9m em casa, diante do Danubio, do Uruguai.<\/p>\n<blockquote class=\"twitter-tweet\">\n<p dir=\"ltr\" lang=\"pt\" xml:lang=\"pt\">\ud83d\udd58Fim de jogo e VENCE O CRUZEIROOOO!<br \/>\u26bd Matheus Pereira fez o nosso gol.<br \/>Marca a\u00ed + 3 pontos no Brasileir\u00e3o!<\/p>\n<p>\ud83d\udd37 <a href=\"https:\/\/twitter.com\/hashtag\/ACGxCRU?src=hash&amp;ref_src=twsrc%5Etfw\" rel=\"noopener\">#ACGxCRU<\/a> | 0-1 | \ud83d\udd37 <a href=\"https:\/\/twitter.com\/hashtag\/SouCruzeiroTradi%C3%A7%C3%A3o?src=hash&amp;ref_src=twsrc%5Etfw\" rel=\"noopener\">#SouCruzeiroTradi\u00e7\u00e3o<\/a> <a href=\"https:\/\/t.co\/DjEknOPakb\">pic.twitter.com\/DjEknOPakb<\/a><\/p>\n<p>\u2014 Cruzeiro \ud83e\udd8a (@Cruzeiro) <a href=\"https:\/\/twitter.com\/Cruzeiro\/status\/1789762592853909966?ref_src=twsrc%5Etfw\" rel=\"noopener\">May 12, 2024<\/a><\/p><\/blockquote>\n<h2>Cruzeiro derrota o Atl\u00e9tico-GO e sobe cinco posi\u00e7\u00f5es<\/h2>\n<p>Outra equipe a conseguir um bom resultado fora de casa foi o Cruzeiro. A equipe visitou o Atl\u00e9tico-GO, no est\u00e1dio Ant\u00f4nio Accioly, e voltou com a vit\u00f3ria por 1 a 0. O gol do triunfo foi marcado por Matheus Pereira, aos 35 minutos do segundo tempo. Ele recebeu pr\u00f3ximo \u00e0 entrada da \u00e1rea, pelo lado direito, ajeitou com a perna esquerda e chutou com estilo para bater o goleiro Ronaldo. A Raposa agora soma 10 pontos em cinco partidas &#8211; tem uma menos porque o compromisso com o Internacional, pela 5\u00aa rodada, foi adiado. No momento, o time mineiro \u00e9 o quinto colocado na classifica\u00e7\u00e3o. J\u00e1 o Drag\u00e3o tem apenas um ponto, na 19\u00aa posi\u00e7\u00e3o.<\/p>\n<blockquote class=\"twitter-tweet\">\n<p dir=\"ltr\" lang=\"pt\" xml:lang=\"pt\">Fim de jogo na Arena Castel\u00e3o. O Fortaleza empata com o Botafogo e soma mais um ponto na tabela.<\/p>\n<p>\u26bd Pochettino<a href=\"https:\/\/twitter.com\/hashtag\/FortalezaEC?src=hash&amp;ref_src=twsrc%5Etfw\" rel=\"noopener\">#FortalezaEC<\/a> <a href=\"https:\/\/twitter.com\/hashtag\/Brasileir%C3%A3o?src=hash&amp;ref_src=twsrc%5Etfw\" rel=\"noopener\">#Brasileir\u00e3o<\/a> <a href=\"https:\/\/t.co\/O8tjpnzAL2\">pic.twitter.com\/O8tjpnzAL2<\/a><\/p>\n<p>\u2014 Fortaleza Esporte Clube \ud83e\udd81 (@FortalezaEC) <a href=\"https:\/\/twitter.com\/FortalezaEC\/status\/1789762875214479494?ref_src=twsrc%5Etfw\" rel=\"noopener\">May 12, 2024<\/a><\/p><\/blockquote>\n<p>No outro jogo da tarde de domingo pelo Brasileir\u00e3o, Fortaleza e Botafogo ficaram no empate por 1 a 1, no Castel\u00e3o, em Fortaleza. Ambos os gols foram marcados na primeira etapa. Aos 9, Pochettino recebeu pela direita e fuzilou o goleiro John, abrindo o placar para a equipe da casa. Aos 40, ap\u00f3s cobran\u00e7a de escanteio pela direita, Danilo Barbosa subiu mais alto e completou de cabe\u00e7a para igualar para o Botafogo. O ponto somado no Cear\u00e1 levou o Alvinegro provisoriamente \u00e0 terceira posi\u00e7\u00e3o, com 11 pontos, enquanto o Tricolor cearense soma sete, momentaneamente em 11\u00ba lugar.<\/p>\n<\/p><\/div>\n<p><script async src=\"\/\/platform.twitter.com\/widgets.js\" charset=\"utf-8\"><\/script><br \/>\n<br \/><br \/>\n<br \/><a href=\"https:\/\/agenciabrasil.ebc.com.br\/esportes\/noticia\/2024-05\/athletico-pr-faz-2-0-no-palmeiras-e-retoma-lideranca-do-brasileirao\" rel=\"noopener\">Ag\u00eancia Brasil<\/a><\/p>\n","protected":false},"excerpt":{"rendered":"<p>Em uma demonstra\u00e7\u00e3o de for\u00e7a, o Athletico Paranaense foi at\u00e9 Barueri e derrotou o Palmeiras por 2 a 0, neste domingo (12), em um duelo movimentado. Com o resultado, alcan\u00e7ado com gols de Pablo e Gustavo G\u00f3mez (contra), o Furac\u00e3o retomou a ponta da tabela, que havia perdido de forma provis\u00f3ria para o Flamengo na [&hellip;]<\/p>\n","protected":false},"author":1,"featured_media":269,"comment_status":"open","ping_status":"open","sticky":false,"template":"","format":"standard","meta":{"_jetpack_newsletter_access":"","_jetpack_dont_email_post_to_subs":false,"_jetpack_newsletter_tier_id":0,"_jetpack_memberships_contains_paywalled_content":false,"_mbp_banners":[],"_jetpack_feature_clip_id":0,"_jetpack_memberships_contains_paid_content":false,"footnotes":"","jetpack_publicize_message":"","jetpack_publicize_feature_enabled":true,"jetpack_social_post_already_shared":true,"jetpack_social_options":{"image_generator_settings":{"template":"highway","default_image_id":0,"font":"","enabled":false},"version":2},"jetpack_post_was_ever_published":false},"categories":[23],"tags":[],"class_list":["post-4785","post","type-post","status-publish","format-standard","has-post-thumbnail","category-esportes"],"jetpack_publicize_connections":[],"jetpack-related-posts":[],"jetpack_shortlink":"https:\/\/wp.me\/p7Eq1F-1fb","jetpack_sharing_enabled":true,"jetpack_featured_media_url":"https:\/\/i0.wp.com\/guialimeira.com.br\/news\/wp-content\/uploads\/2024\/03\/thumb_1200x600_agbrasil.png?fit=1200%2C600&ssl=1","_links":{"self":[{"href":"https:\/\/guialimeira.com.br\/news\/wp-json\/wp\/v2\/posts\/4785","targetHints":{"allow":["GET"]}}],"collection":[{"href":"https:\/\/guialimeira.com.br\/news\/wp-json\/wp\/v2\/posts"}],"about":[{"href":"https:\/\/guialimeira.com.br\/news\/wp-json\/wp\/v2\/types\/post"}],"author":[{"embeddable":true,"href":"https:\/\/guialimeira.com.br\/news\/wp-json\/wp\/v2\/users\/1"}],"replies":[{"embeddable":true,"href":"https:\/\/guialimeira.com.br\/news\/wp-json\/wp\/v2\/comments?post=4785"}],"version-history":[{"count":0,"href":"https:\/\/guialimeira.com.br\/news\/wp-json\/wp\/v2\/posts\/4785\/revisions"}],"wp:featuredmedia":[{"embeddable":true,"href":"https:\/\/guialimeira.com.br\/news\/wp-json\/wp\/v2\/media\/269"}],"wp:attachment":[{"href":"https:\/\/guialimeira.com.br\/news\/wp-json\/wp\/v2\/media?parent=4785"}],"wp:term":[{"taxonomy":"category","embeddable":true,"href":"https:\/\/guialimeira.com.br\/news\/wp-json\/wp\/v2\/categories?post=4785"},{"taxonomy":"post_tag","embeddable":true,"href":"https:\/\/guialimeira.com.br\/news\/wp-json\/wp\/v2\/tags?post=4785"}],"curies":[{"name":"wp","href":"https:\/\/api.w.org\/{rel}","templated":true}]}}