{"id":477,"date":"2024-03-30T02:02:49","date_gmt":"2024-03-30T05:02:49","guid":{"rendered":"https:\/\/guialimeira.com.br\/2024\/03\/30\/escola-municipal-inibe-roubo-mas-e-alvo-de-vandalismo-no-dia-seguinte-portal-do-municipio-de-piracicaba\/"},"modified":"2024-03-30T02:02:49","modified_gmt":"2024-03-30T05:02:49","slug":"escola-municipal-inibe-roubo-mas-e-alvo-de-vandalismo-no-dia-seguinte-portal-do-municipio-de-piracicaba","status":"publish","type":"post","link":"https:\/\/guialimeira.com.br\/news\/escola-municipal-inibe-roubo-mas-e-alvo-de-vandalismo-no-dia-seguinte-portal-do-municipio-de-piracicaba\/","title":{"rendered":"Escola Municipal inibe roubo, mas \u00e9 alvo de vandalismo no dia seguinte \u2013 Portal do Munic\u00edpio de Piracicaba"},"content":{"rendered":"<p> <br \/>\n<\/p>\n<div>\n<p><em>Vigia da unidade e a GCM impediram a a\u00e7\u00e3o; o policiamento na regi\u00e3o foi refor\u00e7ado ap\u00f3s os epis\u00f3dios<\/em><\/p>\n<p>A Escola Municipal Prof.\u00aa Beatriz Aparecida Defante, localizada no bairro Vila S\u00f4nia, enfrentou uma tentativa de roubo e ato de vandalismo na noite de ontem, 22\/02. Quatro indiv\u00edduos, portando mochilas e pedras, invadiram o espa\u00e7o p\u00fablico, resultando na quebra de quatro vidros em uma das salas destinada ao ber\u00e7\u00e1rio. A a\u00e7\u00e3o do vigia noturno, que iluminou o local, e a presen\u00e7a da Guarda Civil Municipal, que foi chamada, resultou na fuga do grupo.<\/p>\n<p>A escola j\u00e1 havia sido alvo de uma tentativa de roubo na noite anterior, 21\/02, quando um grupo de seis pessoas adentrou o pr\u00e9dio munidos de enxadas e pedras. Na ocasi\u00e3o, apesar da invas\u00e3o, n\u00e3o houve depreda\u00e7\u00e3o significativa.<\/p>\n<figure class=\"wp-block-image size-large\"><img data-recalc-dims=\"1\" data-attachment-id=\"73349\" data-permalink=\"https:\/\/guialimeira.com.br\/news\/projeto-busca-restaurar-600-mil-hectares-de-vegetacao-nativa-no-brasil\/dji_0255_0-jpg\/\" data-orig-file=\"https:\/\/i0.wp.com\/guialimeira.com.br\/news\/wp-content\/uploads\/2026\/07\/dji_0255_0.jpg?fit=1600%2C800&amp;ssl=1\" data-orig-size=\"1600,800\" data-comments-opened=\"0\" data-image-meta=\"{&quot;aperture&quot;:&quot;0&quot;,&quot;credit&quot;:&quot;&quot;,&quot;camera&quot;:&quot;&quot;,&quot;caption&quot;:&quot;&quot;,&quot;created_timestamp&quot;:&quot;0&quot;,&quot;copyright&quot;:&quot;&quot;,&quot;focal_length&quot;:&quot;0&quot;,&quot;iso&quot;:&quot;0&quot;,&quot;shutter_speed&quot;:&quot;0&quot;,&quot;title&quot;:&quot;&quot;,&quot;orientation&quot;:&quot;0&quot;,&quot;alt&quot;:&quot;&quot;}\" data-image-title=\"dji_0255_0.jpg\" data-image-description=\"\" data-image-caption=\"\" data-large-file=\"https:\/\/i0.wp.com\/guialimeira.com.br\/news\/wp-content\/uploads\/2026\/07\/dji_0255_0.jpg?fit=696%2C348&amp;ssl=1\" fetchpriority=\"high\" decoding=\"async\" width=\"696\" height=\"934\" src=\"https:\/\/i0.wp.com\/piracicaba.sp.gov.br\/wp-content\/uploads\/2024\/02\/A-Escola-Municipal-Prof.a-Beatriz-Aparecida-Defante-localizada-no-bairro-Vila-Sonia-enfrentou-duas-tentativas-de-roubo-e-atos-de-vandalismo-763x1024.jpg?resize=696%2C934&#038;ssl=1\" alt=\"\" class=\"wp-image-73349\" srcset=\"https:\/\/piracicaba.sp.gov.br\/wp-content\/uploads\/2024\/02\/A-Escola-Municipal-Prof.a-Beatriz-Aparecida-Defante-localizada-no-bairro-Vila-Sonia-enfrentou-duas-tentativas-de-roubo-e-atos-de-vandalismo-763x1024.jpg 763w, https:\/\/piracicaba.sp.gov.br\/wp-content\/uploads\/2024\/02\/A-Escola-Municipal-Prof.a-Beatriz-Aparecida-Defante-localizada-no-bairro-Vila-Sonia-enfrentou-duas-tentativas-de-roubo-e-atos-de-vandalismo-224x300.jpg 224w, https:\/\/piracicaba.sp.gov.br\/wp-content\/uploads\/2024\/02\/A-Escola-Municipal-Prof.a-Beatriz-Aparecida-Defante-localizada-no-bairro-Vila-Sonia-enfrentou-duas-tentativas-de-roubo-e-atos-de-vandalismo-768x1030.jpg 768w, https:\/\/piracicaba.sp.gov.br\/wp-content\/uploads\/2024\/02\/A-Escola-Municipal-Prof.a-Beatriz-Aparecida-Defante-localizada-no-bairro-Vila-Sonia-enfrentou-duas-tentativas-de-roubo-e-atos-de-vandalismo.jpg 1080w\" sizes=\"(max-width: 763px) 100vw, 763px\"\/><figcaption class=\"wp-element-caption\">A Escola Municipal Prof.\u00aa Beatriz Aparecida Defante, localizada no bairro Vila S\u00f4nia, enfrentou duas tentativas de roubo e atos de vandalismo<\/figcaption><\/figure>\n<p>A diretora da escola, Talita Bessi, registrou um boletim de ocorr\u00eancia online em decorr\u00eancia dos incidentes. Apesar dos danos, as aulas n\u00e3o foram suspensas no dia de hoje, 23\/02. \u201cO problema \u00e9 a sensa\u00e7\u00e3o de inseguran\u00e7a que permanece enquanto desempenhamos nossas fun\u00e7\u00f5es. Estamos tomando todas as medidas necess\u00e1rias para assegurar a integridade de nossos alunos e colaboradores, e continuaremos colaborando com as autoridades para evitar que a\u00e7\u00f5es como essas voltem a amea\u00e7ar o ambiente educacional.\u201d<\/p>\n<p>Diante dos eventos, o secret\u00e1rio de Educa\u00e7\u00e3o, Bruno Roza, visitou a escola hoje, 23\/02, acompanhado pela Guarda Civil Municipal. Esta \u00faltima, em resposta aos incidentes, refor\u00e7ou o policiamento na regi\u00e3o.<\/p>\n<p>Bruno Roza destacou a import\u00e2ncia da atua\u00e7\u00e3o coordenada entre a rede de prote\u00e7\u00e3o, ressaltando: \u201c\u00c9 fundamental manter a seguran\u00e7a e tranquilidade da comunidade, evidenciando a import\u00e2ncia de investir em recursos e estrat\u00e9gias que fortale\u00e7am a prontid\u00e3o e efic\u00e1cia das for\u00e7as de seguran\u00e7a locais. \u00c9 importante que a pr\u00f3pria comunidade esteja unida e acione a GCM quando perceber alguma a\u00e7\u00e3o estranha.\u201d<\/p>\n<figure class=\"wp-block-image size-large\"><img data-recalc-dims=\"1\" loading=\"lazy\" decoding=\"async\" width=\"696\" height=\"895\" src=\"https:\/\/i0.wp.com\/piracicaba.sp.gov.br\/wp-content\/uploads\/2024\/02\/Diante-dos-eventos-o-secretario-de-Educacao-Bruno-Roza-visitou-a-escola-acompanhado-pela-Guarda-Civil-Municipal-2-796x1024.jpg?resize=696%2C895&#038;ssl=1\" alt=\"\" class=\"wp-image-73350\" srcset=\"https:\/\/piracicaba.sp.gov.br\/wp-content\/uploads\/2024\/02\/Diante-dos-eventos-o-secretario-de-Educacao-Bruno-Roza-visitou-a-escola-acompanhado-pela-Guarda-Civil-Municipal-2-796x1024.jpg 796w, https:\/\/piracicaba.sp.gov.br\/wp-content\/uploads\/2024\/02\/Diante-dos-eventos-o-secretario-de-Educacao-Bruno-Roza-visitou-a-escola-acompanhado-pela-Guarda-Civil-Municipal-2-233x300.jpg 233w, https:\/\/piracicaba.sp.gov.br\/wp-content\/uploads\/2024\/02\/Diante-dos-eventos-o-secretario-de-Educacao-Bruno-Roza-visitou-a-escola-acompanhado-pela-Guarda-Civil-Municipal-2-768x988.jpg 768w, https:\/\/piracicaba.sp.gov.br\/wp-content\/uploads\/2024\/02\/Diante-dos-eventos-o-secretario-de-Educacao-Bruno-Roza-visitou-a-escola-acompanhado-pela-Guarda-Civil-Municipal-2.jpg 1080w\" sizes=\"auto, (max-width: 796px) 100vw, 796px\"\/><figcaption class=\"wp-element-caption\">Diante dos eventos, o secret\u00e1rio de Educa\u00e7\u00e3o, Bruno Roza, visitou a escola acompanhado pela Guarda Civil Municipal<\/figcaption><\/figure>\n<\/div>\n<p><br \/>\n<br \/><a href=\"https:\/\/piracicaba.sp.gov.br\/noticias\/escola-municipal-inibe-roubo-mas-e-alvo-de-vandalismo-no-dia-seguinte\/\" rel=\"noopener\">Informa\u00e7\u00f5es PMP <\/a><\/p>\n","protected":false},"excerpt":{"rendered":"<p>Vigia da unidade e a GCM impediram a a\u00e7\u00e3o; o policiamento na regi\u00e3o foi refor\u00e7ado ap\u00f3s os epis\u00f3dios A Escola Municipal Prof.\u00aa Beatriz Aparecida Defante, localizada no bairro Vila S\u00f4nia, enfrentou uma tentativa de roubo e ato de vandalismo na noite de ontem, 22\/02. Quatro indiv\u00edduos, portando mochilas e pedras, invadiram o espa\u00e7o p\u00fablico, resultando [&hellip;]<\/p>\n","protected":false},"author":1,"featured_media":478,"comment_status":"open","ping_status":"open","sticky":false,"template":"","format":"standard","meta":{"_jetpack_newsletter_access":"","_jetpack_dont_email_post_to_subs":false,"_jetpack_newsletter_tier_id":0,"_jetpack_memberships_contains_paywalled_content":false,"_mbp_banners":[],"_jetpack_feature_clip_id":0,"_jetpack_memberships_contains_paid_content":false,"footnotes":"","jetpack_publicize_message":"","jetpack_publicize_feature_enabled":true,"jetpack_social_post_already_shared":true,"jetpack_social_options":{"image_generator_settings":{"template":"highway","default_image_id":0,"font":"","enabled":false},"version":2},"jetpack_post_was_ever_published":false},"categories":[20],"tags":[],"class_list":["post-477","post","type-post","status-publish","format-standard","has-post-thumbnail","category-regiao"],"jetpack_publicize_connections":[],"jetpack-related-posts":[],"jetpack_shortlink":"https:\/\/wp.me\/p7Eq1F-7H","jetpack_sharing_enabled":true,"jetpack_featured_media_url":"https:\/\/i0.wp.com\/guialimeira.com.br\/news\/wp-content\/uploads\/2024\/03\/A-Escola-Municipal-Prof.a-Beatriz-Aparecida-Defante-localizada-no-bairro-Vila-Sonia-enfrentou-duas-tentativas-de-roubo-e-atos-de-vandalismo-763x1024.jpg?fit=763%2C1024&ssl=1","_links":{"self":[{"href":"https:\/\/guialimeira.com.br\/news\/wp-json\/wp\/v2\/posts\/477","targetHints":{"allow":["GET"]}}],"collection":[{"href":"https:\/\/guialimeira.com.br\/news\/wp-json\/wp\/v2\/posts"}],"about":[{"href":"https:\/\/guialimeira.com.br\/news\/wp-json\/wp\/v2\/types\/post"}],"author":[{"embeddable":true,"href":"https:\/\/guialimeira.com.br\/news\/wp-json\/wp\/v2\/users\/1"}],"replies":[{"embeddable":true,"href":"https:\/\/guialimeira.com.br\/news\/wp-json\/wp\/v2\/comments?post=477"}],"version-history":[{"count":0,"href":"https:\/\/guialimeira.com.br\/news\/wp-json\/wp\/v2\/posts\/477\/revisions"}],"wp:featuredmedia":[{"embeddable":true,"href":"https:\/\/guialimeira.com.br\/news\/wp-json\/wp\/v2\/media\/478"}],"wp:attachment":[{"href":"https:\/\/guialimeira.com.br\/news\/wp-json\/wp\/v2\/media?parent=477"}],"wp:term":[{"taxonomy":"category","embeddable":true,"href":"https:\/\/guialimeira.com.br\/news\/wp-json\/wp\/v2\/categories?post=477"},{"taxonomy":"post_tag","embeddable":true,"href":"https:\/\/guialimeira.com.br\/news\/wp-json\/wp\/v2\/tags?post=477"}],"curies":[{"name":"wp","href":"https:\/\/api.w.org\/{rel}","templated":true}]}}