{"id":4764,"date":"2024-05-12T15:05:54","date_gmt":"2024-05-12T18:05:54","guid":{"rendered":"https:\/\/guialimeira.com.br\/2024\/05\/12\/fatec-de-jau-mostra-como-melhorar-producao-agricola-resgatando-a-vegetacao\/"},"modified":"2024-05-12T15:05:54","modified_gmt":"2024-05-12T18:05:54","slug":"fatec-de-jau-mostra-como-melhorar-producao-agricola-resgatando-a-vegetacao","status":"publish","type":"post","link":"https:\/\/guialimeira.com.br\/news\/fatec-de-jau-mostra-como-melhorar-producao-agricola-resgatando-a-vegetacao\/","title":{"rendered":"Fatec de Ja\u00fa mostra como melhorar produ\u00e7\u00e3o agr\u00edcola resgatando a vegeta\u00e7\u00e3o"},"content":{"rendered":"<p> <br \/>\n<\/p>\n<div id=\"\">&#13;<br \/>\n                                <!-- Title -->&#13;<br \/>\n                                &#13;<br \/>\n&#13;<br \/>\n                                <!-- Excerpt -->&#13;<\/p>\n<p class=\"excerpt\">Pesquisa comprova que \u00e1reas rurais abandonadas ou degradadas podem se transformar em terras produtivas<\/p>\n<p>&#13;<br \/>\n&#13;<br \/>\n                                &#13;\n                            <\/p><\/div>\n<div id=\"\">&#13;<\/p>\n<figure id=\"attachment_5880041\" style=\"width: 100%;max-width: 1200px\" class=\"wp-caption alignnone\"><img data-recalc-dims=\"1\" decoding=\"async\" loading=\"lazy\" class=\"size-full wp-image-5880041\" src=\"https:\/\/i0.wp.com\/www.saopaulo.sp.gov.br\/wp-content\/uploads\/2024\/05\/WhatsApp-Image-2024-05-07-at-15.23.34.jpeg?resize=696%2C464&#038;ssl=1\" alt=\"\" width=\"696\" height=\"464\" srcset=\"https:\/\/www.saopaulo.sp.gov.br\/wp-content\/uploads\/2024\/05\/WhatsApp-Image-2024-05-07-at-15.23.34.jpeg 1200w, https:\/\/www.saopaulo.sp.gov.br\/wp-content\/uploads\/2024\/05\/WhatsApp-Image-2024-05-07-at-15.23.34-300x200.jpeg 300w, https:\/\/www.saopaulo.sp.gov.br\/wp-content\/uploads\/2024\/05\/WhatsApp-Image-2024-05-07-at-15.23.34-1024x683.jpeg 1024w, https:\/\/www.saopaulo.sp.gov.br\/wp-content\/uploads\/2024\/05\/WhatsApp-Image-2024-05-07-at-15.23.34-768x512.jpeg 768w\" sizes=\"auto, (max-width: 1200px) 100vw, 1200px\"\/><figcaption class=\"wp-caption-text\">Acompanhado de estudantes da Fatec Jahu, Jozrael Rezende avalia esp\u00e9cies eleitas para as florestas funcionais<\/figcaption><\/figure>\n<p>Quem vai \u00e0 Faculdade de Tecnologia do Estado (Fatec) Jahu \u2013 Octavio Celso Pacheco de Almeida Prado, de Ja\u00fa, encontra um belo arboreto com 72 \u00e1rvores de 12 esp\u00e9cies \u2013 um laborat\u00f3rio a c\u00e9u aberto. Mesclando esp\u00e9cies madeireiras e n\u00e3o madeireiras, frequentemente medidas e avaliadas, a instala\u00e7\u00e3o do local teve in\u00edcio com a pesquisa \u201cFlorestas Multifuncionais e Integradas para a Sustentabilidade da Paisagem Rural no Estado de S\u00e3o Paulo\u201d<em>.\u00a0<\/em>Trata-se da segunda fase de um trabalho iniciado em 2018 pelo engenheiro Jozrael Henriques Rezende, docente da unidade.<\/p>\n<p>A premissa sempre presente era de que as florestas n\u00e3o precisam ser intocadas para conservar a sua diversidade. \u201c\u00c9 poss\u00edvel explor\u00e1-las de forma sustent\u00e1vel\u201d, avisa o professor, resumindo a ideia. Na regi\u00e3o, predominantemente canavieira, o n\u00edvel de desmatamento \u00e9 alto, a \u00e1rea de vegeta\u00e7\u00e3o nativa remanescente \u00e9 pequena e est\u00e1 em muitos pontos degradada. H\u00e1 ainda terrenos em declive, abandonados depois da mecaniza\u00e7\u00e3o da colheita de cana-de-a\u00e7\u00facar, por exemplo. \u201cN\u00e3o queremos trabalhar as \u00e1reas onde h\u00e1 planta\u00e7\u00f5es ou pastagem de boa qualidade, mas sim as localidades pouco importantes para o produtor do ponto de vista econ\u00f4mico\u201d, diz Rezende.<\/p>\n<p><strong>Potencial econ\u00f4mico<\/strong><\/p>\n<p>Na primeira fase da pesquisa, intitulada \u201cSustentabilidade no Ec\u00f3tono do Centro-Oeste Paulista\u201d, foi realizado o diagn\u00f3stico da regi\u00e3o, lembrando que ec\u00f3tono \u00e9 \u00e1rea fronteiri\u00e7a entre dois biomas \u2013 no caso, as terras onde a Mata Atl\u00e2ntica come\u00e7a a se transmutar no que ser\u00e1, mais adiante, o cerrado.<\/p>\n<p>Enquanto o estado de S\u00e3o Paulo tem cerca de 14% de remanescentes florestais, em Ja\u00fa esse \u00edndice n\u00e3o passa de 6%. A fim de entender qual a extens\u00e3o das \u00e1reas onde implementar as florestas multifuncionais, Rezende realizou estudos de caso nos munic\u00edpios de Brotas e Ja\u00fa. No primeiro, identificou 12 mil hectares; no segundo, 7 mil hectares.<\/p>\n<p>O trabalho focou na grande quantidade de esp\u00e9cies nativas de potencial econ\u00f4mico, tanto as de produto madeireiro quanto as de produto n\u00e3o madeireiro como frutos, resinas e castanhas \u2013 \u00e1rvores que pudessem gerar renda de forma sustent\u00e1vel e contribuir com o meio ambiente e sua diversidade. No arboreto destacam-se o baruzeiro, produtor da castanha baru, que, segundo Rezende, pode conquistar o mercado internacional, al\u00e9m da palmeira maca\u00faba, capaz de gerar uma boa quantidade de \u00f3leo para atrair, entre outros mercados, a ind\u00fastria cosm\u00e9tica e a da avia\u00e7\u00e3o.<\/p>\n<p><strong>C\u00edrculo virtuoso<\/strong><\/p>\n<p>Entre os estudantes, a pesquisa tamb\u00e9m vem rendendo frutos: \u00e9 acompanhada pelos alunos da gradua\u00e7\u00e3o da Fatec, estudantes com bolsa de monitoria de inicia\u00e7\u00e3o cient\u00edfica do Centro Paula Souza (CPS), bem como bolsistas do Conselho Nacional de Desenvolvimento Cient\u00edfico e Tecnol\u00f3gico (CNPQ). H\u00e1 ainda os est\u00e1gios supervisionados. Artigos, trabalhos de gradua\u00e7\u00e3o e de inicia\u00e7\u00e3o tecnol\u00f3gica, al\u00e9m de participa\u00e7\u00e3o em eventos cient\u00edficos s\u00e3o algumas das contribui\u00e7\u00f5es acad\u00eamicas do estudo.<\/p>\n<p>\u201cAo plantar uma esp\u00e9cie para ser cortada, voc\u00ea poupa uma \u00e1rvore nos demais centros florestais, porque sempre estamos plantando e cortando\u201d, explica o professor. \u201cCom as florestas multifuncionais, \u00e9 poss\u00edvel escapar do c\u00edrculo vicioso de queimadas e do desmatamento para criar um c\u00edrculo virtuoso de plantio e gera\u00e7\u00e3o de renda a partir do aproveitamento sustent\u00e1vel das esp\u00e9cies nativas.\u201d<\/p>\n<p>Siga o canal \u201cGoverno de S\u00e3o Paulo\u201d no WhatsApp:<br \/><a href=\"https:\/\/bit.ly\/govspnozap\" target=\"_blank\" rel=\"noopener noreferrer\">https:\/\/bit.ly\/govspnozap<\/a><\/p>\n<\/p><\/div>\n<p><br \/>\n<br \/><a href=\"https:\/\/www.saopaulo.sp.gov.br\/spnoticias\/ultimas-noticias\/fatec-de-jau-mostra-como-melhorar-producao-agricola-resgatando-a-vegetacao\/\" rel=\"noopener\">Informa\u00e7\u00f5es GOV.SP<\/a><\/p>\n","protected":false},"excerpt":{"rendered":"<p>&#13; &#13; &#13; &#13; &#13; Pesquisa comprova que \u00e1reas rurais abandonadas ou degradadas podem se transformar em terras produtivas &#13; &#13; &#13; &#13; Acompanhado de estudantes da Fatec Jahu, Jozrael Rezende avalia esp\u00e9cies eleitas para as florestas funcionais Quem vai \u00e0 Faculdade de Tecnologia do Estado (Fatec) Jahu \u2013 Octavio Celso Pacheco de Almeida Prado, [&hellip;]<\/p>\n","protected":false},"author":1,"featured_media":4765,"comment_status":"open","ping_status":"open","sticky":false,"template":"","format":"standard","meta":{"_jetpack_newsletter_access":"","_jetpack_dont_email_post_to_subs":false,"_jetpack_newsletter_tier_id":0,"_jetpack_memberships_contains_paywalled_content":false,"_mbp_banners":[],"_jetpack_feature_clip_id":0,"_jetpack_memberships_contains_paid_content":false,"footnotes":"","jetpack_publicize_message":"","jetpack_publicize_feature_enabled":true,"jetpack_social_post_already_shared":true,"jetpack_social_options":{"image_generator_settings":{"template":"highway","default_image_id":0,"font":"","enabled":false},"version":2},"jetpack_post_was_ever_published":false},"categories":[21],"tags":[],"class_list":["post-4764","post","type-post","status-publish","format-standard","has-post-thumbnail","category-sp-news"],"jetpack_publicize_connections":[],"jetpack-related-posts":[],"jetpack_shortlink":"https:\/\/wp.me\/p7Eq1F-1eQ","jetpack_sharing_enabled":true,"jetpack_featured_media_url":"https:\/\/i0.wp.com\/guialimeira.com.br\/news\/wp-content\/uploads\/2024\/05\/Fatec-de-Jau-mostra-como-melhorar-producao-agricola-resgatando-a.jpeg?fit=1200%2C800&ssl=1","_links":{"self":[{"href":"https:\/\/guialimeira.com.br\/news\/wp-json\/wp\/v2\/posts\/4764","targetHints":{"allow":["GET"]}}],"collection":[{"href":"https:\/\/guialimeira.com.br\/news\/wp-json\/wp\/v2\/posts"}],"about":[{"href":"https:\/\/guialimeira.com.br\/news\/wp-json\/wp\/v2\/types\/post"}],"author":[{"embeddable":true,"href":"https:\/\/guialimeira.com.br\/news\/wp-json\/wp\/v2\/users\/1"}],"replies":[{"embeddable":true,"href":"https:\/\/guialimeira.com.br\/news\/wp-json\/wp\/v2\/comments?post=4764"}],"version-history":[{"count":0,"href":"https:\/\/guialimeira.com.br\/news\/wp-json\/wp\/v2\/posts\/4764\/revisions"}],"wp:featuredmedia":[{"embeddable":true,"href":"https:\/\/guialimeira.com.br\/news\/wp-json\/wp\/v2\/media\/4765"}],"wp:attachment":[{"href":"https:\/\/guialimeira.com.br\/news\/wp-json\/wp\/v2\/media?parent=4764"}],"wp:term":[{"taxonomy":"category","embeddable":true,"href":"https:\/\/guialimeira.com.br\/news\/wp-json\/wp\/v2\/categories?post=4764"},{"taxonomy":"post_tag","embeddable":true,"href":"https:\/\/guialimeira.com.br\/news\/wp-json\/wp\/v2\/tags?post=4764"}],"curies":[{"name":"wp","href":"https:\/\/api.w.org\/{rel}","templated":true}]}}