{"id":4750,"date":"2024-05-12T13:01:00","date_gmt":"2024-05-12T16:01:00","guid":{"rendered":"https:\/\/guialimeira.com.br\/2024\/05\/12\/entenda-a-relacao-entre-pleno-emprego-inflacao-e-juros-do-bc\/"},"modified":"2024-05-12T13:01:00","modified_gmt":"2024-05-12T16:01:00","slug":"entenda-a-relacao-entre-pleno-emprego-inflacao-e-juros-do-bc","status":"publish","type":"post","link":"https:\/\/guialimeira.com.br\/news\/entenda-a-relacao-entre-pleno-emprego-inflacao-e-juros-do-bc\/","title":{"rendered":"Entenda a rela\u00e7\u00e3o entre pleno emprego, infla\u00e7\u00e3o e juros do BC"},"content":{"rendered":"<p> <br \/>\n<\/p>\n<div>\n<p>Uma das preocupa\u00e7\u00f5es manifestadas pelo Banco Central (BC) para manter a infla\u00e7\u00e3o sob controle tem rela\u00e7\u00e3o com o n\u00edvel de emprego e sal\u00e1rios no Brasil. Em <a href=\"https:\/\/www.bcb.gov.br\/controleinflacao\/comunicadoscopom\" target=\"_blank\" rel=\"noopener\">comunicado<\/a> publicado nesta semana, o Comit\u00ea de Pol\u00edtica Monet\u00e1ria (Copom) do BC citou as \u201cpress\u00f5es nos mercados de trabalho\u201d mundiais como um fator considerado para diminuir a velocidade da redu\u00e7\u00e3o dos juros b\u00e1sicos da economia. O comit\u00ea acrescentou que, no Brasil, o mercado de trabalho est\u00e1 apresentando \u201cmaior dinamismo que o esperado\u201d.<img data-recalc-dims=\"1\" decoding=\"async\" src=\"https:\/\/i0.wp.com\/agenciabrasil.ebc.com.br\/ebc.png?w=696&#038;ssl=1\" style=\"width:1px; height:1px; display:inline;\"\/><img data-recalc-dims=\"1\" decoding=\"async\" src=\"https:\/\/i0.wp.com\/agenciabrasil.ebc.com.br\/ebc.gif?w=696&#038;ssl=1\" style=\"width:1px; height:1px; display:inline;\"\/><\/p>\n<p>Para entender a rela\u00e7\u00e3o entre pleno emprego, infla\u00e7\u00e3o e juros do Banco Central, a <strong>Ag\u00eancia Brasil <\/strong>entrevistou quatro professores de economia de diferentes escolas de pensamento, desde aqueles vinculados a uma corrente mais liberal, at\u00e9 os mais heterodoxos.\u00a0Isso porque a rela\u00e7\u00e3o entre empregos, sal\u00e1rios e infla\u00e7\u00e3o vem influenciando o debate sobre a taxa de juros no Brasil. O presidente do BC, Roberto Campos Neto, afirmou que, apesar de o pleno emprego ser desejado, existe a preocupa\u00e7\u00e3o de a eleva\u00e7\u00e3o dos sal\u00e1rios gerar infla\u00e7\u00e3o.<\/p>\n<p>\u201cA preocupa\u00e7\u00e3o vem quando as empresas n\u00e3o conseguem contratar, e voc\u00ea tem que come\u00e7ar a subir o sal\u00e1rio. Se voc\u00ea sobe o sal\u00e1rio para o mesmo n\u00edvel de produ\u00e7\u00e3o, isso significa que voc\u00ea est\u00e1 iniciando um processo inflacion\u00e1rio. Ent\u00e3o, a preocupa\u00e7\u00e3o vem da\u00ed\u201d, destacou em entrevista exclusiva \u00e0 CNN Brasil.\u00a0A manifesta\u00e7\u00e3o gerou cr\u00edticas de pol\u00edticos e analistas.<\/p>\n<p>Nesta semana, o Banco Central BC\u00a0reduziu a velocidade do corte da taxa b\u00e1sica de juros. Ap\u00f3s seis cortes consecutivos de 0,5 ponto\u00a0percentual, os diretores votaram, por 5 votos a 4, para reduzir a taxa Selic em 0,25 ponto, <a href=\"https:\/\/agenciabrasil.ebc.com.br\/economia\/noticia\/2024-05\/copom-reduz-juros-basicos-da-economia-para-105-ao-ano\" target=\"_blank\" rel=\"noopener\">para 10,5% ao ano<\/a>.\u00a0A decis\u00e3o, apesar de esperada pelo mercado financeiro, <a href=\"https:\/\/agenciabrasil.ebc.com.br\/economia\/noticia\/2024-05\/politicos-e-entidades-criticam-corte-de-025-ponto-da-selic\" target=\"_blank\" rel=\"noopener\">gerou cr\u00edticas <\/a>de pol\u00edticos ligados ao governo e de setores do com\u00e9rcio e da ind\u00fastria, que avaliaram que a queda podia ser maior. O Brasil tem hoje a<a href=\"https:\/\/moneyou.com.br\/wp-content\/uploads\/2024\/05\/rankingdejurosreais080524.pdf\" target=\"_blank\" rel=\"noopener\"> segunda maior taxa real de juros do mundo<\/a>, atr\u00e1s apenas da R\u00fassia, de acordo com o<em> site<\/em> MoneYou.<\/p>\n<p>A taxa b\u00e1sica de juros, definida pelo BC, influencia as demais taxas de juros, como a dos bancos, impactando tamb\u00e9m o n\u00edvel de atividade econ\u00f4mica do pa\u00eds. Quanto maiores os juros, menor o incentivo para se investir na produ\u00e7\u00e3o, que gera emprego e renda.<\/p>\n<div class=\"dnd-widget-wrapper context-grande_6colunas type-image atom-align-left\">\n<div class=\"dnd-atom-rendered\"><!-- scald=349778:grande_6colunas {\"additionalClasses\":\"\"} --><\/p>\n<div class=\"shadow overflow-hidden rounded-lg d-block w-100\">\n            <img data-recalc-dims=\"1\" decoding=\"async\" src=\"https:\/\/i0.wp.com\/agenciabrasil.ebc.com.br\/sites\/default\/files\/thumbnails\/image\/loading_v2.gif?w=696&#038;ssl=1\" data-echo=\"https:\/\/imagens.ebc.com.br\/IhR5vFW6uqyTrEqZfeknEhTVMp8=\/463x0\/smart\/https:\/\/agenciabrasil.ebc.com.br\/sites\/default\/files\/thumbnails\/image\/_ja_5342.jpg?itok=RAIfh81V\" alt=\"Bras\u00edlia (DF) 25\/09\/2023 - O presidente do CORECON\/DF, C\u00e9sar Bergo, \u00e9 o convidado do programa Brasil em Dia da Empresa Brasil de Comunica\u00e7\u00e3o (EBC).&#13;&#10;Foto: Jo\u00e9dson Alves\/Ag\u00eancia Brasil\" title=\"Jo\u00e9dson Alves\/Ag\u00eancia Brasil\" class=\"flex-fill img-cover\"\/><br \/>\n        <img data-recalc-dims=\"1\" decoding=\"async\" src=\"https:\/\/i0.wp.com\/imagens.ebc.com.br\/IhR5vFW6uqyTrEqZfeknEhTVMp8%3D\/463x0\/smart\/https%3A\/\/agenciabrasil.ebc.com.br\/sites\/default\/files\/thumbnails\/image\/_ja_5342.jpg?w=696&#038;ssl=1\" alt=\"Bras\u00edlia (DF) 25\/09\/2023 - O presidente do CORECON\/DF, C\u00e9sar Bergo, \u00e9 o convidado do programa Brasil em Dia da Empresa Brasil de Comunica\u00e7\u00e3o (EBC).&#13;&#10;Foto: Jo\u00e9dson Alves\/Ag\u00eancia Brasil\" title=\"Jo\u00e9dson Alves\/Ag\u00eancia Brasil\" class=\"flex-fill img-cover\"\/>\n    <\/div>\n<p><!-- END scald=349778 --><\/div>\n<p><h6 class=\"meta\">\u00a0C\u00e9sar Bergo,\u00a0professor de mercado financeiro da Universidade de Bras\u00edlia (UnB) &#8211; <strong>Jo\u00e9dson Alves\/Ag\u00eancia Brasil<\/strong><!--END copyright=349778--><\/h6>\n<\/p>\n<\/div>\n<h2>Curva de Phillips<\/h2>\n<p>O professor de mercado financeiro da Universidade de Bras\u00edlia (UnB)\u00a0C\u00e9sar Bergo\u00a0afirmou que a rela\u00e7\u00e3o entre pleno emprego e infla\u00e7\u00e3o vem da teoria econ\u00f4mica da curva de Phillips, criada h\u00e1 mais de 60 anos, que diz que, quando o desemprego diminui,\u00a0a infla\u00e7\u00e3o cresce, e vice-versa.<\/p>\n<p>Segundo Bergo, quando o desemprego chega a n\u00edveis historicamente baixos, \u201cvoc\u00ea acaba tendo algumas press\u00f5es inflacion\u00e1rias em fun\u00e7\u00e3o, primeiro, da melhoria de toda a renda e tamb\u00e9m acaba havendo um aumento de sal\u00e1rio porque a oferta de emprego est\u00e1 praticamente esgotada e n\u00e3o tem mais pessoas para assumir postos de trabalho e a\u00ed voc\u00ea aumenta o sal\u00e1rio\u201d.<\/p>\n<p>O professor da UnB acrescentou que essa teoria monet\u00e1ria afirma que o consumo pode gerar infla\u00e7\u00e3o porque aumenta a procura, e a oferta fica constante, levando ao aumento de pre\u00e7os. \u201c\u00c9 por isso que tem essa rela\u00e7\u00e3o entre pleno emprego e infla\u00e7\u00e3o. A preocupa\u00e7\u00e3o do BC \u00e9 olhar se esse pleno emprego \u00e9 sozinho capaz de explicar o aumento de pre\u00e7os\u201d, disse.<\/p>\n<p>Bergo destacou ainda que h\u00e1 outras vari\u00e1veis que s\u00e3o levadas em conta pelo BC para antecipar press\u00f5es inflacion\u00e1rias, como o valor do d\u00f3lar em rela\u00e7\u00e3o ao real, o pre\u00e7o das mat\u00e9rias-primas no mercado global e os juros do Banco Central dos Estados Unidos.<\/p>\n<div class=\"dnd-widget-wrapper context-medio_4colunas type-image atom-align-right\">\n<div class=\"dnd-atom-rendered\"><!-- scald=384596:medio_4colunas {\"additionalClasses\":\"\"} --><\/p>\n<div class=\"shadow overflow-hidden rounded-lg d-block w-100\">\n            <img data-recalc-dims=\"1\" decoding=\"async\" src=\"https:\/\/i0.wp.com\/agenciabrasil.ebc.com.br\/sites\/default\/files\/thumbnails\/image\/loading_v2.gif?w=696&#038;ssl=1\" data-echo=\"https:\/\/imagens.ebc.com.br\/2HPy64DISXxxoMF5RYXtF_DeYxM=\/365x0\/smart\/https:\/\/agenciabrasil.ebc.com.br\/sites\/default\/files\/thumbnails\/image\/2024\/05\/10\/maria-de-lourdes-rollemberg.jpg?itok=XQmkVCbM\" alt=\"Bras\u00edlia (DF) 10\/05\/2024 -  Professora de economia da UnB, Maria Lourdes Mollo.&#13;&#10;Foto: UNB\/Divulga\u00e7\u00e3o\" title=\"UNB\/Divulga\u00e7\u00e3o\" class=\"flex-fill img-cover\"\/><br \/>\n        <img data-recalc-dims=\"1\" decoding=\"async\" src=\"https:\/\/i0.wp.com\/imagens.ebc.com.br\/2HPy64DISXxxoMF5RYXtF_DeYxM%3D\/365x0\/smart\/https%3A\/\/agenciabrasil.ebc.com.br\/sites\/default\/files\/thumbnails\/image\/2024\/05\/10\/maria-de-lourdes-rollemberg.jpg?w=696&#038;ssl=1\" alt=\"Bras\u00edlia (DF) 10\/05\/2024 -  Professora de economia da UnB, Maria Lourdes Mollo.&#13;&#10;Foto: UNB\/Divulga\u00e7\u00e3o\" title=\"UNB\/Divulga\u00e7\u00e3o\" class=\"flex-fill img-cover\"\/>\n    <\/div>\n<p><!-- END scald=384596 --><\/div>\n<p><h6 class=\"meta\">Professora de economia da UnB\u00a0Maria Lourdes Mollo &#8211; <strong>UnB\/Divulga\u00e7\u00e3o<\/strong><!--END copyright=384596--><\/h6>\n<\/p>\n<\/div>\n<h2>Vis\u00e3o dominante<\/h2>\n<p>Para professora de economia da UnB\u00a0Maria Lourdes Mollo, o Brasil n\u00e3o est\u00e1 nem perto do pleno emprego e essa vis\u00e3o expressa pelo BC e por Campos Neto \u00e9 conservadora e equivocada. \u201cAinda que seja uma vis\u00e3o dominante, n\u00e3o \u00e9 a \u00fanica vis\u00e3o\u201d, disse.<\/p>\n<p>Segundo ela, essa vis\u00e3o sup\u00f5e que, ao injetar dinheiro na economia, por meio de sal\u00e1rios ou cr\u00e9dito, n\u00e3o haver\u00e1 aumento da capacidade de produ\u00e7\u00e3o. Por\u00e9m, a economista destaca que o aumento da produ\u00e7\u00e3o compensa as press\u00f5es inflacion\u00e1rias causadas pelo crescimento\u00a0da demanda.<\/p>\n<p>\u201cEm um primeiro momento, voc\u00ea aumenta a demanda devido ao aumento dos sal\u00e1rios. E, num segundo momento, voc\u00ea vai afetando tamb\u00e9m a capacidade produtiva que vai aumentando. Ent\u00e3o, a m\u00e9dio prazo, o impacto disso \u00e9 aumentar a produ\u00e7\u00e3o e reter o crescimento dos pre\u00e7os\u201d, argumentou.<\/p>\n<p>Maria Lourdes Mollo acrescentou que essa vis\u00e3o conservadora permite manter a taxa de juros alta para evitar o crescimento da economia. \u201cComo se todo crescimento fosse crescimento inflacion\u00e1rio, o que \u00e9 discut\u00edvel\u201d, completou.<\/p>\n<h2>Mercado mundial<\/h2>\n<p>Vis\u00e3o semelhante tem a professora de economia pol\u00edtica da Universidade Federal do Rio de Janeiro (UFRJ)\u00a0Maria Mello de Malta. Para ela, o menor desemprego e maiores sal\u00e1rios n\u00e3o geram necessariamente mais infla\u00e7\u00e3o.\u00a0\u201cEsse tipo de infla\u00e7\u00e3o, que \u00e9 a infla\u00e7\u00e3o de demanda, no capitalismo, ele n\u00e3o dura muito tempo porque o capitalista quer ganhar dinheiro. Mesmo que houvesse esse plano de emprego, que n\u00e3o h\u00e1, o que capitalista ia fazer? Ele ia produzir mais para atender \u00e0\u00a0demanda, ele quer ganhar esse dinheiro.\u201d<\/p>\n<div class=\"dnd-widget-wrapper context-grande_6colunas type-image atom-align-left\">\n<div class=\"dnd-atom-rendered\"><!-- scald=384530:grande_6colunas {\"additionalClasses\":\"\"} --><\/p>\n<div class=\"shadow overflow-hidden rounded-lg d-block w-100\">\n            <img data-recalc-dims=\"1\" decoding=\"async\" src=\"https:\/\/i0.wp.com\/agenciabrasil.ebc.com.br\/sites\/default\/files\/thumbnails\/image\/loading_v2.gif?w=696&#038;ssl=1\" data-echo=\"https:\/\/imagens.ebc.com.br\/zgmOexMdr6DI0krFp0c0LDls1gc=\/463x0\/smart\/https:\/\/agenciabrasil.ebc.com.br\/sites\/default\/files\/thumbnails\/image\/2024\/05\/10\/prof_maria_malta.jpg?itok=OKlkpCbx\" alt=\"Bras\u00edlia (DF) 10\/05\/2024 - Professora de economia pol\u00edtica da Universidade Federal do Rio de Janeiro (UFRJ), Maria Mello de Malta&#13;&#10;Foto: Maria Mello de Malta\/Arquivo Pessoal\" title=\"Maria Mello de Malta\/Arquivo Pesssoal\" class=\"flex-fill img-cover\"\/><br \/>\n        <img data-recalc-dims=\"1\" decoding=\"async\" src=\"https:\/\/i0.wp.com\/imagens.ebc.com.br\/zgmOexMdr6DI0krFp0c0LDls1gc%3D\/463x0\/smart\/https%3A\/\/agenciabrasil.ebc.com.br\/sites\/default\/files\/thumbnails\/image\/2024\/05\/10\/prof_maria_malta.jpg?w=696&#038;ssl=1\" alt=\"Bras\u00edlia (DF) 10\/05\/2024 - Professora de economia pol\u00edtica da Universidade Federal do Rio de Janeiro (UFRJ), Maria Mello de Malta&#13;&#10;Foto: Maria Mello de Malta\/Arquivo Pessoal\" title=\"Maria Mello de Malta\/Arquivo Pesssoal\" class=\"flex-fill img-cover\"\/>\n    <\/div>\n<p><!-- END scald=384530 --><\/div>\n<div class=\"dnd-caption-wrapper\">\n<h6 class=\"meta\">\u00a0Professora de economia pol\u00edtica da UFRJ\u00a0Maria Mello de Malta\u00a0&#8211; <strong>Maria Mello de Malta\/Arquivo Pessoal<\/strong><!--END copyright=384530--><\/h6>\n<\/div>\n<\/div>\n<p>Maria Mello de Malta acrescentou ainda que o Brasil n\u00e3o \u00e9 uma economia fechada, estando ligada ao mercado mundial.\u00a0Com isso, ainda que a produ\u00e7\u00e3o interna n\u00e3o pudesse compensar a press\u00e3o inflacion\u00e1ria de um aumento do emprego e sal\u00e1rios, a produ\u00e7\u00e3o mundial poderia.<\/p>\n<p>\u201cO pa\u00eds que tem a maior produ\u00e7\u00e3o mundial, que \u00e9 a China, est\u00e1 com a capacidade ociosa alta, e a China est\u00e1 louca para atender \u00e0\u00a0demanda mundial. A rela\u00e7\u00e3o entre infla\u00e7\u00e3o e desemprego,\u00a0ela s\u00f3 \u00e9 do jeito que est\u00e1 querendo a cabe\u00e7a do presidente do Banco Central se todo mundo estiver empregado, todo capital estiver empregado e todas as terras estiverem empregadas produzindo coisas. Nesse caso, sim, quando voc\u00ea tem o aumento do emprego, voc\u00ea poderia ter um resultado por um per\u00edodo de aumento de pre\u00e7os\u201d, argumentou.<\/p>\n<h2>Taxa estrutural de desemprego<\/h2>\n<p>O professor de economia da Universidade Federal de Minas Gerais (UFMG)\u00a0Mauro Sayar\u00a0explicou que a preocupa\u00e7\u00e3o com o aquecimento do mercado de trabalho existe em todos os bancos centrais do mundo. Segundo o especialista, o problema ocorre quando o sal\u00e1rio cresce acima da produtividade do trabalho.<\/p>\n<p>A produtividade \u00e9 a rela\u00e7\u00e3o entre os bens produzidos e os meios usados (trabalho, mat\u00e9rias primas, etc.) para produzir determinado bem. Ou seja, a produtividade aumenta quando uma empresa, ou uma economia, consegue expandir\u00a0a produ\u00e7\u00e3o com a mesma quantidade de m\u00e3o de obra, por exemplo.<\/p>\n<p>\u201cQuando o sal\u00e1rio cresce na mesma velocidade da produtividade, ou seja, da capacidade de gerar produtos, aquele crescimento de sal\u00e1rio \u00e9 sustent\u00e1vel, ele n\u00e3o gera press\u00e3o inflacion\u00e1ria\u201d, destacou.<\/p>\n<div class=\"dnd-widget-wrapper context-medio_4colunas type-image atom-align-left\">\n<div class=\"dnd-atom-rendered\"><!-- scald=384529:medio_4colunas {\"additionalClasses\":\"\"} --><\/p>\n<div class=\"shadow overflow-hidden rounded-lg d-block w-100\">\n            <img data-recalc-dims=\"1\" decoding=\"async\" src=\"https:\/\/i0.wp.com\/agenciabrasil.ebc.com.br\/sites\/default\/files\/thumbnails\/image\/loading_v2.gif?w=696&#038;ssl=1\" data-echo=\"https:\/\/imagens.ebc.com.br\/UKd6fxJ_Zjbn8FIJsAHSfnEjSyc=\/365x0\/smart\/https:\/\/agenciabrasil.ebc.com.br\/sites\/default\/files\/thumbnails\/image\/2024\/05\/10\/mauro_sayar.jpg?itok=HvjWKtC8\" alt=\"Bras\u00edlia (DF) 10\/05\/2024 - Professor de economia da Universidade Federal de Minas Gerais (UFMG), Mauro Sayar.&#13;&#10;Foto: Mauro Sayar\/Arquivo Pessoal\" title=\"Mauro Sayar\/Arquivo Pessoal\" class=\"flex-fill img-cover\"\/><br \/>\n        <img data-recalc-dims=\"1\" decoding=\"async\" src=\"https:\/\/i0.wp.com\/imagens.ebc.com.br\/UKd6fxJ_Zjbn8FIJsAHSfnEjSyc%3D\/365x0\/smart\/https%3A\/\/agenciabrasil.ebc.com.br\/sites\/default\/files\/thumbnails\/image\/2024\/05\/10\/mauro_sayar.jpg?w=696&#038;ssl=1\" alt=\"Bras\u00edlia (DF) 10\/05\/2024 - Professor de economia da Universidade Federal de Minas Gerais (UFMG), Mauro Sayar.&#13;&#10;Foto: Mauro Sayar\/Arquivo Pessoal\" title=\"Mauro Sayar\/Arquivo Pessoal\" class=\"flex-fill img-cover\"\/>\n    <\/div>\n<p><!-- END scald=384529 --><\/div>\n<p><h6 class=\"meta\">Professor de economia da UFMG Mauro Sayar\u00a0&#8211; <strong>Mauro Sayar\/Arquivo pessoal<\/strong><!--END copyright=384529--><\/h6>\n<\/p>\n<\/div>\n<p>Sayar explicou que as economias t\u00eam taxas estruturais de desemprego que, quando diminui abaixo desse n\u00edvel estrutural, h\u00e1 risco de press\u00f5es inflacion\u00e1rias. O especialista sustenta que essa taxa estrutural \u2013\u00a0que tem rela\u00e7\u00e3o com o n\u00edvel de escolaridade da popula\u00e7\u00e3o e com a legisla\u00e7\u00e3o trabalhista, entre outros fatores \u2013\u00a0n\u00e3o \u00e9 exata no Brasil devido \u00e0\u00a0descontinuidade da s\u00e9rie hist\u00f3rica da taxa de desemprego.<\/p>\n<p>Por\u00e9m, Sayar diz que a maioria dos economistas avalia\u00a0que a taxa estrutural do desemprego gira em torno dos 8% no Brasil. \u00a0\u201cQuando ela est\u00e1 abaixo de 8%, isso acende uma luz amarela\u201d, comentou. A taxa de desemprego no Brasil fechou o primeiro trimestre do ano em 7,9%, tendo chegado a 7,4% no final de 2023.<\/p>\n<p>O economista da UFMG defendeu que a atua\u00e7\u00e3o do BC tem sido prudente porque o risco de a infla\u00e7\u00e3o sair do controle existe e pode prejudicar toda a economia de forma estrutural.\u00a0\u201cE, se o Banco Central vacilar, acontece aquilo que a gente j\u00e1 passou. A infla\u00e7\u00e3o sobe e perde controle. Depois o custo \u00e9 muito mais elevado. E aquele ganho de sal\u00e1rio n\u00e3o vai ficar com a sociedade. Ele vai subir pre\u00e7os de forma geral e pre\u00e7os que nunca mais caem\u201d, completou.<\/p>\n<\/p><\/div>\n<p><br \/>\n<br \/><a href=\"https:\/\/agenciabrasil.ebc.com.br\/economia\/noticia\/2024-05\/entenda-relacao-entre-pleno-emprego-inflacao-e-juros-do-bc\" rel=\"noopener\">Ag\u00eancia Brasil<\/a><\/p>\n","protected":false},"excerpt":{"rendered":"<p>Uma das preocupa\u00e7\u00f5es manifestadas pelo Banco Central (BC) para manter a infla\u00e7\u00e3o sob controle tem rela\u00e7\u00e3o com o n\u00edvel de emprego e sal\u00e1rios no Brasil. Em comunicado publicado nesta semana, o Comit\u00ea de Pol\u00edtica Monet\u00e1ria (Copom) do BC citou as \u201cpress\u00f5es nos mercados de trabalho\u201d mundiais como um fator considerado para diminuir a velocidade da [&hellip;]<\/p>\n","protected":false},"author":1,"featured_media":4751,"comment_status":"open","ping_status":"open","sticky":false,"template":"","format":"standard","meta":{"_jetpack_newsletter_access":"","_jetpack_dont_email_post_to_subs":false,"_jetpack_newsletter_tier_id":0,"_jetpack_memberships_contains_paywalled_content":false,"_mbp_banners":[],"_jetpack_feature_clip_id":0,"_jetpack_memberships_contains_paid_content":false,"footnotes":"","jetpack_publicize_message":"","jetpack_publicize_feature_enabled":true,"jetpack_social_post_already_shared":true,"jetpack_social_options":{"image_generator_settings":{"template":"highway","default_image_id":0,"font":"","enabled":false},"version":2},"jetpack_post_was_ever_published":false},"categories":[24],"tags":[],"class_list":["post-4750","post","type-post","status-publish","format-standard","has-post-thumbnail","category-economia"],"jetpack_publicize_connections":[],"jetpack-related-posts":[],"jetpack_shortlink":"https:\/\/wp.me\/p7Eq1F-1eC","jetpack_sharing_enabled":true,"jetpack_featured_media_url":"https:\/\/i0.wp.com\/guialimeira.com.br\/news\/wp-content\/uploads\/2024\/05\/economia_ilustracao-2.jpg?fit=1600%2C800&ssl=1","_links":{"self":[{"href":"https:\/\/guialimeira.com.br\/news\/wp-json\/wp\/v2\/posts\/4750","targetHints":{"allow":["GET"]}}],"collection":[{"href":"https:\/\/guialimeira.com.br\/news\/wp-json\/wp\/v2\/posts"}],"about":[{"href":"https:\/\/guialimeira.com.br\/news\/wp-json\/wp\/v2\/types\/post"}],"author":[{"embeddable":true,"href":"https:\/\/guialimeira.com.br\/news\/wp-json\/wp\/v2\/users\/1"}],"replies":[{"embeddable":true,"href":"https:\/\/guialimeira.com.br\/news\/wp-json\/wp\/v2\/comments?post=4750"}],"version-history":[{"count":0,"href":"https:\/\/guialimeira.com.br\/news\/wp-json\/wp\/v2\/posts\/4750\/revisions"}],"wp:featuredmedia":[{"embeddable":true,"href":"https:\/\/guialimeira.com.br\/news\/wp-json\/wp\/v2\/media\/4751"}],"wp:attachment":[{"href":"https:\/\/guialimeira.com.br\/news\/wp-json\/wp\/v2\/media?parent=4750"}],"wp:term":[{"taxonomy":"category","embeddable":true,"href":"https:\/\/guialimeira.com.br\/news\/wp-json\/wp\/v2\/categories?post=4750"},{"taxonomy":"post_tag","embeddable":true,"href":"https:\/\/guialimeira.com.br\/news\/wp-json\/wp\/v2\/tags?post=4750"}],"curies":[{"name":"wp","href":"https:\/\/api.w.org\/{rel}","templated":true}]}}