{"id":475,"date":"2024-03-30T02:01:43","date_gmt":"2024-03-30T05:01:43","guid":{"rendered":"https:\/\/guialimeira.com.br\/2024\/03\/30\/evento-marca-inauguracao-da-nova-sede\/"},"modified":"2024-03-30T02:01:43","modified_gmt":"2024-03-30T05:01:43","slug":"evento-marca-inauguracao-da-nova-sede","status":"publish","type":"post","link":"https:\/\/guialimeira.com.br\/news\/evento-marca-inauguracao-da-nova-sede\/","title":{"rendered":"Evento marca inaugura\u00e7\u00e3o da nova sede&#8230;"},"content":{"rendered":"<p> <br \/>\n<br \/><img data-recalc-dims=\"1\" decoding=\"async\" src=\"https:\/\/i0.wp.com\/www.iracemapolis.sp.gov.br\/fotos\/d55fdaa58dfe27473a97073ece813244.jpg?w=696&#038;ssl=1\" \/><\/p>\n<div>\n<p><strong>Evento marca inaugura\u00e7\u00e3o da nova sede da Secretaria de Educa\u00e7\u00e3o<\/strong><\/p>\n<p><em>Investimento de R$ 1,5 milh\u00e3o transformou pr\u00e9dio abandonado em economia de alugu\u00e9is<\/em><\/p>\n<p>O evento que marcou a entrega oficial da nova sede da Secretaria de Educa\u00e7\u00e3o aconteceu no \u00faltimo s\u00e1bado, dia 23. A Inaugura\u00e7\u00e3o do pr\u00e9dio foi marcada pela presen\u00e7a de autoridades, mun\u00edcipes e familiares dos homenageados no novo pr\u00e9dio.<\/p>\n<p>A Sede Administrativa e Pedag\u00f3gica \u201cSanto Rossetti\u201d e Coordenadoria Municipal de Educa\u00e7\u00e3o prof. Henriquetta Huebel Ducatti, conta com um pr\u00e9dio novo e que al\u00e9m de abrigar a parte administrativa e pedag\u00f3gica, vai acolher o setor da merenda escolar e servir de estacionamento para os \u00f4nibus escolares.<\/p>\n<p>O pr\u00e9dio passou por uma reforma completa em toda a sua estrutura. O local estava interditado devido a diversos problemas estruturais, sofria com invas\u00f5es e era foco do mosquito da dengue, prejudicando os moradores da regi\u00e3o. A Prefeitura investiu cerca de R$1,5 milh\u00e3o e reestruturou completamente o pr\u00e9dio.<\/p>\n<p>\u201cEsse investimento possibilitou eliminar dois alugueis dos pr\u00e9dios da educa\u00e7\u00e3o, uma maior seguran\u00e7a para o entorno do bairro e uma melhor estrutura para que nossa equipe de educa\u00e7\u00e3o possa construir os projetos pedag\u00f3gicos do munic\u00edpio\u201d, destacou a prefeita Nelita Michel.<\/p>\n<p>Br\u00e1ulio Rossetti Junior, que \u00e9 vereador e neto do homenageado, ressaltou a import\u00e2ncia da obra. \u201dConversando com os moradores da regi\u00e3o podemos notar a grande import\u00e2ncia dessa obra para a seguran\u00e7a e comodidade dos moradores e dos funcion\u00e1rios da educa\u00e7\u00e3o, al\u00e9m de ser um \u00f3timo investimento\u201d, afirmou.<\/p>\n<p>O vice-prefeito Chic\u00e3o Rossetti, os vereadores Claudinho Cosenza, Vitor Michel e Juliana Rocha tamb\u00e9m estiveram presentes na inaugura\u00e7\u00e3o.<\/p>\n<\/div>\n<p><br \/>\n<br \/><a href=\"https:\/\/www.iracemapolis.sp.gov.br\/portal\/noticias\/0\/3\/2119\/evento-marca-inauguracao-da-nova-sede-da-secretaria-de-educacao\/\" rel=\"noopener\">Informa\u00e7\u00f5es PMI<\/a><\/p>\n","protected":false},"excerpt":{"rendered":"<p>Evento marca inaugura\u00e7\u00e3o da nova sede da Secretaria de Educa\u00e7\u00e3o Investimento de R$ 1,5 milh\u00e3o transformou pr\u00e9dio abandonado em economia de alugu\u00e9is O evento que marcou a entrega oficial da nova sede da Secretaria de Educa\u00e7\u00e3o aconteceu no \u00faltimo s\u00e1bado, dia 23. A Inaugura\u00e7\u00e3o do pr\u00e9dio foi marcada pela presen\u00e7a de autoridades, mun\u00edcipes e familiares [&hellip;]<\/p>\n","protected":false},"author":1,"featured_media":476,"comment_status":"open","ping_status":"open","sticky":false,"template":"","format":"standard","meta":{"_jetpack_newsletter_access":"","_jetpack_dont_email_post_to_subs":false,"_jetpack_newsletter_tier_id":0,"_jetpack_memberships_contains_paywalled_content":false,"_mbp_banners":[],"_jetpack_feature_clip_id":0,"_jetpack_memberships_contains_paid_content":false,"footnotes":"","jetpack_publicize_message":"","jetpack_publicize_feature_enabled":true,"jetpack_social_post_already_shared":true,"jetpack_social_options":{"image_generator_settings":{"template":"highway","default_image_id":0,"font":"","enabled":false},"version":2},"jetpack_post_was_ever_published":false},"categories":[20],"tags":[],"class_list":["post-475","post","type-post","status-publish","format-standard","has-post-thumbnail","category-regiao"],"jetpack_publicize_connections":[],"jetpack-related-posts":[],"jetpack_shortlink":"https:\/\/wp.me\/p7Eq1F-7F","jetpack_sharing_enabled":true,"jetpack_featured_media_url":"https:\/\/i0.wp.com\/guialimeira.com.br\/news\/wp-content\/uploads\/2024\/03\/d55fdaa58dfe27473a97073ece813244.jpg?fit=800%2C600&ssl=1","_links":{"self":[{"href":"https:\/\/guialimeira.com.br\/news\/wp-json\/wp\/v2\/posts\/475","targetHints":{"allow":["GET"]}}],"collection":[{"href":"https:\/\/guialimeira.com.br\/news\/wp-json\/wp\/v2\/posts"}],"about":[{"href":"https:\/\/guialimeira.com.br\/news\/wp-json\/wp\/v2\/types\/post"}],"author":[{"embeddable":true,"href":"https:\/\/guialimeira.com.br\/news\/wp-json\/wp\/v2\/users\/1"}],"replies":[{"embeddable":true,"href":"https:\/\/guialimeira.com.br\/news\/wp-json\/wp\/v2\/comments?post=475"}],"version-history":[{"count":0,"href":"https:\/\/guialimeira.com.br\/news\/wp-json\/wp\/v2\/posts\/475\/revisions"}],"wp:featuredmedia":[{"embeddable":true,"href":"https:\/\/guialimeira.com.br\/news\/wp-json\/wp\/v2\/media\/476"}],"wp:attachment":[{"href":"https:\/\/guialimeira.com.br\/news\/wp-json\/wp\/v2\/media?parent=475"}],"wp:term":[{"taxonomy":"category","embeddable":true,"href":"https:\/\/guialimeira.com.br\/news\/wp-json\/wp\/v2\/categories?post=475"},{"taxonomy":"post_tag","embeddable":true,"href":"https:\/\/guialimeira.com.br\/news\/wp-json\/wp\/v2\/tags?post=475"}],"curies":[{"name":"wp","href":"https:\/\/api.w.org\/{rel}","templated":true}]}}