{"id":47444,"date":"2025-10-08T18:10:59","date_gmt":"2025-10-08T21:10:59","guid":{"rendered":"https:\/\/guialimeira.com.br\/?p=47444"},"modified":"2025-10-08T18:10:59","modified_gmt":"2025-10-08T21:10:59","slug":"feira-do-produtor-de-cordeiropolis-comemora-10-anos-com-programacao-especial-prefeitura-municipal-de-cordeiropolis","status":"publish","type":"post","link":"https:\/\/guialimeira.com.br\/news\/feira-do-produtor-de-cordeiropolis-comemora-10-anos-com-programacao-especial-prefeitura-municipal-de-cordeiropolis\/","title":{"rendered":"Feira do Produtor de Cordeir\u00f3polis comemora 10 anos com programa\u00e7\u00e3o especial \u2013 Prefeitura Municipal de Cordeir\u00f3polis"},"content":{"rendered":"<p> <br \/>\n<\/p>\n<div>\n<p>A tradicional Feira do Produtor de Cordeir\u00f3polis completa 10 anos em 2025 e ter\u00e1 uma comemora\u00e7\u00e3o especial. O evento ser\u00e1 realizado no dia 14 de outubro (ter\u00e7a-feira), das 16h \u00e0s 22h, na Pra\u00e7a do Jardim Bela Vista. Al\u00e9m dos produtos fresquinhos e feira de artesanato, haver\u00e1 um show especial do cantor Danilo Giroto.<\/p>\n<p>\u201cA Feira do Produtor \u00e9 um espa\u00e7o dedicado a valorizar a produ\u00e7\u00e3o local, fortalecendo pequenos empreendedores, agricultores e artes\u00e3os, e promovendo o consumo de produtos frescos e de qualidade\u201d, afirma o secret\u00e1rio de Desenvolvimento Econ\u00f4mico Sustent\u00e1vel, Roberson Castellar. \u201cVamos celebrar esses 10 anos pensando em aprimorar ainda mais a feira para o futuro.\u201d<\/p>\n<p>\u201cEsta edi\u00e7\u00e3o \u00e9 uma celebra\u00e7\u00e3o n\u00e3o apenas de uma d\u00e9cada de feira, mas tamb\u00e9m do esfor\u00e7o coletivo de produtores e da comunidade, que transformaram esse espa\u00e7o em um ponto de encontro e valoriza\u00e7\u00e3o da economia local\u201d, destaca prefeita Cristina Saad. \u201cNosso objetivo \u00e9 manter viva a tradi\u00e7\u00e3o da feira do produtor e valorizar nossos produtores locais\u201d, completa.<\/p>\n<\/p><\/div>\n<p><br \/>\n<br \/><a href=\"https:\/\/www.cordeiropolis.sp.gov.br\/feira-do-produtor-de-cordeiropolis-comemora-10-anos-com-programacao-especial\/\" rel=\"noopener\">Informa\u00e7\u00f5es Cordeir\u00f3polis <\/a><\/p>\n","protected":false},"excerpt":{"rendered":"<p>A tradicional Feira do Produtor de Cordeir\u00f3polis completa 10 anos em 2025 e ter\u00e1 uma comemora\u00e7\u00e3o especial. O evento ser\u00e1 realizado no dia 14 de outubro (ter\u00e7a-feira), das 16h \u00e0s 22h, na Pra\u00e7a do Jardim Bela Vista. Al\u00e9m dos produtos fresquinhos e feira de artesanato, haver\u00e1 um show especial do cantor Danilo Giroto. \u201cA Feira [&hellip;]<\/p>\n","protected":false},"author":1,"featured_media":0,"comment_status":"open","ping_status":"open","sticky":false,"template":"","format":"standard","meta":{"_jetpack_newsletter_access":"","_jetpack_dont_email_post_to_subs":false,"_jetpack_newsletter_tier_id":0,"_jetpack_memberships_contains_paywalled_content":false,"_mbp_banners":[],"_jetpack_feature_clip_id":0,"_jetpack_memberships_contains_paid_content":false,"footnotes":"","jetpack_publicize_message":"","jetpack_publicize_feature_enabled":true,"jetpack_social_post_already_shared":true,"jetpack_social_options":{"image_generator_settings":{"template":"highway","default_image_id":0,"font":"","enabled":false},"version":2},"jetpack_post_was_ever_published":false},"categories":[20],"tags":[],"class_list":["post-47444","post","type-post","status-publish","format-standard","category-regiao"],"jetpack_publicize_connections":[],"jetpack-related-posts":[],"jetpack_shortlink":"https:\/\/wp.me\/p7Eq1F-cle","jetpack_sharing_enabled":true,"jetpack_featured_media_url":"","_links":{"self":[{"href":"https:\/\/guialimeira.com.br\/news\/wp-json\/wp\/v2\/posts\/47444","targetHints":{"allow":["GET"]}}],"collection":[{"href":"https:\/\/guialimeira.com.br\/news\/wp-json\/wp\/v2\/posts"}],"about":[{"href":"https:\/\/guialimeira.com.br\/news\/wp-json\/wp\/v2\/types\/post"}],"author":[{"embeddable":true,"href":"https:\/\/guialimeira.com.br\/news\/wp-json\/wp\/v2\/users\/1"}],"replies":[{"embeddable":true,"href":"https:\/\/guialimeira.com.br\/news\/wp-json\/wp\/v2\/comments?post=47444"}],"version-history":[{"count":1,"href":"https:\/\/guialimeira.com.br\/news\/wp-json\/wp\/v2\/posts\/47444\/revisions"}],"predecessor-version":[{"id":47445,"href":"https:\/\/guialimeira.com.br\/news\/wp-json\/wp\/v2\/posts\/47444\/revisions\/47445"}],"wp:attachment":[{"href":"https:\/\/guialimeira.com.br\/news\/wp-json\/wp\/v2\/media?parent=47444"}],"wp:term":[{"taxonomy":"category","embeddable":true,"href":"https:\/\/guialimeira.com.br\/news\/wp-json\/wp\/v2\/categories?post=47444"},{"taxonomy":"post_tag","embeddable":true,"href":"https:\/\/guialimeira.com.br\/news\/wp-json\/wp\/v2\/tags?post=47444"}],"curies":[{"name":"wp","href":"https:\/\/api.w.org\/{rel}","templated":true}]}}