{"id":47392,"date":"2025-10-08T11:02:18","date_gmt":"2025-10-08T14:02:18","guid":{"rendered":"https:\/\/guialimeira.com.br\/?p=47392"},"modified":"2025-10-08T11:02:18","modified_gmt":"2025-10-08T14:02:18","slug":"previsao-de-chuvas-fortes-altera-festa-das-criancas-para-o-ginasio-do-centro-em-cordeiropolis-prefeitura-municipal-de-cordeiropolis","status":"publish","type":"post","link":"https:\/\/guialimeira.com.br\/news\/previsao-de-chuvas-fortes-altera-festa-das-criancas-para-o-ginasio-do-centro-em-cordeiropolis-prefeitura-municipal-de-cordeiropolis\/","title":{"rendered":"Previs\u00e3o de chuvas fortes altera Festa das Crian\u00e7as para o Gin\u00e1sio do Centro em Cordeir\u00f3polis \u2013 Prefeitura Municipal de Cordeir\u00f3polis"},"content":{"rendered":"<p> <br \/>\n<\/p>\n<div>\n<p>Por conta da previs\u00e3o de chuvas fortes para os pr\u00f3ximos dias, a Festa do Dia das Crian\u00e7as de Cordeir\u00f3polis, neste s\u00e1bado (11), a partir das 13h, ser\u00e1 alterada para o Gin\u00e1sio de Esportes \u201cGovernador Orestes Qu\u00e9rcia\u201d, no Centro. A medida \u00e9 preventiva, uma vez que est\u00e3o previstos temporais com ventos fortes, que prejudicariam, inclusive, a montagem da festa.<\/p>\n<p>Todas as atra\u00e7\u00f5es anunciadas para a festa continuam inalteradas. J\u00e1 o transporte gratuito das crian\u00e7as para o evento tamb\u00e9m est\u00e1 mantido com adi\u00e7\u00e3o de novos pontos para atender a regi\u00e3o do Lago Uni\u00e3o. O ponto de desembarque ser\u00e1 na Rua Carlos Gomes, na esquina com a Perlima. O embarque para retorno ser\u00e1 \u00e0s 16h, no mesmo ponto.<\/p>\n<p>A Festa do Dia das Crian\u00e7as \u00e9 realizada pelas secretarias de Esporte e Lazer, de Cultura, de Educa\u00e7\u00e3o e de Meio Ambiente, com apoio das demais pastas, e em parceria com a comunidade, com\u00e9rcio, entidades e empres\u00e1rios.<\/p>\n<p>Todas as crian\u00e7as devem estar acompanhadas por um adulto respons\u00e1vel no transporte gratuito. <strong>Confira os pontos e hor\u00e1rios do itiner\u00e1rio:<\/strong><\/p>\n<p>Santa Rita \u2013 13h<\/p>\n<p>Assentamento (Eldorado) \u2013 13h05<\/p>\n<p>Assentamento XX de Novembro \u2013 13h<\/p>\n<p>Escola Am\u00e1lia \u2013 13h10<\/p>\n<p>Portal das Torres \u2013 13h<\/p>\n<p>Conjunto Habitacional \u00c2ngelo Betin \u2013 13h05<\/p>\n<p>Vip\u00e3o (Vila Barbosa) \u2013 13h07<\/p>\n<p>Residencial Villagio Corte \u2013 13h10<\/p>\n<p>Jardim Bosque \u2013 13h<\/p>\n<p>Esta\u00e7\u00e3o \u2013 13h05<\/p>\n<p>Escola Levy \u2013 13h10<\/p>\n<p>Jardim Floren\u00e7a \u2013 13h15<\/p>\n<p>Engenho Velho \u2013 13h<\/p>\n<p>Escola Jorge Fernandes \u2013 13h10<\/p>\n<p>Escola Geraldo Rocha \u2013 13h<\/p>\n<p>Escola Jamil \u2013 13h05<\/p>\n<p>Escola Maria Aparecida \u2013 13h<\/p>\n<p>Escola Nazareth \u2013 13h<\/p>\n<p>Escola Od\u00e9cio Lucke \u2013 13h02<\/p>\n<p>Sorveteria Milot \u2013 13h04<\/p>\n<p>Bar do Lau \u2013 13h<\/p>\n<p>Sorveteria do S\u00e3o Luiz \u2013 13h05<\/p>\n<\/p><\/div>\n<p><br \/>\n<br \/><a href=\"https:\/\/www.cordeiropolis.sp.gov.br\/previsao-de-chuvas-fortes-altera-festa-das-criancas-para-o-ginasio-do-centro-em-cordeiropolis\/\" rel=\"noopener\">Informa\u00e7\u00f5es Cordeir\u00f3polis <\/a><\/p>\n","protected":false},"excerpt":{"rendered":"<p>Por conta da previs\u00e3o de chuvas fortes para os pr\u00f3ximos dias, a Festa do Dia das Crian\u00e7as de Cordeir\u00f3polis, neste s\u00e1bado (11), a partir das 13h, ser\u00e1 alterada para o Gin\u00e1sio de Esportes \u201cGovernador Orestes Qu\u00e9rcia\u201d, no Centro. A medida \u00e9 preventiva, uma vez que est\u00e3o previstos temporais com ventos fortes, que prejudicariam, inclusive, a [&hellip;]<\/p>\n","protected":false},"author":1,"featured_media":0,"comment_status":"open","ping_status":"open","sticky":false,"template":"","format":"standard","meta":{"_jetpack_newsletter_access":"","_jetpack_dont_email_post_to_subs":false,"_jetpack_newsletter_tier_id":0,"_jetpack_memberships_contains_paywalled_content":false,"_mbp_banners":[],"_jetpack_feature_clip_id":0,"_jetpack_memberships_contains_paid_content":false,"footnotes":"","jetpack_publicize_message":"","jetpack_publicize_feature_enabled":true,"jetpack_social_post_already_shared":true,"jetpack_social_options":{"image_generator_settings":{"template":"highway","default_image_id":0,"font":"","enabled":false},"version":2},"jetpack_post_was_ever_published":false},"categories":[20],"tags":[],"class_list":["post-47392","post","type-post","status-publish","format-standard","category-regiao"],"jetpack_publicize_connections":[],"jetpack-related-posts":[],"jetpack_shortlink":"https:\/\/wp.me\/p7Eq1F-cko","jetpack_sharing_enabled":true,"jetpack_featured_media_url":"","_links":{"self":[{"href":"https:\/\/guialimeira.com.br\/news\/wp-json\/wp\/v2\/posts\/47392","targetHints":{"allow":["GET"]}}],"collection":[{"href":"https:\/\/guialimeira.com.br\/news\/wp-json\/wp\/v2\/posts"}],"about":[{"href":"https:\/\/guialimeira.com.br\/news\/wp-json\/wp\/v2\/types\/post"}],"author":[{"embeddable":true,"href":"https:\/\/guialimeira.com.br\/news\/wp-json\/wp\/v2\/users\/1"}],"replies":[{"embeddable":true,"href":"https:\/\/guialimeira.com.br\/news\/wp-json\/wp\/v2\/comments?post=47392"}],"version-history":[{"count":1,"href":"https:\/\/guialimeira.com.br\/news\/wp-json\/wp\/v2\/posts\/47392\/revisions"}],"predecessor-version":[{"id":47393,"href":"https:\/\/guialimeira.com.br\/news\/wp-json\/wp\/v2\/posts\/47392\/revisions\/47393"}],"wp:attachment":[{"href":"https:\/\/guialimeira.com.br\/news\/wp-json\/wp\/v2\/media?parent=47392"}],"wp:term":[{"taxonomy":"category","embeddable":true,"href":"https:\/\/guialimeira.com.br\/news\/wp-json\/wp\/v2\/categories?post=47392"},{"taxonomy":"post_tag","embeddable":true,"href":"https:\/\/guialimeira.com.br\/news\/wp-json\/wp\/v2\/tags?post=47392"}],"curies":[{"name":"wp","href":"https:\/\/api.w.org\/{rel}","templated":true}]}}