{"id":4728,"date":"2024-05-11T22:48:45","date_gmt":"2024-05-12T01:48:45","guid":{"rendered":"https:\/\/guialimeira.com.br\/2024\/05\/11\/brasileiras-levam-prata-em-etapa-da-copa-do-mundo-de-ginastica-ritmica\/"},"modified":"2024-05-11T22:48:45","modified_gmt":"2024-05-12T01:48:45","slug":"brasileiras-levam-prata-em-etapa-da-copa-do-mundo-de-ginastica-ritmica","status":"publish","type":"post","link":"https:\/\/guialimeira.com.br\/news\/brasileiras-levam-prata-em-etapa-da-copa-do-mundo-de-ginastica-ritmica\/","title":{"rendered":"Brasileiras levam prata em etapa da Copa do Mundo de Gin\u00e1stica R\u00edtmica"},"content":{"rendered":"<p> <br \/>\n<\/p>\n<div>\n<p>O s\u00e1bado (11) foi prateado para o <a href=\"https:\/\/www.cob.org.br\/pt\/galerias\/noticias\/conjunto-brasileiro-de-ginastica-ritmica-conquista-vaga-para-paris-2024-\/\" rel=\"noopener\"><strong>conjunto brasileiro de gin\u00e1stica r\u00edtmica, j\u00e1 com vaga ol\u00edmpica assegurada em Paris.<\/strong><\/a> Na prova geral &#8211;\u00a0 a mesma que ser\u00e1 disputada nos Jogos &#8211; o pa\u00eds obteve 68.850, a segunda melhor nota na soma de apresenta\u00e7\u00f5es na etapa da Copa do Mundo da modalidade, em Portim\u00e3o (Portugal).\u00a0 O quinteto brasileiro formado Maria Eduarda Arakaki, Victoria Borges, Deborah Medrado, Sofia Pereira e Nicole Pircio s\u00f3 foi superado pelo time da Espanha (70.300), que ficou com o ouro.\u00a0A Fran\u00e7a (65.050) levou o bronze.<img data-recalc-dims=\"1\" decoding=\"async\" src=\"https:\/\/i0.wp.com\/agenciabrasil.ebc.com.br\/ebc.png?w=696&#038;ssl=1\" style=\"width:1px; height:1px; display:inline;\"\/><img data-recalc-dims=\"1\" decoding=\"async\" src=\"https:\/\/i0.wp.com\/agenciabrasil.ebc.com.br\/ebc.gif?w=696&#038;ssl=1\" style=\"width:1px; height:1px; display:inline;\"\/><\/p>\n<p>O total de pontos refere-se \u00e0s notas das s\u00e9ries simples (cinco arcos) e mista (tr\u00eas fitas e duas bolas).\u00a0\u00a0<\/p>\n<blockquote class=\"twitter-tweet\">\n<p dir=\"ltr\" lang=\"pt\" xml:lang=\"pt\">DEIXA ELAS SE APRESENTAREM, BRASIL! \ud83c\udde7\ud83c\uddf7 O Conjunto \ud83e\udd81 simplesmente DISSE A QUE VEIO na Copa do Mundo de Gin\u00e1stica R\u00edtmica de Portim\u00e3o \ud83c\uddf5\ud83c\uddf9, minha gente! WOW!<\/p>\n<p>Na s\u00e9rie de fitas e bolas as brasileiras fizeram uma apresenta\u00e7\u00e3o pra l\u00e1 de cravada, alcan\u00e7ando q nota 32.900!!! UHUL!\u2026 <a href=\"https:\/\/t.co\/8OROHE5slq\">pic.twitter.com\/8OROHE5slq<\/a><\/p>\n<p>\u2014 Confedera\u00e7\u00e3o Brasileira de Gin\u00e1stica (@cbginastica) <a href=\"https:\/\/twitter.com\/cbginastica\/status\/1789340946192060754?ref_src=twsrc%5Etfw\" rel=\"noopener\">May 11, 2024<\/a><\/p><\/blockquote>\n<p>Neste domingo (12). o Brasil pode subir novamente ao p\u00f3dio ap\u00f3s a disputa das finais individuais.\u00a0<a href=\"https:\/\/agenciabrasil.ebc.com.br\/esportes\/noticia\/2023-08\/barbara-domingos-garante-presenca-nos-jogos-de-paris\" rel=\"noopener\"><strong>B\u00e1rbara Domingos, a Babi,<\/strong><\/a>\u00a0disputar\u00e1 as finais dos aparelhos bola e ma\u00e7a. Al\u00e9m de Babi, Geovanna Santos, a Joj\u00f4\u00a0, tamb\u00e9m brigar\u00e1 por medalha na disputa das ma\u00e7as. Pe\u00e7a primeira vez na hist\u00f3ria, o Brasil reunir\u00e1 duas ginastas em um afinal de aparelho.<\/p>\n<blockquote class=\"twitter-tweet\">\n<p dir=\"ltr\" lang=\"pt\" xml:lang=\"pt\">E MAIS UMA FINAL PRA BABI! \ud83e\udd29\ud83e\udd29\ud83e\udd29<br \/>Nossa finalista mundial de ma\u00e7as Babi Domingos fez bonito demais na Copa do Mundo de Gin\u00e1stica R\u00edtmica de Portim\u00e3o \ud83c\uddf5\ud83c\uddf9 e garantiu sua segunda finql em Portugal! \ud83c\udde7\ud83c\uddf7\ud83e\udef6\ud83c\udffc\ud83d\udcab<\/p>\n<p>A nota dessa super apresenta\u00e7\u00e3o? 31.800! Uhul!<\/p>\n<p>\u25b6\ufe0f A transmiss\u00e3o das finais\u2026 <a href=\"https:\/\/t.co\/L8KDxnbFwY\">pic.twitter.com\/L8KDxnbFwY<\/a><\/p>\n<p>\u2014 Confedera\u00e7\u00e3o Brasileira de Gin\u00e1stica (@cbginastica) <a href=\"https:\/\/twitter.com\/cbginastica\/status\/1789319458894368985?ref_src=twsrc%5Etfw\" rel=\"noopener\">May 11, 2024<\/a><\/p><\/blockquote><\/div>\n<p><script async src=\"\/\/platform.twitter.com\/widgets.js\" charset=\"utf-8\"><\/script><br \/>\n<br \/><br \/>\n<br \/><a href=\"https:\/\/agenciabrasil.ebc.com.br\/esportes\/noticia\/2024-05\/brasileiras-levam-prata-em-etapa-da-copa-do-mundo-de-ginastica-ritmica\" rel=\"noopener\">Ag\u00eancia Brasil<\/a><\/p>\n","protected":false},"excerpt":{"rendered":"<p>O s\u00e1bado (11) foi prateado para o conjunto brasileiro de gin\u00e1stica r\u00edtmica, j\u00e1 com vaga ol\u00edmpica assegurada em Paris. Na prova geral &#8211;\u00a0 a mesma que ser\u00e1 disputada nos Jogos &#8211; o pa\u00eds obteve 68.850, a segunda melhor nota na soma de apresenta\u00e7\u00f5es na etapa da Copa do Mundo da modalidade, em Portim\u00e3o (Portugal).\u00a0 O [&hellip;]<\/p>\n","protected":false},"author":1,"featured_media":4729,"comment_status":"open","ping_status":"open","sticky":false,"template":"","format":"standard","meta":{"_jetpack_newsletter_access":"","_jetpack_dont_email_post_to_subs":false,"_jetpack_newsletter_tier_id":0,"_jetpack_memberships_contains_paywalled_content":false,"_mbp_banners":[],"_jetpack_feature_clip_id":0,"_jetpack_memberships_contains_paid_content":false,"footnotes":"","jetpack_publicize_message":"","jetpack_publicize_feature_enabled":true,"jetpack_social_post_already_shared":true,"jetpack_social_options":{"image_generator_settings":{"template":"highway","default_image_id":0,"font":"","enabled":false},"version":2},"jetpack_post_was_ever_published":false},"categories":[23],"tags":[],"class_list":["post-4728","post","type-post","status-publish","format-standard","has-post-thumbnail","category-esportes"],"jetpack_publicize_connections":[],"jetpack-related-posts":[],"jetpack_shortlink":"https:\/\/wp.me\/p7Eq1F-1eg","jetpack_sharing_enabled":true,"jetpack_featured_media_url":"https:\/\/i0.wp.com\/guialimeira.com.br\/news\/wp-content\/uploads\/2024\/05\/prata_ginastica_ritmica_copa_portugal_2024.jpg?fit=1600%2C800&ssl=1","_links":{"self":[{"href":"https:\/\/guialimeira.com.br\/news\/wp-json\/wp\/v2\/posts\/4728","targetHints":{"allow":["GET"]}}],"collection":[{"href":"https:\/\/guialimeira.com.br\/news\/wp-json\/wp\/v2\/posts"}],"about":[{"href":"https:\/\/guialimeira.com.br\/news\/wp-json\/wp\/v2\/types\/post"}],"author":[{"embeddable":true,"href":"https:\/\/guialimeira.com.br\/news\/wp-json\/wp\/v2\/users\/1"}],"replies":[{"embeddable":true,"href":"https:\/\/guialimeira.com.br\/news\/wp-json\/wp\/v2\/comments?post=4728"}],"version-history":[{"count":0,"href":"https:\/\/guialimeira.com.br\/news\/wp-json\/wp\/v2\/posts\/4728\/revisions"}],"wp:featuredmedia":[{"embeddable":true,"href":"https:\/\/guialimeira.com.br\/news\/wp-json\/wp\/v2\/media\/4729"}],"wp:attachment":[{"href":"https:\/\/guialimeira.com.br\/news\/wp-json\/wp\/v2\/media?parent=4728"}],"wp:term":[{"taxonomy":"category","embeddable":true,"href":"https:\/\/guialimeira.com.br\/news\/wp-json\/wp\/v2\/categories?post=4728"},{"taxonomy":"post_tag","embeddable":true,"href":"https:\/\/guialimeira.com.br\/news\/wp-json\/wp\/v2\/tags?post=4728"}],"curies":[{"name":"wp","href":"https:\/\/api.w.org\/{rel}","templated":true}]}}