{"id":4720,"date":"2024-05-11T19:45:44","date_gmt":"2024-05-11T22:45:44","guid":{"rendered":"https:\/\/guialimeira.com.br\/2024\/05\/11\/flamengo-afasta-crise-com-vitoria-de-2-a-0-contra-timao-no-brasileiro\/"},"modified":"2024-05-11T19:45:44","modified_gmt":"2024-05-11T22:45:44","slug":"flamengo-afasta-crise-com-vitoria-de-2-a-0-contra-timao-no-brasileiro","status":"publish","type":"post","link":"https:\/\/guialimeira.com.br\/news\/flamengo-afasta-crise-com-vitoria-de-2-a-0-contra-timao-no-brasileiro\/","title":{"rendered":"Flamengo afasta crise com vit\u00f3ria de 2 a 0 contra Tim\u00e3o no Brasileiro"},"content":{"rendered":"<p> <br \/>\n<\/p>\n<div>\n<p>Diante de quase 57 mil presentes ao Maracan\u00e3, a torcida do Flamengo e o t\u00e9cnico Tite tiveram um momento de tr\u00e9gua e paz na tarde deste s\u00e1bado (11). O Rubro-Negro derrotou o Corinthians por 2 a 0, na abertura da sexta rodada do Campeonato Brasileiro e, com o resultado, dormir\u00e1 na lideran\u00e7a da competi\u00e7\u00e3o, com 11 pontos, embora possa ser ultrapassado por v\u00e1rios times amanh\u00e3. Pedro e Lorran, de 17 anos, fizeram os gols do Flamengo, que vinha de derrota para o Palestino, do Chile, pela Libertadores. O Tim\u00e3o, com cinco pontos, \u00e9 o 15\u00ba na tabela.<img data-recalc-dims=\"1\" decoding=\"async\" src=\"https:\/\/i0.wp.com\/agenciabrasil.ebc.com.br\/ebc.png?w=696&#038;ssl=1\" style=\"width:1px; height:1px; display:inline;\"\/><img data-recalc-dims=\"1\" decoding=\"async\" src=\"https:\/\/i0.wp.com\/agenciabrasil.ebc.com.br\/ebc.gif?w=696&#038;ssl=1\" style=\"width:1px; height:1px; display:inline;\"\/><\/p>\n<blockquote class=\"twitter-tweet\">\n<p dir=\"ltr\" lang=\"pt\" xml:lang=\"pt\">FIIIIIIIM DE JOGO NO MARACA! O Meng\u00e3o vence o Corinthians por 2 a 0 com gols de Pedro e Lorran, pelo Brasileir\u00e3o!<a href=\"https:\/\/twitter.com\/hashtag\/CRF?src=hash&amp;ref_src=twsrc%5Etfw\" rel=\"noopener\">#CRF<\/a> <a href=\"https:\/\/twitter.com\/hashtag\/VamosFlamengo?src=hash&amp;ref_src=twsrc%5Etfw\" rel=\"noopener\">#VamosFlamengo<\/a> <a href=\"https:\/\/t.co\/MPxkI7sTu2\">pic.twitter.com\/MPxkI7sTu2<\/a><\/p>\n<p>\u2014 Flamengo (@Flamengo) <a href=\"https:\/\/twitter.com\/Flamengo\/status\/1789399953124511891?ref_src=twsrc%5Etfw\" rel=\"noopener\">May 11, 2024<\/a><\/p><\/blockquote>\n<p>Mesmo sob press\u00e3o pelos maus resultados recentes &#8211; um deles foi a derrota na para o Palestinos (1 a 0) na quarta (8), na fase de grupos da Copa Libertadores &#8211;\u00a0o Flamengo teve amplo dom\u00ednio na primeira etapa e encontrou o gol de maneira natural. Aos 19 minutos, Pedro recebeu na \u00e1rea, deixou o marcador no ch\u00e3o com um corte para dentro e, com a ponta do p\u00e9 direito, tocou na sa\u00edda do goleiro Carlos Miguel, que desviou a bola mas n\u00e3o evitou o gol.<\/p>\n<p>Everton Cebolinha, Lorran e o pr\u00f3prio Pedro tiveram outras chances para marcar, mas o placar n\u00e3o se alterou na etapa inicial.<\/p>\n<p>No segundo tempo, o time paulista procurou mais o jogo e obrigou o goleiro argentino Rossi a fazer grandes defesas para n\u00e3o ser vazado. No entanto, todo o esfor\u00e7o corintiano foi por \u00e1gua abaixo por um vacilo do zagueiro Cac\u00e1, aos 17. Ele foi desarmado na sa\u00edda de bola por Lorran, Gerson avan\u00e7ou e tocou de volta para o atacante finalizar rasteiro, j\u00e1 dentro da \u00e1rea e marcar o 2 a 0.<\/p>\n<p>A equipe do t\u00e9cnico Tite conseguiu controlar o restante do jogo e segurar o triunfo. Na pr\u00f3xima rodada, o Flamengo encara o Vasco, no cl\u00e1ssico carioca, no s\u00e1bado (18). No dia seguinte, o Corinthians recebe o Botafogo em S\u00e3o Paulo.<\/p>\n<p>No entanto, antes disso, ambas as equipes t\u00eam compromisso pelas competi\u00e7\u00f5es sul-americanas no meio da semana. Na ter\u00e7a (14), o Corinthians ser\u00e1 o anfitri\u00e3o diante do Argentinos Juniors, pela Copa Sul-Americana. No dia seguinte, pela Libertadores da Am\u00e9rica, o Flamengo recebe o Bol\u00edvar (Bol\u00edvia).<\/p>\n<\/p><\/div>\n<p><script async src=\"\/\/platform.twitter.com\/widgets.js\" charset=\"utf-8\"><\/script><br \/>\n<br \/><br \/>\n<br \/><a href=\"https:\/\/agenciabrasil.ebc.com.br\/esportes\/noticia\/2024-05\/flamengo-afasta-crise-com-vitoria-de-2-0-contra-timao-no-brasileiro\" rel=\"noopener\">Ag\u00eancia Brasil<\/a><\/p>\n","protected":false},"excerpt":{"rendered":"<p>Diante de quase 57 mil presentes ao Maracan\u00e3, a torcida do Flamengo e o t\u00e9cnico Tite tiveram um momento de tr\u00e9gua e paz na tarde deste s\u00e1bado (11). O Rubro-Negro derrotou o Corinthians por 2 a 0, na abertura da sexta rodada do Campeonato Brasileiro e, com o resultado, dormir\u00e1 na lideran\u00e7a da competi\u00e7\u00e3o, com [&hellip;]<\/p>\n","protected":false},"author":1,"featured_media":4721,"comment_status":"open","ping_status":"open","sticky":false,"template":"","format":"standard","meta":{"_jetpack_newsletter_access":"","_jetpack_dont_email_post_to_subs":false,"_jetpack_newsletter_tier_id":0,"_jetpack_memberships_contains_paywalled_content":false,"_mbp_banners":[],"_jetpack_feature_clip_id":0,"_jetpack_memberships_contains_paid_content":false,"footnotes":"","jetpack_publicize_message":"","jetpack_publicize_feature_enabled":true,"jetpack_social_post_already_shared":true,"jetpack_social_options":{"image_generator_settings":{"template":"highway","default_image_id":0,"font":"","enabled":false},"version":2},"jetpack_post_was_ever_published":false},"categories":[23],"tags":[],"class_list":["post-4720","post","type-post","status-publish","format-standard","has-post-thumbnail","category-esportes"],"jetpack_publicize_connections":[],"jetpack-related-posts":[],"jetpack_shortlink":"https:\/\/wp.me\/p7Eq1F-1e8","jetpack_sharing_enabled":true,"jetpack_featured_media_url":"https:\/\/i0.wp.com\/guialimeira.com.br\/news\/wp-content\/uploads\/2024\/05\/lorran_flamengo.jpg?fit=1600%2C800&ssl=1","_links":{"self":[{"href":"https:\/\/guialimeira.com.br\/news\/wp-json\/wp\/v2\/posts\/4720","targetHints":{"allow":["GET"]}}],"collection":[{"href":"https:\/\/guialimeira.com.br\/news\/wp-json\/wp\/v2\/posts"}],"about":[{"href":"https:\/\/guialimeira.com.br\/news\/wp-json\/wp\/v2\/types\/post"}],"author":[{"embeddable":true,"href":"https:\/\/guialimeira.com.br\/news\/wp-json\/wp\/v2\/users\/1"}],"replies":[{"embeddable":true,"href":"https:\/\/guialimeira.com.br\/news\/wp-json\/wp\/v2\/comments?post=4720"}],"version-history":[{"count":0,"href":"https:\/\/guialimeira.com.br\/news\/wp-json\/wp\/v2\/posts\/4720\/revisions"}],"wp:featuredmedia":[{"embeddable":true,"href":"https:\/\/guialimeira.com.br\/news\/wp-json\/wp\/v2\/media\/4721"}],"wp:attachment":[{"href":"https:\/\/guialimeira.com.br\/news\/wp-json\/wp\/v2\/media?parent=4720"}],"wp:term":[{"taxonomy":"category","embeddable":true,"href":"https:\/\/guialimeira.com.br\/news\/wp-json\/wp\/v2\/categories?post=4720"},{"taxonomy":"post_tag","embeddable":true,"href":"https:\/\/guialimeira.com.br\/news\/wp-json\/wp\/v2\/tags?post=4720"}],"curies":[{"name":"wp","href":"https:\/\/api.w.org\/{rel}","templated":true}]}}