{"id":470,"date":"2024-03-30T01:02:44","date_gmt":"2024-03-30T04:02:44","guid":{"rendered":"https:\/\/guialimeira.com.br\/2024\/03\/30\/prefeitura-municipal-de-americana-12\/"},"modified":"2024-03-30T01:02:44","modified_gmt":"2024-03-30T04:02:44","slug":"prefeitura-municipal-de-americana-12","status":"publish","type":"post","link":"https:\/\/guialimeira.com.br\/news\/prefeitura-municipal-de-americana-12\/","title":{"rendered":"Prefeitura Municipal de Americana"},"content":{"rendered":"<p> <br \/>\n<\/p>\n<div>\n<div class=\"row d-flex align-items-center mb-4\">\n<div class=\"col-md-6\">\n<p>\n\t\t\t\t\t\t\t\t\t\tPublicada em 27 de Mar\u00e7o de 2024 \u00e0s 14h05\n\t\t\t\t\t\t\t\t\t<\/p>\n<\/p><\/div>\n<\/p><\/div>\n<div class=\"mb-5\">A Prefeitura de Americana renovou por mais cinco anos o conv\u00eanio com a Funda\u00e7\u00e3o de Prote\u00e7\u00e3o e Defesa do Consumidor (Procon). O v\u00ednculo \u00e9 necess\u00e1rio para manter uma unidade do servi\u00e7o atuando no munic\u00edpio. A Lei 6.854, que autoriza a formaliza\u00e7\u00e3o do acordo, foi publicada no Di\u00e1rio Oficial do Munic\u00edpio de segunda-feira (25).<\/p>\n<p>&#8220;Pela legisla\u00e7\u00e3o, Americana fica autorizada a manter conv\u00eanio de coopera\u00e7\u00e3o t\u00e9cnica para o desenvolvimento, no \u00e2mbito municipal, de programa de prote\u00e7\u00e3o e defesa do consumidor&#8221;, explicou o diretor Estev\u00e3o Luis Cardoso Pavan.<\/p>\n<p>O Procon Americana funciona no primeiro piso do Pa\u00e7o Municipal, \u00e0 Avenida Brasil, n\u00ba 85, e atende de segunda a sexta-feira, das 9h \u00e0s 16h. O \u00f3rg\u00e3o tamb\u00e9m realiza pesquisas, fiscaliza\u00e7\u00e3o e orienta\u00e7\u00e3o em datas espec\u00edficas e comemorativas.<\/p>\n<p>Texto: Pedro Roberto da Silva (MTb 24.215)\n                            <\/p>\n<\/div><\/div>\n<p><script async defer crossorigin=\"anonymous\" src=\"https:\/\/connect.facebook.net\/pt_BR\/sdk.js#xfbml=1&#038;version=v5.0\"><\/script><br \/>\n<br \/><br \/>\n<br \/><a href=\"https:\/\/www.americana.sp.gov.br\/americana-index.php?a=noticia&#038;id=30454\" rel=\"noopener\">Informa\u00e7\u00f5es PMA<\/a><\/p>\n","protected":false},"excerpt":{"rendered":"<p>Publicada em 27 de Mar\u00e7o de 2024 \u00e0s 14h05 A Prefeitura de Americana renovou por mais cinco anos o conv\u00eanio com a Funda\u00e7\u00e3o de Prote\u00e7\u00e3o e Defesa do Consumidor (Procon). O v\u00ednculo \u00e9 necess\u00e1rio para manter uma unidade do servi\u00e7o atuando no munic\u00edpio. A Lei 6.854, que autoriza a formaliza\u00e7\u00e3o do acordo, foi publicada no [&hellip;]<\/p>\n","protected":false},"author":1,"featured_media":0,"comment_status":"open","ping_status":"open","sticky":false,"template":"","format":"standard","meta":{"_jetpack_newsletter_access":"","_jetpack_dont_email_post_to_subs":false,"_jetpack_newsletter_tier_id":0,"_jetpack_memberships_contains_paywalled_content":false,"_mbp_banners":[],"_jetpack_feature_clip_id":0,"_jetpack_memberships_contains_paid_content":false,"footnotes":"","jetpack_publicize_message":"","jetpack_publicize_feature_enabled":true,"jetpack_social_post_already_shared":true,"jetpack_social_options":{"image_generator_settings":{"template":"highway","default_image_id":0,"font":"","enabled":false},"version":2},"jetpack_post_was_ever_published":false},"categories":[20],"tags":[],"class_list":["post-470","post","type-post","status-publish","format-standard","category-regiao"],"jetpack_publicize_connections":[],"jetpack-related-posts":[],"jetpack_shortlink":"https:\/\/wp.me\/p7Eq1F-7A","jetpack_sharing_enabled":true,"jetpack_featured_media_url":"","_links":{"self":[{"href":"https:\/\/guialimeira.com.br\/news\/wp-json\/wp\/v2\/posts\/470","targetHints":{"allow":["GET"]}}],"collection":[{"href":"https:\/\/guialimeira.com.br\/news\/wp-json\/wp\/v2\/posts"}],"about":[{"href":"https:\/\/guialimeira.com.br\/news\/wp-json\/wp\/v2\/types\/post"}],"author":[{"embeddable":true,"href":"https:\/\/guialimeira.com.br\/news\/wp-json\/wp\/v2\/users\/1"}],"replies":[{"embeddable":true,"href":"https:\/\/guialimeira.com.br\/news\/wp-json\/wp\/v2\/comments?post=470"}],"version-history":[{"count":0,"href":"https:\/\/guialimeira.com.br\/news\/wp-json\/wp\/v2\/posts\/470\/revisions"}],"wp:attachment":[{"href":"https:\/\/guialimeira.com.br\/news\/wp-json\/wp\/v2\/media?parent=470"}],"wp:term":[{"taxonomy":"category","embeddable":true,"href":"https:\/\/guialimeira.com.br\/news\/wp-json\/wp\/v2\/categories?post=470"},{"taxonomy":"post_tag","embeddable":true,"href":"https:\/\/guialimeira.com.br\/news\/wp-json\/wp\/v2\/tags?post=470"}],"curies":[{"name":"wp","href":"https:\/\/api.w.org\/{rel}","templated":true}]}}