{"id":4698,"date":"2024-05-11T16:06:46","date_gmt":"2024-05-11T19:06:46","guid":{"rendered":"https:\/\/guialimeira.com.br\/?p=4698"},"modified":"2024-05-11T16:06:49","modified_gmt":"2024-05-11T19:06:49","slug":"alto-consumo-e-temperaturas-elevadas-afetam-nivel-de-reservatorio-neste-sabado-11","status":"publish","type":"post","link":"https:\/\/guialimeira.com.br\/news\/alto-consumo-e-temperaturas-elevadas-afetam-nivel-de-reservatorio-neste-sabado-11\/","title":{"rendered":"Alto consumo e temperaturas elevadas afetam n\u00edvel de reservat\u00f3rio neste s\u00e1bado (11)"},"content":{"rendered":"\n<p class=\"wp-block-paragraph\">A BRK, concession\u00e1ria respons\u00e1vel pelos servi\u00e7os de \u00e1gua e esgoto de Limeira, informa que parte dos bairros da regi\u00e3o Noroeste, pode ter oscila\u00e7\u00f5es no abastecimento de \u00e1gua neste s\u00e1bado, dia 11, por conta do alto consumo e das temperaturas elevadas, o que ocasionou baixa no n\u00edvel do reservat\u00f3rio que abastece a regi\u00e3o. A previs\u00e3o \u00e9 que o fornecimento de \u00e1gua seja normalizado na noite deste s\u00e1bado, dia 11.&nbsp;<\/p>\n\n\n\n<p class=\"wp-block-paragraph\">A concession\u00e1ria tem atuado de forma a restabelecer o servi\u00e7o, mas refor\u00e7a a import\u00e2ncia do uso respons\u00e1vel da \u00e1gua por parte da popula\u00e7\u00e3o, priorizando o consumo pr\u00f3prio, preparo de alimentos e higiene.<\/p>\n\n\n\n<p class=\"wp-block-paragraph\">Os bairros que podem ser afetados s\u00e3o:<\/p>\n\n\n\n<p class=\"wp-block-paragraph\">Bairro da Geada, Conjunto Residencial Veneza, Jardim Caieira, Jardim Cidade Universit\u00e1ria, Jardim Morro Branco, Jardim Residencial Belinha Ometto, Jardim S\u00e3o Francisco, Nossa Senhora das Dores e Parque Ab\u00edlio Pedro.<\/p>\n\n\n\n<p class=\"wp-block-paragraph\">Em caso de d\u00favidas ligue para 0800 771 0001. A liga\u00e7\u00e3o \u00e9 gratuita e o atendimento funciona 24 horas por dia.<\/p>\n","protected":false},"excerpt":{"rendered":"<p>A BRK, concession\u00e1ria respons\u00e1vel pelos servi\u00e7os de \u00e1gua e esgoto de Limeira, informa que parte dos bairros da regi\u00e3o Noroeste, pode ter oscila\u00e7\u00f5es no abastecimento de \u00e1gua neste s\u00e1bado, dia 11, por conta do alto consumo e das temperaturas elevadas, o que ocasionou baixa no n\u00edvel do reservat\u00f3rio que abastece a regi\u00e3o. A previs\u00e3o \u00e9 [&hellip;]<\/p>\n","protected":false},"author":1,"featured_media":2235,"comment_status":"open","ping_status":"open","sticky":false,"template":"","format":"standard","meta":{"_jetpack_newsletter_access":"","_jetpack_dont_email_post_to_subs":false,"_jetpack_newsletter_tier_id":0,"_jetpack_memberships_contains_paywalled_content":false,"_mbp_banners":[],"_jetpack_feature_clip_id":0,"_jetpack_memberships_contains_paid_content":false,"footnotes":"","jetpack_publicize_message":"","jetpack_publicize_feature_enabled":true,"jetpack_social_post_already_shared":true,"jetpack_social_options":{"image_generator_settings":{"template":"highway","default_image_id":0,"font":"","enabled":false},"version":2},"jetpack_post_was_ever_published":false},"categories":[16],"tags":[],"class_list":["post-4698","post","type-post","status-publish","format-standard","has-post-thumbnail","category-local"],"jetpack_publicize_connections":[],"jetpack-related-posts":[],"jetpack_shortlink":"https:\/\/wp.me\/p7Eq1F-1dM","jetpack_sharing_enabled":true,"jetpack_featured_media_url":"https:\/\/i0.wp.com\/guialimeira.com.br\/news\/wp-content\/uploads\/2024\/04\/brk-limeira-scaled.jpg?fit=2560%2C1707&ssl=1","_links":{"self":[{"href":"https:\/\/guialimeira.com.br\/news\/wp-json\/wp\/v2\/posts\/4698","targetHints":{"allow":["GET"]}}],"collection":[{"href":"https:\/\/guialimeira.com.br\/news\/wp-json\/wp\/v2\/posts"}],"about":[{"href":"https:\/\/guialimeira.com.br\/news\/wp-json\/wp\/v2\/types\/post"}],"author":[{"embeddable":true,"href":"https:\/\/guialimeira.com.br\/news\/wp-json\/wp\/v2\/users\/1"}],"replies":[{"embeddable":true,"href":"https:\/\/guialimeira.com.br\/news\/wp-json\/wp\/v2\/comments?post=4698"}],"version-history":[{"count":1,"href":"https:\/\/guialimeira.com.br\/news\/wp-json\/wp\/v2\/posts\/4698\/revisions"}],"predecessor-version":[{"id":4699,"href":"https:\/\/guialimeira.com.br\/news\/wp-json\/wp\/v2\/posts\/4698\/revisions\/4699"}],"wp:featuredmedia":[{"embeddable":true,"href":"https:\/\/guialimeira.com.br\/news\/wp-json\/wp\/v2\/media\/2235"}],"wp:attachment":[{"href":"https:\/\/guialimeira.com.br\/news\/wp-json\/wp\/v2\/media?parent=4698"}],"wp:term":[{"taxonomy":"category","embeddable":true,"href":"https:\/\/guialimeira.com.br\/news\/wp-json\/wp\/v2\/categories?post=4698"},{"taxonomy":"post_tag","embeddable":true,"href":"https:\/\/guialimeira.com.br\/news\/wp-json\/wp\/v2\/tags?post=4698"}],"curies":[{"name":"wp","href":"https:\/\/api.w.org\/{rel}","templated":true}]}}