{"id":46908,"date":"2025-10-03T17:33:51","date_gmt":"2025-10-03T20:33:51","guid":{"rendered":"https:\/\/guialimeira.com.br\/?p=46908"},"modified":"2025-10-03T17:33:51","modified_gmt":"2025-10-03T20:33:51","slug":"festa-do-dia-das-criancas-sera-no-lago-uniao-com-transporte-gratuito-em-cordeiropolis-prefeitura-municipal-de-cordeiropolis","status":"publish","type":"post","link":"https:\/\/guialimeira.com.br\/news\/festa-do-dia-das-criancas-sera-no-lago-uniao-com-transporte-gratuito-em-cordeiropolis-prefeitura-municipal-de-cordeiropolis\/","title":{"rendered":"Festa do Dia das Crian\u00e7as ser\u00e1 no Lago Uni\u00e3o com transporte gratuito em Cordeir\u00f3polis \u2013 Prefeitura Municipal de Cordeir\u00f3polis"},"content":{"rendered":"<p> <br \/>\n<\/p>\n<div>\n<p>A Prefeitura de Cordeir\u00f3polis, em parceria com a comunidade, com\u00e9rcio, entidades e empres\u00e1rios, realiza em 11 de outubro (s\u00e1bado) a Festa do Dia das Crian\u00e7as. O evento acontecer\u00e1 no Lago Uni\u00e3o, das 13h \u00e0s 17h. Haver\u00e1 programa\u00e7\u00e3o cultural, oficinas, brinquedos, distribui\u00e7\u00e3o gratuita de pipoca, algod\u00e3o-doce e outras atividades para toda a fam\u00edlia.<\/p>\n<p>A realiza\u00e7\u00e3o \u00e9 das secretarias de Esporte e Lazer, de Cultura, de Educa\u00e7\u00e3o e de Meio Ambiente, com apoio das demais pastas. Haver\u00e1 doa\u00e7\u00e3o de hortali\u00e7as no dia do evento. Al\u00e9m disso, para facilitar o acesso da popula\u00e7\u00e3o, a prefeitura disponibilizar\u00e1 transporte gratuito para o Lago Uni\u00e3o, com \u00f4nibus passando por diversos bairros da cidade.<\/p>\n<p>\u201cQueremos que as crian\u00e7as vivam um dia de alegria, com acesso a atividades culturais e recreativas, e que as fam\u00edlias possam aproveitar com tranquilidade. O transporte gratuito \u00e9 um incentivo para que ningu\u00e9m fique de fora dessa grande festa. Foi um esfor\u00e7o conjunto das nossas secretarias com a comunidade para organizar esse evento\u201d, destacou a prefeita Cristina Saad.<\/p>\n<p><strong>Itiner\u00e1rio do transporte<\/strong><\/p>\n<p>O desembarque ocorrer\u00e1 no Lago Uni\u00e3o pela Rua Tancredo Neves. O retorno do \u00f4nibus est\u00e1 programa para as 16h, com embarque tamb\u00e9m pela Tancredo Neves. Todas as crian\u00e7as devem estar acompanhadas por um adulto respons\u00e1vel. Confira os pontos e hor\u00e1rios:<\/p>\n<p>Santa Rita \u2013 13h<\/p>\n<p>Assentamento (Eldorado) \u2013 13h05<\/p>\n<p>Assentamento XX de Novembro \u2013 13h<\/p>\n<p>Escola Am\u00e1lia \u2013 13h10<\/p>\n<p>Portal das Torres \u2013 13h<\/p>\n<p>Conjunto Habitacional \u00c2ngelo Betin \u2013 13h05<\/p>\n<p>Vip\u00e3o (Vila Barbosa) \u2013 13h07<\/p>\n<p>Residencial Villagio Corte \u2013 13h10<\/p>\n<p>Jardim Bosque \u2013 13h<\/p>\n<p>Esta\u00e7\u00e3o \u2013 13h05<\/p>\n<p>Escola Levy \u2013 13h10<\/p>\n<p>Jardim Floren\u00e7a \u2013 13h15<\/p>\n<p>Engenho Velho \u2013 13h<\/p>\n<p>Escola Jorge Fernandes \u2013 13h10<\/p>\n<p>Escola Geraldo Rocha \u2013 13h<\/p>\n<p>Escola Jamil \u2013 13h05<\/p>\n<p>Escola Maria Aparecida \u2013 13h<\/p>\n<p>Escola Od\u00e9cio Lucke \u2013 13h<\/p>\n<p>Bar do Lau \u2013 13h05<\/p>\n<p>Sorveteria do S\u00e3o Luiz \u2013 13h10<\/p>\n<\/p><\/div>\n<p><br \/>\n<br \/><a href=\"https:\/\/www.cordeiropolis.sp.gov.br\/festa-do-dia-das-criancas-sera-no-lago-uniao-com-transporte-gratuito-em-cordeiropolis\/\" rel=\"noopener\">Informa\u00e7\u00f5es Cordeir\u00f3polis <\/a><\/p>\n","protected":false},"excerpt":{"rendered":"<p>A Prefeitura de Cordeir\u00f3polis, em parceria com a comunidade, com\u00e9rcio, entidades e empres\u00e1rios, realiza em 11 de outubro (s\u00e1bado) a Festa do Dia das Crian\u00e7as. O evento acontecer\u00e1 no Lago Uni\u00e3o, das 13h \u00e0s 17h. Haver\u00e1 programa\u00e7\u00e3o cultural, oficinas, brinquedos, distribui\u00e7\u00e3o gratuita de pipoca, algod\u00e3o-doce e outras atividades para toda a fam\u00edlia. A realiza\u00e7\u00e3o \u00e9 [&hellip;]<\/p>\n","protected":false},"author":1,"featured_media":0,"comment_status":"open","ping_status":"open","sticky":false,"template":"","format":"standard","meta":{"_jetpack_newsletter_access":"","_jetpack_dont_email_post_to_subs":false,"_jetpack_newsletter_tier_id":0,"_jetpack_memberships_contains_paywalled_content":false,"_mbp_banners":[],"_jetpack_feature_clip_id":0,"_jetpack_memberships_contains_paid_content":false,"footnotes":"","jetpack_publicize_message":"","jetpack_publicize_feature_enabled":true,"jetpack_social_post_already_shared":true,"jetpack_social_options":{"image_generator_settings":{"template":"highway","default_image_id":0,"font":"","enabled":false},"version":2},"jetpack_post_was_ever_published":false},"categories":[20],"tags":[],"class_list":["post-46908","post","type-post","status-publish","format-standard","category-regiao"],"jetpack_publicize_connections":[],"jetpack-related-posts":[],"jetpack_shortlink":"https:\/\/wp.me\/p7Eq1F-ccA","jetpack_sharing_enabled":true,"jetpack_featured_media_url":"","_links":{"self":[{"href":"https:\/\/guialimeira.com.br\/news\/wp-json\/wp\/v2\/posts\/46908","targetHints":{"allow":["GET"]}}],"collection":[{"href":"https:\/\/guialimeira.com.br\/news\/wp-json\/wp\/v2\/posts"}],"about":[{"href":"https:\/\/guialimeira.com.br\/news\/wp-json\/wp\/v2\/types\/post"}],"author":[{"embeddable":true,"href":"https:\/\/guialimeira.com.br\/news\/wp-json\/wp\/v2\/users\/1"}],"replies":[{"embeddable":true,"href":"https:\/\/guialimeira.com.br\/news\/wp-json\/wp\/v2\/comments?post=46908"}],"version-history":[{"count":1,"href":"https:\/\/guialimeira.com.br\/news\/wp-json\/wp\/v2\/posts\/46908\/revisions"}],"predecessor-version":[{"id":46909,"href":"https:\/\/guialimeira.com.br\/news\/wp-json\/wp\/v2\/posts\/46908\/revisions\/46909"}],"wp:attachment":[{"href":"https:\/\/guialimeira.com.br\/news\/wp-json\/wp\/v2\/media?parent=46908"}],"wp:term":[{"taxonomy":"category","embeddable":true,"href":"https:\/\/guialimeira.com.br\/news\/wp-json\/wp\/v2\/categories?post=46908"},{"taxonomy":"post_tag","embeddable":true,"href":"https:\/\/guialimeira.com.br\/news\/wp-json\/wp\/v2\/tags?post=46908"}],"curies":[{"name":"wp","href":"https:\/\/api.w.org\/{rel}","templated":true}]}}