{"id":4686,"date":"2024-05-11T13:42:00","date_gmt":"2024-05-11T16:42:00","guid":{"rendered":"https:\/\/guialimeira.com.br\/2024\/05\/11\/museu-casa-mario-de-andrade-reabre-ampliado-com-novas-exposicoes\/"},"modified":"2024-05-11T13:42:00","modified_gmt":"2024-05-11T16:42:00","slug":"museu-casa-mario-de-andrade-reabre-ampliado-com-novas-exposicoes","status":"publish","type":"post","link":"https:\/\/guialimeira.com.br\/news\/museu-casa-mario-de-andrade-reabre-ampliado-com-novas-exposicoes\/","title":{"rendered":"Museu Casa M\u00e1rio de Andrade reabre ampliado com novas exposi\u00e7\u00f5es"},"content":{"rendered":"<p> <br \/>\n<\/p>\n<div id=\"\">&#13;<br \/>\n                                <!-- Title -->&#13;<br \/>\n                                &#13;<br \/>\n&#13;<br \/>\n                                <!-- Excerpt -->&#13;<\/p>\n<p class=\"excerpt\">Pr\u00e9dio que celebra a mem\u00f3ria e a obra do escritor modernista paulista passou por reestrutura\u00e7\u00e3o e recebe o p\u00fablico com duas novas exposi\u00e7\u00f5es<\/p>\n<p>&#13;<br \/>\n&#13;<br \/>\n                                &#13;\n                            <\/p><\/div>\n<div id=\"\">&#13;<\/p>\n<figure id=\"attachment_5882787\" style=\"width: 100%;max-width: 1024px\" class=\"wp-caption aligncenter caption-hide\"><img data-recalc-dims=\"1\" decoding=\"async\" loading=\"lazy\" class=\"size-large wp-image-5882787\" src=\"https:\/\/i0.wp.com\/www.saopaulo.sp.gov.br\/wp-content\/uploads\/2024\/05\/Casa-Mario-de-Andrade-46-1024x683.jpg?resize=696%2C464&#038;ssl=1\" alt=\"\" width=\"696\" height=\"464\" srcset=\"https:\/\/www.saopaulo.sp.gov.br\/wp-content\/uploads\/2024\/05\/Casa-Mario-de-Andrade-46-1024x683.jpg 1024w, https:\/\/www.saopaulo.sp.gov.br\/wp-content\/uploads\/2024\/05\/Casa-Mario-de-Andrade-46-300x200.jpg 300w, https:\/\/www.saopaulo.sp.gov.br\/wp-content\/uploads\/2024\/05\/Casa-Mario-de-Andrade-46-768x512.jpg 768w, https:\/\/www.saopaulo.sp.gov.br\/wp-content\/uploads\/2024\/05\/Casa-Mario-de-Andrade-46-1536x1024.jpg 1536w, https:\/\/www.saopaulo.sp.gov.br\/wp-content\/uploads\/2024\/05\/Casa-Mario-de-Andrade-46-2048x1365.jpg 2048w\" sizes=\"auto, (max-width: 1024px) 100vw, 1024px\"\/><\/figure>\n<p>O Governo de S\u00e3o Paulo, por meio da <a href=\"https:\/\/www.cultura.sp.gov.br\/\" rel=\"noopener\">Secretaria da Cultura, Economia e Ind\u00fastria Criativas do Estado de S\u00e3o Paulo<\/a>, celebra a sua contribui\u00e7\u00e3o para a cultura brasileira e seu compromisso com a preserva\u00e7\u00e3o da hist\u00f3ria e arte paulista ao reabrir, neste s\u00e1bado (11), o Museu Casa M\u00e1rio de Andrade, na capital.<\/p>\n<p>Com investimento de R$ 7,7 milh\u00f5es, o espa\u00e7o, gerenciado em parceria com a Organiza\u00e7\u00e3o Social Poiesis, passou por completa reestrutura\u00e7\u00e3o e amplia\u00e7\u00e3o, com a aquisi\u00e7\u00e3o de dois im\u00f3veis que tamb\u00e9m fizeram parte da hist\u00f3ria da fam\u00edlia do escritor, e foram incorporados \u00e0 resid\u00eancia principal.<\/p>\n<p>\u201cM\u00e1rio de Andrade foi uma figura central no modernismo brasileiro. A reabertura reafirma o compromisso que o Governo de SP tem com a preserva\u00e7\u00e3o e promo\u00e7\u00e3o da cultura brasileira, ao oferecer um espa\u00e7o din\u00e2mico e acess\u00edvel para a aprecia\u00e7\u00e3o e a discuss\u00e3o sobre literatura, arte, mem\u00f3ria, patrim\u00f4nio cultural e quest\u00f5es importantes da atualidade\u201d, declarou a secret\u00e1ria Mar\u00edlia Marton.<\/p>\n<p>Entre os principais destaques dessa expans\u00e3o est\u00e3o novas salas para mostras, que na inaugura\u00e7\u00e3o recebem a exposi\u00e7\u00e3o imersiva \u201cA origem de Macuna\u00edma\u201d, focada no personagem Macuna\u00edma e na origem do mito ind\u00edgena que inspirou uma das principais obras liter\u00e1rias do modernismo, escrita por M\u00e1rio.<\/p>\n<p>A expans\u00e3o f\u00edsica do museu conta, ainda, com espa\u00e7o do caf\u00e9; loja e o novo audit\u00f3rio com capacidade para 83 pessoas \u2014 esses dois \u00faltimos espa\u00e7os com abertura prevista para o 2\u00ba semestre de 2024, sendo o audit\u00f3rio com 100 m\u00b2 voltado aos diversos tipos de eventos, como semin\u00e1rios, apresenta\u00e7\u00f5es teatrais e musicais.<\/p>\n<figure id=\"attachment_5882808\" style=\"width: 100%;max-width: 1024px\" class=\"wp-caption aligncenter caption-hide\"><img data-recalc-dims=\"1\" decoding=\"async\" loading=\"lazy\" class=\"size-large wp-image-5882808\" src=\"https:\/\/i0.wp.com\/www.saopaulo.sp.gov.br\/wp-content\/uploads\/2024\/05\/museu-casa-mario-de-andrade-2-1024x768.jpeg?resize=696%2C522&#038;ssl=1\" alt=\"\" width=\"696\" height=\"522\" srcset=\"https:\/\/www.saopaulo.sp.gov.br\/wp-content\/uploads\/2024\/05\/museu-casa-mario-de-andrade-2-1024x768.jpeg 1024w, https:\/\/www.saopaulo.sp.gov.br\/wp-content\/uploads\/2024\/05\/museu-casa-mario-de-andrade-2-300x225.jpeg 300w, https:\/\/www.saopaulo.sp.gov.br\/wp-content\/uploads\/2024\/05\/museu-casa-mario-de-andrade-2-768x576.jpeg 768w, https:\/\/www.saopaulo.sp.gov.br\/wp-content\/uploads\/2024\/05\/museu-casa-mario-de-andrade-2-1536x1152.jpeg 1536w, https:\/\/www.saopaulo.sp.gov.br\/wp-content\/uploads\/2024\/05\/museu-casa-mario-de-andrade-2-2048x1536.jpeg 2048w\" sizes=\"auto, (max-width: 1024px) 100vw, 1024px\"\/><\/figure>\n<p><strong>Amplia\u00e7\u00e3o e acessibilidade<\/strong><\/p>\n<p>O projeto de reforma tamb\u00e9m deixou o Museu totalmente acess\u00edvel. As obras nos dois im\u00f3veis incorporados tiveram especial aten\u00e7\u00e3o \u00e0s necessidades das pessoas com defici\u00eancias e mobilidade reduzida. O novo Museu passa a ter, agora, rampas de acesso, placas em Braille nas portas, elevador, piso podot\u00e1til e banheiros adaptados atendendo os 782,67 m\u00b2 de \u00e1rea agora dispon\u00edveis aos frequentadores.<\/p>\n<p>S\u00e3o cerca de 20 c\u00f4modos, incluindo uma sala de exposi\u00e7\u00f5es tempor\u00e1rias de 105 m\u00b2, um espa\u00e7o para o acervo bibliogr\u00e1fico destinado a pesquisadores, outros para caf\u00e9 e loja que ter\u00e1 produtos relacionados ao escritor.<\/p>\n<figure id=\"attachment_5882810\" style=\"width: 100%;max-width: 1024px\" class=\"wp-caption aligncenter\"><img data-recalc-dims=\"1\" decoding=\"async\" loading=\"lazy\" class=\"size-large wp-image-5882810\" src=\"https:\/\/i0.wp.com\/www.saopaulo.sp.gov.br\/wp-content\/uploads\/2024\/05\/Legenda_-Os-sobrinhos-do-Mario-de-Andrade-Carlos-Augusto-de-Andrade-Camargo-Maria-Luiza-Camargo-Martins-e-Thereza-Maria-de-Camargo-Canjani-1024x577.jpg?resize=696%2C392&#038;ssl=1\" alt=\"\" width=\"696\" height=\"392\" srcset=\"https:\/\/www.saopaulo.sp.gov.br\/wp-content\/uploads\/2024\/05\/Legenda_-Os-sobrinhos-do-Mario-de-Andrade-Carlos-Augusto-de-Andrade-Camargo-Maria-Luiza-Camargo-Martins-e-Thereza-Maria-de-Camargo-Canjani-1024x577.jpg 1024w, https:\/\/www.saopaulo.sp.gov.br\/wp-content\/uploads\/2024\/05\/Legenda_-Os-sobrinhos-do-Mario-de-Andrade-Carlos-Augusto-de-Andrade-Camargo-Maria-Luiza-Camargo-Martins-e-Thereza-Maria-de-Camargo-Canjani-300x169.jpg 300w, https:\/\/www.saopaulo.sp.gov.br\/wp-content\/uploads\/2024\/05\/Legenda_-Os-sobrinhos-do-Mario-de-Andrade-Carlos-Augusto-de-Andrade-Camargo-Maria-Luiza-Camargo-Martins-e-Thereza-Maria-de-Camargo-Canjani-768x432.jpg 768w, https:\/\/www.saopaulo.sp.gov.br\/wp-content\/uploads\/2024\/05\/Legenda_-Os-sobrinhos-do-Mario-de-Andrade-Carlos-Augusto-de-Andrade-Camargo-Maria-Luiza-Camargo-Martins-e-Thereza-Maria-de-Camargo-Canjani-1536x865.jpg 1536w, https:\/\/www.saopaulo.sp.gov.br\/wp-content\/uploads\/2024\/05\/Legenda_-Os-sobrinhos-do-Mario-de-Andrade-Carlos-Augusto-de-Andrade-Camargo-Maria-Luiza-Camargo-Martins-e-Thereza-Maria-de-Camargo-Canjani-2048x1153.jpg 2048w\" sizes=\"auto, (max-width: 1024px) 100vw, 1024px\"\/><figcaption class=\"wp-caption-text\">Os sobrinhos do M\u00e1rio de Andrade, Carlos Augusto de Andrade Camargo, Maria Luiza Camargo Martins e Thereza Maria de Camargo Canjani<\/figcaption><\/figure>\n<p>\u201cA nova dimens\u00e3o que a Casa M\u00e1rio de Andrade passa a ter ap\u00f3s o processo de amplia\u00e7\u00e3o de suas instala\u00e7\u00f5es \u00e9 uma grande conquista para o ambiente cultural de S\u00e3o Paulo. O Museu se torna mais representativo da grande relev\u00e2ncia de M\u00e1rio na hist\u00f3ria da nossa cultura: nele o p\u00fablico poder\u00e1 encontrar muitas atra\u00e7\u00f5es relacionadas \u00e0 m\u00faltipla atua\u00e7\u00e3o que marcou a sua trajet\u00f3ria\u201d, afirmou Marcelo T\u00e1pia, diretor do Museu.<\/p>\n<p>As novas escadas de metal que levam ao pavimento superior do Museu receberam o acabamento de t\u00e1buas em peroba rosa retiradas da antiga estrutura dos tetos das casas anexadas. Com a entrega do espa\u00e7o cultural reestruturado, a Casa M\u00e1rio de Andrade emerge como um s\u00edmbolo de resist\u00eancia, preserva\u00e7\u00e3o e valoriza\u00e7\u00e3o da mem\u00f3ria e da cultura brasileira em um dos bairros mais antigos e tradicionais da capital paulista.<\/p>\n<p><strong>Exposi\u00e7\u00f5es<\/strong><\/p>\n<p>A reabertura ao p\u00fablico do Museu Casa M\u00e1rio de Andrade conta com duas exposi\u00e7\u00f5es gratuitas, com per\u00edodo de visita\u00e7\u00e3o de 11\/05 a 4\/08. Com a curadoria de Francisco Almendra est\u00e1 aberta a exposi\u00e7\u00e3o \u201cA origem de Macuna\u00edma\u201d. A mostra apresenta duas partes. A primeira \u00e9 uma experi\u00eancia em Realidade Virtual (VR), com classifica\u00e7\u00e3o a partir de 12 anos e agendamento obrigat\u00f3rio pelo site. A outra \u00e9 a exposi\u00e7\u00e3o Multim\u00eddia, com classifica\u00e7\u00e3o livre e sem a necessidade de agendamento pr\u00e9vio.<\/p>\n<p>A segunda atra\u00e7\u00e3o dispon\u00edvel ao p\u00fablico \u00e9 a exposi\u00e7\u00e3o \u201cEst\u00fadio de uma vida\u201d, que tem curadoria da equipe do Museu Casa M\u00e1rio de Andrade. A mostra fica dispon\u00edvel tamb\u00e9m at\u00e9 4\/08 e a programa\u00e7\u00e3o \u00e9 totalmente gratuita. No site do Museu <a href=\"http:\/\/www.casamariodeandrade.org.br\" rel=\"noopener\">www.casamariodeandrade.org.br<\/a> , fica dispon\u00edvel a agenda completa das atra\u00e7\u00f5es.<\/p>\n<\/p><\/div>\n<p><br \/>\n<br \/><a href=\"https:\/\/www.saopaulo.sp.gov.br\/spnoticias\/ultimas-noticias\/museu-casa-mario-de-andrade-reabre-novo-ampliado-e-totalmente-acessivo\/\" rel=\"noopener\">Informa\u00e7\u00f5es GOV.SP<\/a><\/p>\n","protected":false},"excerpt":{"rendered":"<p>&#13; &#13; &#13; &#13; &#13; Pr\u00e9dio que celebra a mem\u00f3ria e a obra do escritor modernista paulista passou por reestrutura\u00e7\u00e3o e recebe o p\u00fablico com duas novas exposi\u00e7\u00f5es &#13; &#13; &#13; &#13; O Governo de S\u00e3o Paulo, por meio da Secretaria da Cultura, Economia e Ind\u00fastria Criativas do Estado de S\u00e3o Paulo, celebra a sua [&hellip;]<\/p>\n","protected":false},"author":1,"featured_media":4687,"comment_status":"open","ping_status":"open","sticky":false,"template":"","format":"standard","meta":{"_jetpack_newsletter_access":"","_jetpack_dont_email_post_to_subs":false,"_jetpack_newsletter_tier_id":0,"_jetpack_memberships_contains_paywalled_content":false,"_mbp_banners":[],"_jetpack_feature_clip_id":0,"_jetpack_memberships_contains_paid_content":false,"footnotes":"","jetpack_publicize_message":"","jetpack_publicize_feature_enabled":true,"jetpack_social_post_already_shared":true,"jetpack_social_options":{"image_generator_settings":{"template":"highway","default_image_id":0,"font":"","enabled":false},"version":2},"jetpack_post_was_ever_published":false},"categories":[21],"tags":[],"class_list":["post-4686","post","type-post","status-publish","format-standard","has-post-thumbnail","category-sp-news"],"jetpack_publicize_connections":[],"jetpack-related-posts":[],"jetpack_shortlink":"https:\/\/wp.me\/p7Eq1F-1dA","jetpack_sharing_enabled":true,"jetpack_featured_media_url":"https:\/\/i0.wp.com\/guialimeira.com.br\/news\/wp-content\/uploads\/2024\/05\/Museu-Casa-Mario-de-Andrade-reabre-ampliado-com-novas-exposicoes.jpg?fit=1024%2C683&ssl=1","_links":{"self":[{"href":"https:\/\/guialimeira.com.br\/news\/wp-json\/wp\/v2\/posts\/4686","targetHints":{"allow":["GET"]}}],"collection":[{"href":"https:\/\/guialimeira.com.br\/news\/wp-json\/wp\/v2\/posts"}],"about":[{"href":"https:\/\/guialimeira.com.br\/news\/wp-json\/wp\/v2\/types\/post"}],"author":[{"embeddable":true,"href":"https:\/\/guialimeira.com.br\/news\/wp-json\/wp\/v2\/users\/1"}],"replies":[{"embeddable":true,"href":"https:\/\/guialimeira.com.br\/news\/wp-json\/wp\/v2\/comments?post=4686"}],"version-history":[{"count":0,"href":"https:\/\/guialimeira.com.br\/news\/wp-json\/wp\/v2\/posts\/4686\/revisions"}],"wp:featuredmedia":[{"embeddable":true,"href":"https:\/\/guialimeira.com.br\/news\/wp-json\/wp\/v2\/media\/4687"}],"wp:attachment":[{"href":"https:\/\/guialimeira.com.br\/news\/wp-json\/wp\/v2\/media?parent=4686"}],"wp:term":[{"taxonomy":"category","embeddable":true,"href":"https:\/\/guialimeira.com.br\/news\/wp-json\/wp\/v2\/categories?post=4686"},{"taxonomy":"post_tag","embeddable":true,"href":"https:\/\/guialimeira.com.br\/news\/wp-json\/wp\/v2\/tags?post=4686"}],"curies":[{"name":"wp","href":"https:\/\/api.w.org\/{rel}","templated":true}]}}