{"id":468,"date":"2024-03-30T01:01:52","date_gmt":"2024-03-30T04:01:52","guid":{"rendered":"https:\/\/guialimeira.com.br\/2024\/03\/30\/semdettur-disponibiliza-transporte-gratuito-para-feira-de-viagens-e-turismo-wtm-portal-do-municipio-de-piracicaba\/"},"modified":"2024-03-30T01:01:52","modified_gmt":"2024-03-30T04:01:52","slug":"semdettur-disponibiliza-transporte-gratuito-para-feira-de-viagens-e-turismo-wtm-portal-do-municipio-de-piracicaba","status":"publish","type":"post","link":"https:\/\/guialimeira.com.br\/news\/semdettur-disponibiliza-transporte-gratuito-para-feira-de-viagens-e-turismo-wtm-portal-do-municipio-de-piracicaba\/","title":{"rendered":"Semdettur disponibiliza transporte gratuito para feira de viagens e turismo WTM \u2013 Portal do Munic\u00edpio de Piracicaba"},"content":{"rendered":"<p> <br \/>\n<\/p>\n<div itemprop=\"articleBody\">\n<div class=\"m-auto col-lg-8\">\n<p>A Prefeitura de Piracicaba, por meio da Diretoria de Turismo, vinculada \u00e0 Semdettur (Secretaria Municipal de Desenvolvimento Econ\u00f4mico, Trabalho e Turismo), disponibilizar\u00e1 transporte gratuito para profissionais do setor de turismo participarem da feira de viagens e turismo WTM (World Travel Market), que acontecer\u00e1 de 15 a 17\/04, no Expo Center Norte, na capital paulista. A inscri\u00e7\u00e3o para o transporte deve ser feita no site turismopiracicaba.com.br a partir das 14h de segunda-feira, 1\/04. S\u00e3o 13 vagas por dia e \u00e9 necess\u00e1rio ter registro Cadastur (Cadastro de Prestadores de Servi\u00e7os Tur\u00edsticos), do Minist\u00e9rio do Turismo. A sa\u00edda ser\u00e1 \u00e0s 7h, no pr\u00e9dio do Centro C\u00edvico, situado na rua Ant\u00f4nio Corr\u00eaa Barbosa, 2233, no Centro. O retorno ser\u00e1 \u00e0s 17h, no mesmo local.<\/p>\n<figure class=\"wp-block-image size-full\"><img data-recalc-dims=\"1\" fetchpriority=\"high\" decoding=\"async\" width=\"696\" height=\"396\" src=\"https:\/\/i0.wp.com\/piracicaba.sp.gov.br\/wp-content\/uploads\/2024\/03\/World-Travel-Market-deste-ano-deve-ter-o-envolvimento-de-cerca-de-30-mil-profissionais-de-viagens.jpg?resize=696%2C396&#038;ssl=1\" alt=\"multid\u00e3o de pessoas conversando em um evento\" class=\"wp-image-75944\" srcset=\"https:\/\/piracicaba.sp.gov.br\/wp-content\/uploads\/2024\/03\/World-Travel-Market-deste-ano-deve-ter-o-envolvimento-de-cerca-de-30-mil-profissionais-de-viagens.jpg 827w, https:\/\/piracicaba.sp.gov.br\/wp-content\/uploads\/2024\/03\/World-Travel-Market-deste-ano-deve-ter-o-envolvimento-de-cerca-de-30-mil-profissionais-de-viagens-300x170.jpg 300w, https:\/\/piracicaba.sp.gov.br\/wp-content\/uploads\/2024\/03\/World-Travel-Market-deste-ano-deve-ter-o-envolvimento-de-cerca-de-30-mil-profissionais-de-viagens-768x436.jpg 768w\" sizes=\"(max-width: 827px) 100vw, 827px\"\/><figcaption class=\"wp-element-caption\"><strong><em><sub>World Travel Market deste ano deve ter o envolvimento de cerca de 30 mil profissionais de viagens<\/sub><\/em><\/strong><\/figcaption><\/figure>\n<p>Evento para networking, neg\u00f3cios e obter atualiza\u00e7\u00f5es sobre as novidades do setor, a World Travel Market deste ano deve ter o envolvimento de cerca de 30 mil profissionais de viagens e turismo\u00a0e\u00a0620\u00a0empresas\u00a0expositoras. Na programa\u00e7\u00e3o constam semin\u00e1rios com variedade de profissionais influentes da ind\u00fastria de viagens e turismo, abordando as tend\u00eancias e insights mais recentes.<\/p>\n<p>\u201cO setor de turismo \u00e9 din\u00e2mico, com inova\u00e7\u00f5es constantes, ent\u00e3o estamos oportunizando aos profissionais de Piracicaba a participa\u00e7\u00e3o neste evento, para que se atualizem e, a partir disso, tenham a possibilidade de criar produtos tur\u00edsticos para a nossa cidade, a fim de contribuir para o desenvolvimento do setor no munic\u00edpio. \u00c9 uma maneira de agregar conhecimento e qualificar a oferta diante da demanda\u201d, comentou a diretora municipal de Turismo, Alessandra Freire.<\/p>\n<p>Mais informa\u00e7\u00f5es sobre o transporte para o WTM podem ser obtidas pelo telefone (19) 3403-1174. A inscri\u00e7\u00e3o gratuita para o evento deve ser feita em wtm.com\/latin-america\/pt-br\/inscricoes.html.<\/p>\n<\/div>\n<\/div>\n<p><br \/>\n<br \/><a href=\"https:\/\/piracicaba.sp.gov.br\/noticias\/semdettur-disponibiliza-transporte-gratuito-para-feira-de-viagens-e-turismo-wtm\/\" rel=\"noopener\">Informa\u00e7\u00f5es PMP <\/a><\/p>\n","protected":false},"excerpt":{"rendered":"<p>A Prefeitura de Piracicaba, por meio da Diretoria de Turismo, vinculada \u00e0 Semdettur (Secretaria Municipal de Desenvolvimento Econ\u00f4mico, Trabalho e Turismo), disponibilizar\u00e1 transporte gratuito para profissionais do setor de turismo participarem da feira de viagens e turismo WTM (World Travel Market), que acontecer\u00e1 de 15 a 17\/04, no Expo Center Norte, na capital paulista. A [&hellip;]<\/p>\n","protected":false},"author":1,"featured_media":469,"comment_status":"open","ping_status":"open","sticky":false,"template":"","format":"standard","meta":{"_jetpack_newsletter_access":"","_jetpack_dont_email_post_to_subs":false,"_jetpack_newsletter_tier_id":0,"_jetpack_memberships_contains_paywalled_content":false,"_mbp_banners":[],"_jetpack_feature_clip_id":0,"_jetpack_memberships_contains_paid_content":false,"footnotes":"","jetpack_publicize_message":"","jetpack_publicize_feature_enabled":true,"jetpack_social_post_already_shared":true,"jetpack_social_options":{"image_generator_settings":{"template":"highway","default_image_id":0,"font":"","enabled":false},"version":2},"jetpack_post_was_ever_published":false},"categories":[20],"tags":[],"class_list":["post-468","post","type-post","status-publish","format-standard","has-post-thumbnail","category-regiao"],"jetpack_publicize_connections":[],"jetpack-related-posts":[],"jetpack_shortlink":"https:\/\/wp.me\/p7Eq1F-7y","jetpack_sharing_enabled":true,"jetpack_featured_media_url":"https:\/\/i0.wp.com\/guialimeira.com.br\/news\/wp-content\/uploads\/2024\/03\/World-Travel-Market-deste-ano-deve-ter-o-envolvimento-de-cerca-de-30-mil-profissionais-de-viagens.jpg?fit=827%2C470&ssl=1","_links":{"self":[{"href":"https:\/\/guialimeira.com.br\/news\/wp-json\/wp\/v2\/posts\/468","targetHints":{"allow":["GET"]}}],"collection":[{"href":"https:\/\/guialimeira.com.br\/news\/wp-json\/wp\/v2\/posts"}],"about":[{"href":"https:\/\/guialimeira.com.br\/news\/wp-json\/wp\/v2\/types\/post"}],"author":[{"embeddable":true,"href":"https:\/\/guialimeira.com.br\/news\/wp-json\/wp\/v2\/users\/1"}],"replies":[{"embeddable":true,"href":"https:\/\/guialimeira.com.br\/news\/wp-json\/wp\/v2\/comments?post=468"}],"version-history":[{"count":0,"href":"https:\/\/guialimeira.com.br\/news\/wp-json\/wp\/v2\/posts\/468\/revisions"}],"wp:featuredmedia":[{"embeddable":true,"href":"https:\/\/guialimeira.com.br\/news\/wp-json\/wp\/v2\/media\/469"}],"wp:attachment":[{"href":"https:\/\/guialimeira.com.br\/news\/wp-json\/wp\/v2\/media?parent=468"}],"wp:term":[{"taxonomy":"category","embeddable":true,"href":"https:\/\/guialimeira.com.br\/news\/wp-json\/wp\/v2\/categories?post=468"},{"taxonomy":"post_tag","embeddable":true,"href":"https:\/\/guialimeira.com.br\/news\/wp-json\/wp\/v2\/tags?post=468"}],"curies":[{"name":"wp","href":"https:\/\/api.w.org\/{rel}","templated":true}]}}