{"id":46779,"date":"2025-10-02T19:13:38","date_gmt":"2025-10-02T22:13:38","guid":{"rendered":"https:\/\/guialimeira.com.br\/?p=46779"},"modified":"2025-10-02T19:13:38","modified_gmt":"2025-10-02T22:13:38","slug":"erika-guimaraes-deixa-educacao-para-se-dedicar-ao-doutorado-regiani-castellar-assume-pasta-prefeitura-municipal-de-cordeiropolis","status":"publish","type":"post","link":"https:\/\/guialimeira.com.br\/news\/erika-guimaraes-deixa-educacao-para-se-dedicar-ao-doutorado-regiani-castellar-assume-pasta-prefeitura-municipal-de-cordeiropolis\/","title":{"rendered":"\u00c9rika Guimar\u00e3es deixa Educa\u00e7\u00e3o para se dedicar ao doutorado; Regiani Castellar assume pasta \u2013 Prefeitura Municipal de Cordeir\u00f3polis"},"content":{"rendered":"<p> <br \/>\n<\/p>\n<div>\n<p>A secret\u00e1ria de Educa\u00e7\u00e3o de Cordeir\u00f3polis, \u00c9rika Marin Guimar\u00e3es, deixar\u00e1 a pasta. Ela se dedicar\u00e1 ao seu doutorado e anunciou a sa\u00edda nesta quinta-feira (2) ao lado da prefeita Cristina Saad e do vice-prefeito Anderson Hespanhol Pique. Ela ser\u00e1 substitu\u00edda pela educadora Regiani Castellar Dias, que j\u00e1 atuou em Cordeir\u00f3polis por 21 anos.<\/p>\n<p>\u201cChegou a hora da \u00c9rika escalar novos sonhos, mas ela deixou sua marca na Secretaria de Educa\u00e7\u00e3o com avan\u00e7os significativos. \u00c0 Regiani, desejo muito sucesso nessa jornada\u201d, afirmou Cristina. \u201cNosso sentimento \u00e9 de gratid\u00e3o \u00e0 \u00c9rika por enfrentar todos os desafios que enfrentou. Desejo sucesso e sorte a ela e \u00e0 Regiani\u201d, disse Pique.<\/p>\n<p>Em junho, \u00c9rika havia passado em um concurso em Campinas e quase deixou o cargo na \u00e9poca, mas decidiu ficar. \u201cAgora, estou cursando o doutorado, o que est\u00e1 exigindo bastante de mim e preciso me dedicar aos estudos e \u00e0 pesquisa. Agrade\u00e7o a confian\u00e7a da prefeita e do vice-prefeito. Foi um grande desafio estar \u00e0 frente da Educa\u00e7\u00e3o\u201d, declarou \u00c9rika.<\/p>\n<p>Regiani atuou em Cordeir\u00f3polis como professora, coordenadora pedag\u00f3gica, vice-diretora e diretora, al\u00e9m de ter coordenado a Educa\u00e7\u00e3o Fundamental. Atualmente, estava como coordenadora e vice-diretora do Col\u00e9gio RGF, em Limeira. \u00c9 graduada e especializada na \u00e1rea. \u201cMe sinto muito honrada em estar aqui e representar a Educa\u00e7\u00e3o de Cordeir\u00f3polis\u201d, destacou.<\/p>\n<p>Na pr\u00f3xima semana, \u00c9rika e Regiani far\u00e3o a transi\u00e7\u00e3o do cargo.<\/p>\n<\/p><\/div>\n<p><br \/>\n<br \/><a href=\"https:\/\/www.cordeiropolis.sp.gov.br\/erika-guimaraes-deixa-educacao-para-se-dedicar-ao-doutorado-regiani-castellar-assume-pasta\/\" rel=\"noopener\">Informa\u00e7\u00f5es Cordeir\u00f3polis <\/a><\/p>\n","protected":false},"excerpt":{"rendered":"<p>A secret\u00e1ria de Educa\u00e7\u00e3o de Cordeir\u00f3polis, \u00c9rika Marin Guimar\u00e3es, deixar\u00e1 a pasta. Ela se dedicar\u00e1 ao seu doutorado e anunciou a sa\u00edda nesta quinta-feira (2) ao lado da prefeita Cristina Saad e do vice-prefeito Anderson Hespanhol Pique. Ela ser\u00e1 substitu\u00edda pela educadora Regiani Castellar Dias, que j\u00e1 atuou em Cordeir\u00f3polis por 21 anos. \u201cChegou a [&hellip;]<\/p>\n","protected":false},"author":1,"featured_media":0,"comment_status":"open","ping_status":"open","sticky":false,"template":"","format":"standard","meta":{"_jetpack_newsletter_access":"","_jetpack_dont_email_post_to_subs":false,"_jetpack_newsletter_tier_id":0,"_jetpack_memberships_contains_paywalled_content":false,"_mbp_banners":[],"_jetpack_feature_clip_id":0,"_jetpack_memberships_contains_paid_content":false,"footnotes":"","jetpack_publicize_message":"","jetpack_publicize_feature_enabled":true,"jetpack_social_post_already_shared":true,"jetpack_social_options":{"image_generator_settings":{"template":"highway","default_image_id":0,"font":"","enabled":false},"version":2},"jetpack_post_was_ever_published":false},"categories":[20],"tags":[],"class_list":["post-46779","post","type-post","status-publish","format-standard","category-regiao"],"jetpack_publicize_connections":[],"jetpack-related-posts":[],"jetpack_shortlink":"https:\/\/wp.me\/p7Eq1F-cav","jetpack_sharing_enabled":true,"jetpack_featured_media_url":"","_links":{"self":[{"href":"https:\/\/guialimeira.com.br\/news\/wp-json\/wp\/v2\/posts\/46779","targetHints":{"allow":["GET"]}}],"collection":[{"href":"https:\/\/guialimeira.com.br\/news\/wp-json\/wp\/v2\/posts"}],"about":[{"href":"https:\/\/guialimeira.com.br\/news\/wp-json\/wp\/v2\/types\/post"}],"author":[{"embeddable":true,"href":"https:\/\/guialimeira.com.br\/news\/wp-json\/wp\/v2\/users\/1"}],"replies":[{"embeddable":true,"href":"https:\/\/guialimeira.com.br\/news\/wp-json\/wp\/v2\/comments?post=46779"}],"version-history":[{"count":1,"href":"https:\/\/guialimeira.com.br\/news\/wp-json\/wp\/v2\/posts\/46779\/revisions"}],"predecessor-version":[{"id":46780,"href":"https:\/\/guialimeira.com.br\/news\/wp-json\/wp\/v2\/posts\/46779\/revisions\/46780"}],"wp:attachment":[{"href":"https:\/\/guialimeira.com.br\/news\/wp-json\/wp\/v2\/media?parent=46779"}],"wp:term":[{"taxonomy":"category","embeddable":true,"href":"https:\/\/guialimeira.com.br\/news\/wp-json\/wp\/v2\/categories?post=46779"},{"taxonomy":"post_tag","embeddable":true,"href":"https:\/\/guialimeira.com.br\/news\/wp-json\/wp\/v2\/tags?post=46779"}],"curies":[{"name":"wp","href":"https:\/\/api.w.org\/{rel}","templated":true}]}}