{"id":46636,"date":"2025-10-01T18:48:45","date_gmt":"2025-10-01T21:48:45","guid":{"rendered":"https:\/\/guialimeira.com.br\/?p=46636"},"modified":"2025-10-01T18:48:45","modified_gmt":"2025-10-01T21:48:45","slug":"cordeiropolis-promove-programacao-especial-no-outubro-rosa-prefeitura-municipal-de-cordeiropolis","status":"publish","type":"post","link":"https:\/\/guialimeira.com.br\/news\/cordeiropolis-promove-programacao-especial-no-outubro-rosa-prefeitura-municipal-de-cordeiropolis\/","title":{"rendered":"Cordeir\u00f3polis promove programa\u00e7\u00e3o especial no Outubro Rosa \u2013 Prefeitura Municipal de Cordeir\u00f3polis"},"content":{"rendered":"<p> <br \/>\n<\/p>\n<div>\n<p>A Secretaria de Sa\u00fade de Cordeir\u00f3polis realiza neste m\u00eas uma ampla programa\u00e7\u00e3o em alus\u00e3o ao Outubro Rosa, com atividades voltadas \u00e0 preven\u00e7\u00e3o e \u00e0 promo\u00e7\u00e3o da sa\u00fade feminina. A campanha contar\u00e1 com exames de Papanicolau, rodas de conversa, palestras, atendimento odontol\u00f3gico e momentos de acolhimento e orienta\u00e7\u00e3o nas unidades de sa\u00fade.<\/p>\n<p>Na primeira quinzena, os exames de Papanicolau ser\u00e3o realizados com hor\u00e1rios estendidos para atender mais mulheres. N\u00e3o \u00e9 necess\u00e1rio pedido m\u00e9dico e as unidades far\u00e3o busca ativa das pacientes. Al\u00e9m disso, haver\u00e1 rodas de conversa sobre autocuidado, palestras sobre sa\u00fade p\u00e9lvica e a\u00e7\u00f5es de orienta\u00e7\u00e3o sobre sa\u00fade bucal feminina.<\/p>\n<p>\u201cA programa\u00e7\u00e3o tamb\u00e9m incluir\u00e1 momentos de acolhimento, beleza e informa\u00e7\u00e3o, buscando n\u00e3o apenas o cuidado f\u00edsico, mas tamb\u00e9m o bem-estar emocional e a valoriza\u00e7\u00e3o da autoestima das mulheres\u201d, explica a secret\u00e1ria de Sa\u00fade, Regiane Portes Mendes.<\/p>\n<p>Segundo ela, a iniciativa tem como objetivo facilitar o acesso aos servi\u00e7os de sa\u00fade, incentivar a realiza\u00e7\u00e3o de exames preventivos e conscientizar a popula\u00e7\u00e3o feminina sobre a import\u00e2ncia do cuidado com a pr\u00f3pria sa\u00fade. No dia 18, um s\u00e1bado, ocorre o Dia D, com vacina\u00e7\u00e3o, Papanicolau e outras atividades em todas as unidades.<\/p>\n<p>\u201cCuidar da sa\u00fade \u00e9 um ato de amor pr\u00f3prio. Queremos que todas as mulheres participem, se sintam acolhidas e entendam que a preven\u00e7\u00e3o \u00e9 fundamental\u201d, destaca Regiane. Confira a programa\u00e7\u00e3o:<\/p>\n<p><strong>PAPANICOLAU<\/strong><\/p>\n<p>2\/10 (quinta-feira) \u2013 ESF Progresso<\/p>\n<p>3\/10 (sexta-feira) \u2013 ESF Progresso<\/p>\n<p>4\/10 (s\u00e1bado) \u2013 ESF Cordeiro (+ Roda de Conversa)<\/p>\n<p>7\/10 (ter\u00e7a-feira) \u2013 ESF S\u00e3o Luiz<\/p>\n<p>18\/10 (s\u00e1bado) \u2013 Todas as unidades (Dia D com vacina\u00e7\u00e3o, exame e outras atividades)<\/p>\n<p><strong>RODAS DE CONVERSA \/ PALESTRAS<\/strong><\/p>\n<p>9\/10 (quinta-feira) \u2013 Centro de Especialidades<\/p>\n<p>16\/10 (quinta-feira) \u2013 Centro de Especialidades<\/p>\n<p>17\/10 (sexta-feira) \u2013 CAPS (Dia da Beleza)<\/p>\n<p>23\/10 (quinta-feira) \u2013 Centro de Especialidades<\/p>\n<p>24\/10 (sexta-feira) \u2013 Centro de Fisioterapia (Palestra sobre sa\u00fade p\u00e9lvica)<\/p>\n<p><strong>ATENDIMENTOS ESPECIAIS<\/strong><\/p>\n<p>23\/10 (quinta-feira) \u2013 ESF Juventude (hor\u00e1rio estendido para mulheres com exame de Papanicolau e outros atendimentos)<\/p>\n<p>29\/10 (quarta-feira) \u2013 Centro Odontol\u00f3gico (Sa\u00fade bucal feminina)<\/p>\n<\/p><\/div>\n<p><br \/>\n<br \/><a href=\"https:\/\/www.cordeiropolis.sp.gov.br\/cordeiropolis-promove-programacao-especial-no-outubro-rosa\/\" rel=\"noopener\">Informa\u00e7\u00f5es Cordeir\u00f3polis <\/a><\/p>\n","protected":false},"excerpt":{"rendered":"<p>A Secretaria de Sa\u00fade de Cordeir\u00f3polis realiza neste m\u00eas uma ampla programa\u00e7\u00e3o em alus\u00e3o ao Outubro Rosa, com atividades voltadas \u00e0 preven\u00e7\u00e3o e \u00e0 promo\u00e7\u00e3o da sa\u00fade feminina. A campanha contar\u00e1 com exames de Papanicolau, rodas de conversa, palestras, atendimento odontol\u00f3gico e momentos de acolhimento e orienta\u00e7\u00e3o nas unidades de sa\u00fade. Na primeira quinzena, os [&hellip;]<\/p>\n","protected":false},"author":1,"featured_media":0,"comment_status":"open","ping_status":"open","sticky":false,"template":"","format":"standard","meta":{"_jetpack_newsletter_access":"","_jetpack_dont_email_post_to_subs":false,"_jetpack_newsletter_tier_id":0,"_jetpack_memberships_contains_paywalled_content":false,"_mbp_banners":[],"_jetpack_feature_clip_id":0,"_jetpack_memberships_contains_paid_content":false,"footnotes":"","jetpack_publicize_message":"","jetpack_publicize_feature_enabled":true,"jetpack_social_post_already_shared":true,"jetpack_social_options":{"image_generator_settings":{"template":"highway","default_image_id":0,"font":"","enabled":false},"version":2},"jetpack_post_was_ever_published":false},"categories":[20],"tags":[],"class_list":["post-46636","post","type-post","status-publish","format-standard","category-regiao"],"jetpack_publicize_connections":[],"jetpack-related-posts":[],"jetpack_shortlink":"https:\/\/wp.me\/p7Eq1F-c8c","jetpack_sharing_enabled":true,"jetpack_featured_media_url":"","_links":{"self":[{"href":"https:\/\/guialimeira.com.br\/news\/wp-json\/wp\/v2\/posts\/46636","targetHints":{"allow":["GET"]}}],"collection":[{"href":"https:\/\/guialimeira.com.br\/news\/wp-json\/wp\/v2\/posts"}],"about":[{"href":"https:\/\/guialimeira.com.br\/news\/wp-json\/wp\/v2\/types\/post"}],"author":[{"embeddable":true,"href":"https:\/\/guialimeira.com.br\/news\/wp-json\/wp\/v2\/users\/1"}],"replies":[{"embeddable":true,"href":"https:\/\/guialimeira.com.br\/news\/wp-json\/wp\/v2\/comments?post=46636"}],"version-history":[{"count":1,"href":"https:\/\/guialimeira.com.br\/news\/wp-json\/wp\/v2\/posts\/46636\/revisions"}],"predecessor-version":[{"id":46637,"href":"https:\/\/guialimeira.com.br\/news\/wp-json\/wp\/v2\/posts\/46636\/revisions\/46637"}],"wp:attachment":[{"href":"https:\/\/guialimeira.com.br\/news\/wp-json\/wp\/v2\/media?parent=46636"}],"wp:term":[{"taxonomy":"category","embeddable":true,"href":"https:\/\/guialimeira.com.br\/news\/wp-json\/wp\/v2\/categories?post=46636"},{"taxonomy":"post_tag","embeddable":true,"href":"https:\/\/guialimeira.com.br\/news\/wp-json\/wp\/v2\/tags?post=46636"}],"curies":[{"name":"wp","href":"https:\/\/api.w.org\/{rel}","templated":true}]}}