{"id":46622,"date":"2025-10-01T17:48:01","date_gmt":"2025-10-01T20:48:01","guid":{"rendered":"https:\/\/guialimeira.com.br\/?p=46622"},"modified":"2025-10-01T17:48:01","modified_gmt":"2025-10-01T20:48:01","slug":"grande-premio-cordeiropolis-de-paraciclismo-e-neste-fim-de-semana-prefeitura-municipal-de-cordeiropolis","status":"publish","type":"post","link":"https:\/\/guialimeira.com.br\/news\/grande-premio-cordeiropolis-de-paraciclismo-e-neste-fim-de-semana-prefeitura-municipal-de-cordeiropolis\/","title":{"rendered":"Grande Pr\u00eamio Cordeir\u00f3polis de Paraciclismo \u00e9 neste fim de semana \u2013 Prefeitura Municipal de Cordeir\u00f3polis"},"content":{"rendered":"<p> <br \/>\n<\/p>\n<div>\n<p>A etapa final do Grande Pr\u00eamio Cordeir\u00f3polis de Paraciclismo Trof\u00e9u Valdecir Prochnow \u00e9 neste fim de semana, dias 4 e 5 de outubro. A iniciativa vai reunir atletas da modalidade de diversas cidades e Estados brasileiros. As provas ser\u00e3o realizadas na Avenida Presidente Vargas, que ficar\u00e1 interditada entre a Rua Santos Dumont e a rotat\u00f3ria da Rua dos L\u00edrios.<\/p>\n<p>A interdi\u00e7\u00e3o ocorrer\u00e1 no s\u00e1bado (4), das 5h \u00e0s 14h, e no domingo (5), das 5h \u00e0s 15h. Para minimizar os impactos no tr\u00e2nsito, a Prefeitura orienta os moradores da regi\u00e3o a utilizarem rotas alternativas.<\/p>\n<p>Os moradores do quarteir\u00e3o localizado abaixo da Avenida Presidente Vargas poder\u00e3o sair do bairro pela Rua Jos\u00e9 Bonif\u00e1cio. Quem reside do Jardim Eldorado ter\u00e1 como alternativa a Rua Francisco Minatel, acess\u00edvel pela Rua dos L\u00edrios. J\u00e1 os moradores da Presidente Vargas dever\u00e3o comunicar a equipe de apoio do evento para que seja definida a melhor rota de sa\u00edda durante as provas.<\/p>\n<p>A popula\u00e7\u00e3o da regi\u00e3o que ser\u00e1 interditada \u00e9 comunicada pessoalmente das altera\u00e7\u00f5es no tr\u00e2nsito.<\/p>\n<p>O Grande Pr\u00eamio Cordeir\u00f3polis de Paraciclismo Trof\u00e9u Valdecir Prochnow \u00e9 realizado por S\u00f4nia Molina By Cycling e Clube de Ciclismo de S\u00e3o Jos\u00e9 dos Campos; patroc\u00ednio da Ver Aposentadoria, GZ Im\u00f3veis e Rio Geradores; apoio da Prefeitura de Cordeir\u00f3polis; e supervis\u00e3o da Confedera\u00e7\u00e3o Brasileira de Ciclismo (CBC) e da Federa\u00e7\u00e3o Paulista de Ciclismo (FPC).<\/p>\n<p><strong>Pastel<\/strong><\/p>\n<p>Durante os dois dias do evento, o Fundo Social de Solidariedade de Cordeir\u00f3polis ter\u00e1 uma barraca para comercializa\u00e7\u00e3o de past\u00e9is. Toda a renda arrecadada ser\u00e1 revertida para a compra de cadeiras de rodas, pr\u00f3teses, \u00f3rteses e outros itens essenciais para pessoas em situa\u00e7\u00e3o de vulnerabilidade.<\/p>\n<p>Para a produ\u00e7\u00e3o dos past\u00e9is, o Fundo Social de Solidariedade recebeu doa\u00e7\u00f5es de empres\u00e1rios locais: Sbal Bike, Pizzaria Shalon, Giroto Seguros, BLK Cal\u00e7ados e acess\u00f3rios, Duda Beauty, Boteco da Pra\u00e7a, Imob, Cl\u00ednica Hespanhol, Mi \u00d3tica e relojoaria e RSA Instala\u00e7\u00f5es El\u00e9tricas.<\/p>\n<\/p><\/div>\n<p><br \/>\n<br \/><a href=\"https:\/\/www.cordeiropolis.sp.gov.br\/grande-premio-cordeiropolis-de-paraciclismo-e-neste-fim-de-semana\/\" rel=\"noopener\">Informa\u00e7\u00f5es Cordeir\u00f3polis <\/a><\/p>\n","protected":false},"excerpt":{"rendered":"<p>A etapa final do Grande Pr\u00eamio Cordeir\u00f3polis de Paraciclismo Trof\u00e9u Valdecir Prochnow \u00e9 neste fim de semana, dias 4 e 5 de outubro. A iniciativa vai reunir atletas da modalidade de diversas cidades e Estados brasileiros. As provas ser\u00e3o realizadas na Avenida Presidente Vargas, que ficar\u00e1 interditada entre a Rua Santos Dumont e a rotat\u00f3ria [&hellip;]<\/p>\n","protected":false},"author":1,"featured_media":0,"comment_status":"open","ping_status":"open","sticky":false,"template":"","format":"standard","meta":{"_jetpack_newsletter_access":"","_jetpack_dont_email_post_to_subs":false,"_jetpack_newsletter_tier_id":0,"_jetpack_memberships_contains_paywalled_content":false,"_mbp_banners":[],"_jetpack_feature_clip_id":0,"_jetpack_memberships_contains_paid_content":false,"footnotes":"","jetpack_publicize_message":"","jetpack_publicize_feature_enabled":true,"jetpack_social_post_already_shared":true,"jetpack_social_options":{"image_generator_settings":{"template":"highway","default_image_id":0,"font":"","enabled":false},"version":2},"jetpack_post_was_ever_published":false},"categories":[20],"tags":[],"class_list":["post-46622","post","type-post","status-publish","format-standard","category-regiao"],"jetpack_publicize_connections":[],"jetpack-related-posts":[],"jetpack_shortlink":"https:\/\/wp.me\/p7Eq1F-c7Y","jetpack_sharing_enabled":true,"jetpack_featured_media_url":"","_links":{"self":[{"href":"https:\/\/guialimeira.com.br\/news\/wp-json\/wp\/v2\/posts\/46622","targetHints":{"allow":["GET"]}}],"collection":[{"href":"https:\/\/guialimeira.com.br\/news\/wp-json\/wp\/v2\/posts"}],"about":[{"href":"https:\/\/guialimeira.com.br\/news\/wp-json\/wp\/v2\/types\/post"}],"author":[{"embeddable":true,"href":"https:\/\/guialimeira.com.br\/news\/wp-json\/wp\/v2\/users\/1"}],"replies":[{"embeddable":true,"href":"https:\/\/guialimeira.com.br\/news\/wp-json\/wp\/v2\/comments?post=46622"}],"version-history":[{"count":1,"href":"https:\/\/guialimeira.com.br\/news\/wp-json\/wp\/v2\/posts\/46622\/revisions"}],"predecessor-version":[{"id":46623,"href":"https:\/\/guialimeira.com.br\/news\/wp-json\/wp\/v2\/posts\/46622\/revisions\/46623"}],"wp:attachment":[{"href":"https:\/\/guialimeira.com.br\/news\/wp-json\/wp\/v2\/media?parent=46622"}],"wp:term":[{"taxonomy":"category","embeddable":true,"href":"https:\/\/guialimeira.com.br\/news\/wp-json\/wp\/v2\/categories?post=46622"},{"taxonomy":"post_tag","embeddable":true,"href":"https:\/\/guialimeira.com.br\/news\/wp-json\/wp\/v2\/tags?post=46622"}],"curies":[{"name":"wp","href":"https:\/\/api.w.org\/{rel}","templated":true}]}}