{"id":4662,"date":"2024-05-11T09:35:42","date_gmt":"2024-05-11T12:35:42","guid":{"rendered":"https:\/\/guialimeira.com.br\/2024\/05\/11\/brasileiro-flamengo-e-corinthians-medem-forcas-no-maracana\/"},"modified":"2024-05-11T09:35:42","modified_gmt":"2024-05-11T12:35:42","slug":"brasileiro-flamengo-e-corinthians-medem-forcas-no-maracana","status":"publish","type":"post","link":"https:\/\/guialimeira.com.br\/news\/brasileiro-flamengo-e-corinthians-medem-forcas-no-maracana\/","title":{"rendered":"Brasileiro: Flamengo e Corinthians medem for\u00e7as no Maracan\u00e3"},"content":{"rendered":"<p> <br \/>\n<\/p>\n<div>\n<p>O Flamengo recebe o Corinthians, a partir das 16h (hor\u00e1rio de Bras\u00edlia) deste s\u00e1bado (11) no est\u00e1dio do Maracan\u00e3, com o objetivo de tentar retomar o caminho das vit\u00f3rias para tentar apaziguar as cr\u00edticas que est\u00e1 sofrendo de sua torcida. A <strong>R\u00e1dio Nacional<\/strong> transmite a partida ao vivo.<img data-recalc-dims=\"1\" decoding=\"async\" src=\"https:\/\/i0.wp.com\/agenciabrasil.ebc.com.br\/ebc.png?w=696&#038;ssl=1\" style=\"width:1px; height:1px; display:inline;\"\/><img data-recalc-dims=\"1\" decoding=\"async\" src=\"https:\/\/i0.wp.com\/agenciabrasil.ebc.com.br\/ebc.gif?w=696&#038;ssl=1\" style=\"width:1px; height:1px; display:inline;\"\/><\/p>\n<p>O Rubro-Negro da G\u00e1vea chega a este jogo em um momento complicado da temporada, ap\u00f3s somar a terceira partida pelo Brasileiro sem vit\u00f3ria (dois empates e uma derrota) e chegar ao segundo rev\u00e9s seguido pela Copa Libertadores. Os resultados negativos levaram a protestos da torcida da equipe da G\u00e1vea.<\/p>\n<blockquote class=\"twitter-tweet\">\n<p dir=\"ltr\" lang=\"pt\" xml:lang=\"pt\">\u00daltimo treino antes da partida contra o Corinthians, pelo <a href=\"https:\/\/twitter.com\/Brasileirao?ref_src=twsrc%5Etfw\" rel=\"noopener\">@Brasileirao<\/a>! <a href=\"https:\/\/twitter.com\/hashtag\/VamosFlamengo?src=hash&amp;ref_src=twsrc%5Etfw\" rel=\"noopener\">#VamosFlamengo<\/a> <a href=\"https:\/\/twitter.com\/hashtag\/CRF?src=hash&amp;ref_src=twsrc%5Etfw\" rel=\"noopener\">#CRF<\/a><\/p>\n<p>\ud83d\udcf8: Gilvan de Souza \/CRF <a href=\"https:\/\/t.co\/Q3YVLD9sOL\">pic.twitter.com\/Q3YVLD9sOL<\/a><\/p>\n<p>\u2014 Flamengo (@Flamengo) <a href=\"https:\/\/twitter.com\/Flamengo\/status\/1788961741121921180?ref_src=twsrc%5Etfw\" rel=\"noopener\">May 10, 2024<\/a><\/p><\/blockquote>\n<p>Ocupando a 7\u00aa posi\u00e7\u00e3o do Brasileiro com oito pontos, o Flamengo deve colocar o que tem de melhor dentro de campo para tentar somar os tr\u00eas pontos. A maior expectativa fica em torno da escala\u00e7\u00e3o, ou n\u00e3o, de Arrascaeta na equipe titular. O meia uruguaio est\u00e1 em fase final de recupera\u00e7\u00e3o de uma les\u00e3o na coxa direita e tem grandes chances de jogar. Por\u00e9m, se ele n\u00e3o entrar em campo, o jovem Lorran pode receber uma oportunidade.<\/p>\n<p>Com isso, a equipe comandada pelo t\u00e9cnico Tite pode entrar em campo com a seguinte forma\u00e7\u00e3o: Rossi; Varela, Fabr\u00edcio Bruno, L\u00e9o Pereira e Ayrton Lucas; Allan, De La Cruz e Arrascaeta (Lorran); Everton Cebolinha, Gerson e Pedro.<\/p>\n<p>O Corinthians tamb\u00e9m n\u00e3o caminha bem no Brasileiro, ocupando a 14\u00aa posi\u00e7\u00e3o com apenas cinco pontos. Por outro lado, o Tim\u00e3o come\u00e7a a dar sinais de melhora na Copa Sul-Americana, ap\u00f3s derrotar o Nacional (Paraguai) por 2 a 0 na \u00faltima semana.<\/p>\n<blockquote class=\"twitter-tweet\">\n<p dir=\"ltr\" lang=\"pt\" xml:lang=\"pt\">\u00daltimo treino antes de partir rumo ao Rio de Janeiro! \u26bd<\/p>\n<p>\ud83d\udcf8 Rodrigo Coca<a href=\"https:\/\/twitter.com\/hashtag\/VaiCorinthians?src=hash&amp;ref_src=twsrc%5Etfw\" rel=\"noopener\">#VaiCorinthians<\/a> <a href=\"https:\/\/t.co\/v1hOTQgEVc\">pic.twitter.com\/v1hOTQgEVc<\/a><\/p>\n<p>\u2014 Corinthians (@Corinthians) <a href=\"https:\/\/twitter.com\/Corinthians\/status\/1788964235193516433?ref_src=twsrc%5Etfw\" rel=\"noopener\">May 10, 2024<\/a><\/p><\/blockquote>\n<p>Para esta partida o t\u00e9cnico portugu\u00eas Ant\u00f3nio Oliveira deve realizar algumas mudan\u00e7as. A primeira ser\u00e1 a sa\u00edda do volante Raniele, suspenso por ac\u00famulo de cart\u00f5es amarelos. Al\u00e9m disso, o comandante do Tim\u00e3o n\u00e3o poder\u00e1 contar com os lesionados Diego Pal\u00e1cios e Pedro Henrique. Quem deve retornar \u00e9 o meio-campista argentino Rodrigo Garro.<\/p>\n<p>Desta forma, o Corinthians deve entrar em campo com: Carlos Miguel; Fagner, F\u00e9lix Torres, Cac\u00e1 e Hugo; Paulinho, Breno Bidon e Rodrigo Garro; Wesley, Romero e Yuri Alberto.<\/p>\n<h2>Transmiss\u00e3o da R\u00e1dio Nacional<\/h2>\n<p>A <strong>R\u00e1dio Nacional<\/strong> transmite Flamengo e Corinthians com a narra\u00e7\u00e3o de Rodrigo Campos, coment\u00e1rios de Bruno Mendes e reportagem de Rodrigo Ricardo. Voc\u00ea acompanha o Show de Bola Nacional aqui:<\/p>\n<p><iframe loading=\"lazy\" allowfullscreen=\"\" frameborder=\"0\" height=\"115\" src=\"https:\/\/aovivo.ebc.com.br\/embed-audio.html?emissora=radio-nacional-do-rio-de-janeiro\" width=\"340\"><\/iframe><\/p>\n<\/p><\/div>\n<p><script async src=\"\/\/platform.twitter.com\/widgets.js\" charset=\"utf-8\"><\/script><br \/>\n<br \/><br \/>\n<br \/><a href=\"https:\/\/agenciabrasil.ebc.com.br\/esportes\/noticia\/2024-05\/brasileiro-flamengo-e-corinthians-medem-forcas-no-maracana\" rel=\"noopener\">Ag\u00eancia Brasil<\/a><\/p>\n","protected":false},"excerpt":{"rendered":"<p>O Flamengo recebe o Corinthians, a partir das 16h (hor\u00e1rio de Bras\u00edlia) deste s\u00e1bado (11) no est\u00e1dio do Maracan\u00e3, com o objetivo de tentar retomar o caminho das vit\u00f3rias para tentar apaziguar as cr\u00edticas que est\u00e1 sofrendo de sua torcida. A R\u00e1dio Nacional transmite a partida ao vivo. O Rubro-Negro da G\u00e1vea chega a este [&hellip;]<\/p>\n","protected":false},"author":1,"featured_media":4663,"comment_status":"open","ping_status":"open","sticky":false,"template":"","format":"standard","meta":{"_jetpack_newsletter_access":"","_jetpack_dont_email_post_to_subs":false,"_jetpack_newsletter_tier_id":0,"_jetpack_memberships_contains_paywalled_content":false,"_mbp_banners":[],"_jetpack_feature_clip_id":0,"_jetpack_memberships_contains_paid_content":false,"footnotes":"","jetpack_publicize_message":"","jetpack_publicize_feature_enabled":true,"jetpack_social_post_already_shared":true,"jetpack_social_options":{"image_generator_settings":{"template":"highway","default_image_id":0,"font":"","enabled":false},"version":2},"jetpack_post_was_ever_published":false},"categories":[23],"tags":[],"class_list":["post-4662","post","type-post","status-publish","format-standard","has-post-thumbnail","category-esportes"],"jetpack_publicize_connections":[],"jetpack-related-posts":[],"jetpack_shortlink":"https:\/\/wp.me\/p7Eq1F-1dc","jetpack_sharing_enabled":true,"jetpack_featured_media_url":"https:\/\/i0.wp.com\/guialimeira.com.br\/news\/wp-content\/uploads\/2024\/05\/52440169312_d79dfa0d2f_o.jpg?fit=1600%2C800&ssl=1","_links":{"self":[{"href":"https:\/\/guialimeira.com.br\/news\/wp-json\/wp\/v2\/posts\/4662","targetHints":{"allow":["GET"]}}],"collection":[{"href":"https:\/\/guialimeira.com.br\/news\/wp-json\/wp\/v2\/posts"}],"about":[{"href":"https:\/\/guialimeira.com.br\/news\/wp-json\/wp\/v2\/types\/post"}],"author":[{"embeddable":true,"href":"https:\/\/guialimeira.com.br\/news\/wp-json\/wp\/v2\/users\/1"}],"replies":[{"embeddable":true,"href":"https:\/\/guialimeira.com.br\/news\/wp-json\/wp\/v2\/comments?post=4662"}],"version-history":[{"count":0,"href":"https:\/\/guialimeira.com.br\/news\/wp-json\/wp\/v2\/posts\/4662\/revisions"}],"wp:featuredmedia":[{"embeddable":true,"href":"https:\/\/guialimeira.com.br\/news\/wp-json\/wp\/v2\/media\/4663"}],"wp:attachment":[{"href":"https:\/\/guialimeira.com.br\/news\/wp-json\/wp\/v2\/media?parent=4662"}],"wp:term":[{"taxonomy":"category","embeddable":true,"href":"https:\/\/guialimeira.com.br\/news\/wp-json\/wp\/v2\/categories?post=4662"},{"taxonomy":"post_tag","embeddable":true,"href":"https:\/\/guialimeira.com.br\/news\/wp-json\/wp\/v2\/tags?post=4662"}],"curies":[{"name":"wp","href":"https:\/\/api.w.org\/{rel}","templated":true}]}}