{"id":4643,"date":"2024-05-11T03:31:24","date_gmt":"2024-05-11T06:31:24","guid":{"rendered":"https:\/\/guialimeira.com.br\/2024\/05\/11\/mae-de-sete-filhos-conclui-estudo-com-apoio-do-ceeja\/"},"modified":"2024-05-11T03:31:24","modified_gmt":"2024-05-11T06:31:24","slug":"mae-de-sete-filhos-conclui-estudo-com-apoio-do-ceeja","status":"publish","type":"post","link":"https:\/\/guialimeira.com.br\/news\/mae-de-sete-filhos-conclui-estudo-com-apoio-do-ceeja\/","title":{"rendered":"M\u00e3e de sete filhos conclui estudo com apoio do CEEJA"},"content":{"rendered":"<p> <br \/>\n<\/p>\n<div id=\"\">&#13;<br \/>\n                                <!-- Title -->&#13;<br \/>\n                                &#13;<br \/>\n&#13;<br \/>\n                                <!-- Excerpt -->&#13;<\/p>\n<p class=\"excerpt\">A hist\u00f3ria de Renata serve de inspira\u00e7\u00e3o para m\u00e3es e alunos do Ceeja que buscam um modelo de ensino personalizado e flex\u00edvel<\/p>\n<p>&#13;<br \/>\n&#13;<br \/>\n                                &#13;\n                            <\/p><\/div>\n<div id=\"\">&#13;<\/p>\n<figure id=\"attachment_5881491\" style=\"width: 100%;max-width: 745px\" class=\"wp-caption alignnone\"><img data-recalc-dims=\"1\" decoding=\"async\" loading=\"lazy\" class=\" wp-image-5881491\" src=\"https:\/\/i0.wp.com\/www.saopaulo.sp.gov.br\/wp-content\/uploads\/2024\/05\/WhatsApp-Image-2024-05-06-at-23.44.05-e1715269373863-300x169.jpeg?resize=696%2C391&#038;ssl=1\" alt=\"\" width=\"696\" height=\"391\" srcset=\"https:\/\/www.saopaulo.sp.gov.br\/wp-content\/uploads\/2024\/05\/WhatsApp-Image-2024-05-06-at-23.44.05-e1715269373863-300x169.jpeg 300w, https:\/\/www.saopaulo.sp.gov.br\/wp-content\/uploads\/2024\/05\/WhatsApp-Image-2024-05-06-at-23.44.05-e1715269373863-1024x576.jpeg 1024w, https:\/\/www.saopaulo.sp.gov.br\/wp-content\/uploads\/2024\/05\/WhatsApp-Image-2024-05-06-at-23.44.05-e1715269373863-768x432.jpeg 768w, https:\/\/www.saopaulo.sp.gov.br\/wp-content\/uploads\/2024\/05\/WhatsApp-Image-2024-05-06-at-23.44.05-e1715269373863-1536x864.jpeg 1536w, https:\/\/www.saopaulo.sp.gov.br\/wp-content\/uploads\/2024\/05\/WhatsApp-Image-2024-05-06-at-23.44.05-e1715269373863.jpeg 1599w\" sizes=\"auto, (max-width: 745px) 100vw, 745px\"\/><figcaption class=\"wp-caption-text\">Renata Flausino e sua fam\u00edlia<\/figcaption><\/figure>\n<p>Os Centros Estaduais de Educa\u00e7\u00e3o de Jovens e Adultos (Ceeja), escolas de apoio para jovens e adultos que n\u00e3o conseguiram concluir os estudos, \u00e9 oportunidade para muitas m\u00e3es que buscam retomar a trajet\u00f3ria acad\u00eamica.<\/p>\n<p>No m\u00eas das m\u00e3es, Renata Flausino, 49 anos de idade, relembra suas conquistas ap\u00f3s interromper seus estudos na juventude e concluir o Ensino M\u00e9dio aos 41 anos. Com o modelo adaptado de ensino do governo, ela se inscreveu no Ceeja, concluiu a educa\u00e7\u00e3o b\u00e1sica e realizou o sonho de cursar pedagogia.<\/p>\n<p>Renata cresceu em Lins, saiu de casa aos 16 anos de idade e se afastou da escola. Nos anos seguintes, deu \u00e0 luz g\u00eameas e seguiu trabalhando como empregada dom\u00e9stica. Sua fam\u00edlia cresceu ap\u00f3s o casamento, com sete filhos, quatro meninas e tr\u00eas meninos, entre eles mais uma gravidez gemelar. Mas ela ainda cultivava o sonho de voltar para a escola.<\/p>\n<p>\u201cN\u00e3o consegui me dedicar tanto aos estudos, s\u00e3o coisas que a gente vai aprendendo e valorizando na vida. Quando eu fui para o Ceeja, percebi que tinha muita coisa para aprender\u201d, conta Renata.<\/p>\n<p>Al\u00e9m da forma\u00e7\u00e3o em pedagogia, ela segue se interessando por a\u00e7\u00f5es sociais e inspirando a fam\u00edlia. \u201cEu sou aquela m\u00e3e que est\u00e1 sempre incentivando eles a fazerem coisas novas. Sempre falo que nunca \u00e9 tarde para realizar os sonhos. N\u00e3o faz mal ter 30, 40 ou 50 anos, n\u00e3o podemos desistir\u201d, conclui.<\/p>\n<p><strong>Sobre o Ceeja<\/strong><\/p>\n<p><span style=\"font-weight: 400;\">O programa <\/span>da Secretaria da Educa\u00e7\u00e3o do Estado de S\u00e3o Paulo (Seduc-SP) possui atendimento individualizado e carga hor\u00e1ria flex\u00edvel, dando oportunidade para jovens e adultos cursarem o Ensino Fundamental e o Ensino M\u00e9dio.<\/p>\n<p>O estudante tem acompanhamento durante todo o processo, recebendo um plano de estudo espec\u00edfico e o material did\u00e1tico na matr\u00edcula. Al\u00e9m de poder frequentar a unidade escolar sempre que sentir necessidade, para tirar d\u00favidas com os professores, realizar provas e atividades.<\/p>\n<p><strong>Educa\u00e7\u00e3o para jovens e adultos<\/strong><\/p>\n<p>A Educa\u00e7\u00e3o de SP oferece duas modalidades de ensino para jovens e adultos que buscam iniciar ou concluir os estudos regulares dos Ensinos Fundamental (6\u00ba ao 9\u00ba ano) e M\u00e9dio (1\u00aa \u00e0 3\u00aa s\u00e9rie).<\/p>\n<p>A Educa\u00e7\u00e3o de Jovens e Adultos (EJA) est\u00e1 presente nas escolas de ensino regular da rede estadual e cada m\u00f3dulo dura seis meses, equivalente aos anos e s\u00e9ries da educa\u00e7\u00e3o b\u00e1sica. As aulas s\u00e3o de segunda a sexta-feira, com quatro horas di\u00e1rias.<\/p>\n<p>A rede de ensino paulista tamb\u00e9m conta com 40 Ceeja, modelo de ensino personalizado e flex\u00edvel. Pessoas privadas de liberdade tamb\u00e9m podem estudar por meio do Programa de Educa\u00e7\u00e3o nas Pris\u00f5es (PEP), com apoio da Secretaria de Administra\u00e7\u00e3o Penitenci\u00e1ria (SAP). As aulas s\u00e3o ministradas por professores de escolas estaduais nos estabelecimentos penais na modalidade EJA.<\/p>\n<p>Siga o canal \u201cGoverno de S\u00e3o Paulo\u201d no WhatsApp:<br \/><a href=\"https:\/\/bit.ly\/govspnozap\" target=\"_blank\" rel=\"noopener noreferrer\">https:\/\/bit.ly\/govspnozap<\/a><\/p>\n<\/p><\/div>\n<p><br \/>\n<br \/><a href=\"https:\/\/www.saopaulo.sp.gov.br\/spnoticias\/ultimas-noticias\/mae-de-sete-filhos-conclui-estudos-pelo-ceeja-nunca-e-tarde-para-realizar-sonhos\/\" rel=\"noopener\">Informa\u00e7\u00f5es GOV.SP<\/a><\/p>\n","protected":false},"excerpt":{"rendered":"<p>&#13; &#13; &#13; &#13; &#13; A hist\u00f3ria de Renata serve de inspira\u00e7\u00e3o para m\u00e3es e alunos do Ceeja que buscam um modelo de ensino personalizado e flex\u00edvel &#13; &#13; &#13; &#13; Renata Flausino e sua fam\u00edlia Os Centros Estaduais de Educa\u00e7\u00e3o de Jovens e Adultos (Ceeja), escolas de apoio para jovens e adultos que n\u00e3o [&hellip;]<\/p>\n","protected":false},"author":1,"featured_media":4644,"comment_status":"open","ping_status":"open","sticky":false,"template":"","format":"standard","meta":{"_jetpack_newsletter_access":"","_jetpack_dont_email_post_to_subs":false,"_jetpack_newsletter_tier_id":0,"_jetpack_memberships_contains_paywalled_content":false,"_mbp_banners":[],"_jetpack_feature_clip_id":0,"_jetpack_memberships_contains_paid_content":false,"footnotes":"","jetpack_publicize_message":"","jetpack_publicize_feature_enabled":true,"jetpack_social_post_already_shared":true,"jetpack_social_options":{"image_generator_settings":{"template":"highway","default_image_id":0,"font":"","enabled":false},"version":2},"jetpack_post_was_ever_published":false},"categories":[21],"tags":[],"class_list":["post-4643","post","type-post","status-publish","format-standard","has-post-thumbnail","category-sp-news"],"jetpack_publicize_connections":[],"jetpack-related-posts":[],"jetpack_shortlink":"https:\/\/wp.me\/p7Eq1F-1cT","jetpack_sharing_enabled":true,"jetpack_featured_media_url":"https:\/\/i0.wp.com\/guialimeira.com.br\/news\/wp-content\/uploads\/2024\/05\/Mae-de-sete-filhos-conclui-estudo-com-apoio-do-CEEJA.jpeg?fit=300%2C169&ssl=1","_links":{"self":[{"href":"https:\/\/guialimeira.com.br\/news\/wp-json\/wp\/v2\/posts\/4643","targetHints":{"allow":["GET"]}}],"collection":[{"href":"https:\/\/guialimeira.com.br\/news\/wp-json\/wp\/v2\/posts"}],"about":[{"href":"https:\/\/guialimeira.com.br\/news\/wp-json\/wp\/v2\/types\/post"}],"author":[{"embeddable":true,"href":"https:\/\/guialimeira.com.br\/news\/wp-json\/wp\/v2\/users\/1"}],"replies":[{"embeddable":true,"href":"https:\/\/guialimeira.com.br\/news\/wp-json\/wp\/v2\/comments?post=4643"}],"version-history":[{"count":0,"href":"https:\/\/guialimeira.com.br\/news\/wp-json\/wp\/v2\/posts\/4643\/revisions"}],"wp:featuredmedia":[{"embeddable":true,"href":"https:\/\/guialimeira.com.br\/news\/wp-json\/wp\/v2\/media\/4644"}],"wp:attachment":[{"href":"https:\/\/guialimeira.com.br\/news\/wp-json\/wp\/v2\/media?parent=4643"}],"wp:term":[{"taxonomy":"category","embeddable":true,"href":"https:\/\/guialimeira.com.br\/news\/wp-json\/wp\/v2\/categories?post=4643"},{"taxonomy":"post_tag","embeddable":true,"href":"https:\/\/guialimeira.com.br\/news\/wp-json\/wp\/v2\/tags?post=4643"}],"curies":[{"name":"wp","href":"https:\/\/api.w.org\/{rel}","templated":true}]}}