{"id":46395,"date":"2025-09-30T08:22:08","date_gmt":"2025-09-30T11:22:08","guid":{"rendered":"https:\/\/guialimeira.com.br\/?p=46395"},"modified":"2025-09-30T08:22:10","modified_gmt":"2025-09-30T11:22:10","slug":"suzano-investe-na-capacitacao-de-talentos-e-no-fortalecimento-da-industria-papeleira","status":"publish","type":"post","link":"https:\/\/guialimeira.com.br\/news\/suzano-investe-na-capacitacao-de-talentos-e-no-fortalecimento-da-industria-papeleira\/","title":{"rendered":"Suzano investe na capacita\u00e7\u00e3o de talentos e no fortalecimento da ind\u00fastria papeleira"},"content":{"rendered":"\n<p class=\"wp-block-paragraph\"><em>Com programas de qualifica\u00e7\u00e3o e oportunidades de desenvolvimento profissional, a empresa celebra o M\u00eas do Papeleiro, valorizando profissionais do setor<\/em><\/p>\n\n\n\n<p class=\"wp-block-paragraph\">Em celebra\u00e7\u00e3o ao M\u00eas do Papeleiro, a Suzano, maior produtora mundial de celulose e refer\u00eancia global na fabrica\u00e7\u00e3o de bioprodutos a partir do eucalipto, destaca a import\u00e2ncia dos(as) profissionais que impulsionam a ind\u00fastria e refor\u00e7a seu compromisso com o desenvolvimento e a valoriza\u00e7\u00e3o cont\u00ednua desses talentos. Na regi\u00e3o de Limeira (SP), a atua\u00e7\u00e3o da companhia gera impacto direto na vida de milhares de pessoas, promovendo qualifica\u00e7\u00e3o, gera\u00e7\u00e3o de empregos e desenvolvimento sustent\u00e1vel.<\/p>\n\n\n\n<p class=\"wp-block-paragraph\">&#8220;Investir no crescimento profissional \u00e9 investir no progresso das comunidades onde atuamos. Na regi\u00e3o de Limeira, buscamos abrir portas para que talentos locais se desenvolvam e construam carreiras duradouras. Nosso direcionador, que afirma que &#8216;s\u00f3 \u00e9 bom para n\u00f3s se for bom para o mundo&#8217;, guia cada a\u00e7\u00e3o que promovemos. Essas iniciativas criam oportunidades de aprendizado e crescimento, impactando positivamente a economia local e a vida das pessoas da regi\u00e3o&#8221;, afirma Reiner Ricardo de Oliveira Santos, gerente de Gente e Gest\u00e3o da Suzano.<\/p>\n\n\n\n<p class=\"wp-block-paragraph\">A empresa investe em programas voltados para aprendizes do SENAI e estagi\u00e1rios(as) t\u00e9cnicos e de n\u00edvel superior, com foco na forma\u00e7\u00e3o pr\u00e1tica e prepara\u00e7\u00e3o para o mercado de trabalho. Os(as) participantes t\u00eam a chance de serem efetivados(as) e, posteriormente, integrar programas de desenvolvimento com treinamentos, mentorias e projetos-desafio.<\/p>\n\n\n\n<p class=\"wp-block-paragraph\"><strong>Hist\u00f3rias que inspiram<\/strong><\/p>\n\n\n\n<p class=\"wp-block-paragraph\">A trajet\u00f3ria de colaboradores(as) que ingressaram na Suzano por meio de programas de porta de entrada e cresceram na companhia refor\u00e7a o impacto dessas iniciativas. Na unidade de Limeira, destacam-se os casos de J\u00falia Indrigo Ribeiro, que come\u00e7ou como estagi\u00e1ria e hoje atua como engenheira de Qualidade, e a de Cibelle da Costa Souza, que tamb\u00e9m ingressou por meio do Programa de Est\u00e1gio Suzano e atualmente \u00e9 analista de Manuten\u00e7\u00e3o.<\/p>\n\n\n\n<p class=\"wp-block-paragraph\">\u201cDesde o in\u00edcio, tive espa\u00e7o para aprender a assumir responsabilidades e me desenvolver como profissional.&nbsp; Foi uma experi\u00eancia transformadora, que abriu caminho para minha efetiva\u00e7\u00e3o. Hoje, poder olhar para tr\u00e1s e enxergar toda essa evolu\u00e7\u00e3o \u00e9 motivo de muito orgulho e motiva\u00e7\u00e3o para seguir crescendo dentro da companhia\u201d, conta J\u00falia.<\/p>\n\n\n\n<p class=\"wp-block-paragraph\">Cibelle relembra que sua trajet\u00f3ria foi marcada por aprendizados constantes e pela sensa\u00e7\u00e3o de estar construindo uma carreira s\u00f3lida em um ambiente que valoriza as pessoas. \u201cConheci o programa de est\u00e1gio da Suzano por meio de recomenda\u00e7\u00f5es e tive acesso a experi\u00eancias que ampliaram meus conhecimentos t\u00e9cnicos e me mostraram a relev\u00e2ncia da empresa no setor. Essa viv\u00eancia consolidou minha decis\u00e3o de seguir carreira na companhia. Hoje, sinto orgulho em integrar um time que alia inova\u00e7\u00e3o, responsabilidade e valoriza\u00e7\u00e3o das pessoas\u201d, destaca Cibelle.<\/p>\n\n\n\n<p class=\"wp-block-paragraph\"><strong><u>Sobre a Suzano<\/u><\/strong><\/p>\n\n\n\n<p class=\"wp-block-paragraph\">A Suzano \u00e9 a maior produtora mundial de celulose, uma das maiores fabricantes de pap\u00e9is da Am\u00e9rica Latina e l\u00edder no segmento de papel higi\u00eanico no Brasil. A companhia adota as melhores pr\u00e1ticas de inova\u00e7\u00e3o e sustentabilidade para desenvolver produtos e solu\u00e7\u00f5es a partir de mat\u00e9ria-prima renov\u00e1vel. Os produtos da Suzano est\u00e3o presentes na vida de mais de 2 bilh\u00f5es de pessoas, cerca de 25% da popula\u00e7\u00e3o mundial, e incluem celulose; itens para higiene pessoal como papel higi\u00eanico e guardanapos; pap\u00e9is para embalagens, copos e canudos; pap\u00e9is para imprimir e escrever, entre outros produtos desenvolvidos para atender \u00e0 crescente necessidade do planeta por itens mais sustent\u00e1veis. Entre suas marcas no Brasil est\u00e3o Neve\u00ae, P\u00f3len\u00ae, Suzano Report\u00ae, Mimmo\u00ae, entre outras. Com sede no Brasil e opera\u00e7\u00f5es na Am\u00e9rica Latina, Am\u00e9rica do Norte, Europa e \u00c1sia, a empresa tem mais de 100 anos de hist\u00f3ria e a\u00e7\u00f5es negociadas nas bolsas do Brasil (SUZB3) e dos Estados Unidos (SUZ). Saiba mais em:&nbsp;<a href=\"http:\/\/suzano.com.br\/\" target=\"_blank\" rel=\"noreferrer noopener\">suzano.com.br<\/a><\/p>\n","protected":false},"excerpt":{"rendered":"<p>Com programas de qualifica\u00e7\u00e3o e oportunidades de desenvolvimento profissional, a empresa celebra o M\u00eas do Papeleiro, valorizando profissionais do setor Em celebra\u00e7\u00e3o ao M\u00eas do Papeleiro, a Suzano, maior produtora mundial de celulose e refer\u00eancia global na fabrica\u00e7\u00e3o de bioprodutos a partir do eucalipto, destaca a import\u00e2ncia dos(as) profissionais que impulsionam a ind\u00fastria e refor\u00e7a [&hellip;]<\/p>\n","protected":false},"author":2,"featured_media":46396,"comment_status":"open","ping_status":"open","sticky":false,"template":"","format":"standard","meta":{"_jetpack_newsletter_access":"","_jetpack_dont_email_post_to_subs":false,"_jetpack_newsletter_tier_id":0,"_jetpack_memberships_contains_paywalled_content":false,"_mbp_banners":[],"_jetpack_feature_clip_id":0,"_jetpack_memberships_contains_paid_content":false,"footnotes":"","jetpack_publicize_message":"","jetpack_publicize_feature_enabled":true,"jetpack_social_post_already_shared":false,"jetpack_social_options":{"image_generator_settings":{"template":"highway","default_image_id":0,"font":"","enabled":false},"version":2},"jetpack_post_was_ever_published":false},"categories":[16],"tags":[],"class_list":["post-46395","post","type-post","status-publish","format-standard","has-post-thumbnail","category-local"],"jetpack_publicize_connections":[],"jetpack-related-posts":[],"jetpack_shortlink":"https:\/\/wp.me\/p7Eq1F-c4j","jetpack_sharing_enabled":true,"jetpack_featured_media_url":"https:\/\/i0.wp.com\/guialimeira.com.br\/news\/wp-content\/uploads\/2025\/09\/Julia-1.jpeg?fit=1280%2C720&ssl=1","_links":{"self":[{"href":"https:\/\/guialimeira.com.br\/news\/wp-json\/wp\/v2\/posts\/46395","targetHints":{"allow":["GET"]}}],"collection":[{"href":"https:\/\/guialimeira.com.br\/news\/wp-json\/wp\/v2\/posts"}],"about":[{"href":"https:\/\/guialimeira.com.br\/news\/wp-json\/wp\/v2\/types\/post"}],"author":[{"embeddable":true,"href":"https:\/\/guialimeira.com.br\/news\/wp-json\/wp\/v2\/users\/2"}],"replies":[{"embeddable":true,"href":"https:\/\/guialimeira.com.br\/news\/wp-json\/wp\/v2\/comments?post=46395"}],"version-history":[{"count":1,"href":"https:\/\/guialimeira.com.br\/news\/wp-json\/wp\/v2\/posts\/46395\/revisions"}],"predecessor-version":[{"id":46397,"href":"https:\/\/guialimeira.com.br\/news\/wp-json\/wp\/v2\/posts\/46395\/revisions\/46397"}],"wp:featuredmedia":[{"embeddable":true,"href":"https:\/\/guialimeira.com.br\/news\/wp-json\/wp\/v2\/media\/46396"}],"wp:attachment":[{"href":"https:\/\/guialimeira.com.br\/news\/wp-json\/wp\/v2\/media?parent=46395"}],"wp:term":[{"taxonomy":"category","embeddable":true,"href":"https:\/\/guialimeira.com.br\/news\/wp-json\/wp\/v2\/categories?post=46395"},{"taxonomy":"post_tag","embeddable":true,"href":"https:\/\/guialimeira.com.br\/news\/wp-json\/wp\/v2\/tags?post=46395"}],"curies":[{"name":"wp","href":"https:\/\/api.w.org\/{rel}","templated":true}]}}