{"id":4639,"date":"2024-05-11T02:30:10","date_gmt":"2024-05-11T05:30:10","guid":{"rendered":"https:\/\/guialimeira.com.br\/2024\/05\/11\/bom-prato-realiza-campanha-de-doacao-para-vitimas-do-rs\/"},"modified":"2024-05-11T02:30:10","modified_gmt":"2024-05-11T05:30:10","slug":"bom-prato-realiza-campanha-de-doacao-para-vitimas-do-rs","status":"publish","type":"post","link":"https:\/\/guialimeira.com.br\/news\/bom-prato-realiza-campanha-de-doacao-para-vitimas-do-rs\/","title":{"rendered":"Bom Prato realiza campanha de doa\u00e7\u00e3o para v\u00edtimas do RS"},"content":{"rendered":"<p> <br \/>\n<\/p>\n<div>\n<p><strong>Bom Prato Ribeir\u00e3o Preto II- HC<br \/><\/strong><strong>Data:\u00a0<\/strong>8 a 12 de maio<br \/><strong>Hor\u00e1rios:\u00a0<\/strong>7h (caf\u00e9 da manh\u00e3)<br \/>10h30 (almo\u00e7o)<br \/>17h (jantar)<br \/><strong>Donativos:\u00a0<\/strong>garrafas de \u00e1gua pot\u00e1vel, cobertores, roupas e agasalhos, alimento n\u00e3o perec\u00edvel e produtos de higiene pessoal<br \/><strong>Local: <\/strong>Avenida Governador Lucas Nogueira Garcez, Ribeir\u00e3o Preto<\/p>\n<p><strong>Bom Prato Diadema<br \/><\/strong><strong>Data<\/strong>: 10 a 25 de maio<br \/><strong>Hor\u00e1rios<\/strong>: 7h (caf\u00e9 da manh\u00e3)<br \/>10h30 (almo\u00e7o)<br \/>17h (jantar)<br \/><strong>Donativos:<\/strong> garrafas de \u00e1gua pot\u00e1vel, \u00e1lcool, absorvente e papel higi\u00eanico<br \/><strong>Local:<\/strong>\u00a0Avenida Ant\u00f4nio Sylvio Cunha Bueno, 1904- Bairro Inamar- Diadema<\/p>\n<p><strong>Bom Prato Santo Andr\u00e9 I<br \/><\/strong><strong>Data<\/strong>: 10 a 25 de maio<br \/><strong>Hor\u00e1rios<\/strong>: 7h (caf\u00e9 da manh\u00e3)<br \/>10h30 (almo\u00e7o)<br \/>17h (jantar)<br \/><strong>Donativos:<\/strong> garrafas de \u00e1gua pot\u00e1vel, \u00e1lcool, absorvente e papel higi\u00eanico<br \/><strong>Local:<\/strong>\u00a0Rua General Glic\u00e9rio, 710 \u2013 Santo Andr\u00e9<\/p>\n<p><strong>Bom Prato Santo Andr\u00e9 II- Vila Luzita<br \/><\/strong><strong>Data<\/strong>: 10 a 25 de maio<br \/><strong>Hor\u00e1rios<\/strong>: 7h (caf\u00e9 da manh\u00e3)<br \/>10h30 (almo\u00e7o)<br \/>17h (jantar)<br \/><strong>Donativos:<\/strong> garrafas de \u00e1gua pot\u00e1vel, \u00e1lcool, absorvente e papel higi\u00eanico<br \/><strong>Local:<\/strong>\u00a0Estrada do Pedroso, 236 \u2013 Vila Luzita- Santo Andr\u00e9<\/p>\n<p><strong>Bom Prato S\u00e3o Bernardo do Campo I<br \/><\/strong><strong>Data<\/strong>: 10 a 25 de maio<br \/><strong>Hor\u00e1rios<\/strong>: 7h (caf\u00e9 da manh\u00e3)<br \/>10h30 (almo\u00e7o)<br \/>17h (jantar)<br \/><strong>Donativos:<\/strong> garrafas de \u00e1gua pot\u00e1vel, \u00e1lcool, absorvente e papel higi\u00eanico<br \/><strong>Local:\u00a0<\/strong>Rua Nicolau Filizola, 50, regi\u00e3o central- S\u00e3o Bernardo do Campo<\/p>\n<p><strong>Bom Prato S\u00e3o Bernardo do Campo II<br \/><\/strong><strong>Data<\/strong>: 10 a 25 de maio<br \/><strong>Hor\u00e1rios\u00a0<\/strong>:7h (caf\u00e9 da manh\u00e3)<br \/>10h30 (almo\u00e7o)<br \/>17h (jantar)<br \/><strong>Donativos:<\/strong> garrafas de \u00e1gua pot\u00e1vel, \u00e1lcool, absorvente e papel higi\u00eanico<br \/><strong>Local:<\/strong>\u00a0Avenida Humberto de Alencar Castelo Branco, 4381 \u2013 Bairro Assun\u00e7\u00e3o \u2013 S\u00e3o Bernardo do Campo<\/p>\n<\/div>\n<p><br \/>\n<br \/><a href=\"https:\/\/www.saopaulo.sp.gov.br\/spnoticias\/ultimas-noticias\/seis-unidades-do-bom-prato-realizam-campanha-de-doacao-para-vitimas-do-rs\/\" rel=\"noopener\">Informa\u00e7\u00f5es GOV.SP<\/a><\/p>\n","protected":false},"excerpt":{"rendered":"<p>Bom Prato Ribeir\u00e3o Preto II- HCData:\u00a08 a 12 de maioHor\u00e1rios:\u00a07h (caf\u00e9 da manh\u00e3)10h30 (almo\u00e7o)17h (jantar)Donativos:\u00a0garrafas de \u00e1gua pot\u00e1vel, cobertores, roupas e agasalhos, alimento n\u00e3o perec\u00edvel e produtos de higiene pessoalLocal: Avenida Governador Lucas Nogueira Garcez, Ribeir\u00e3o Preto Bom Prato DiademaData: 10 a 25 de maioHor\u00e1rios: 7h (caf\u00e9 da manh\u00e3)10h30 (almo\u00e7o)17h (jantar)Donativos: garrafas de \u00e1gua pot\u00e1vel, [&hellip;]<\/p>\n","protected":false},"author":1,"featured_media":238,"comment_status":"open","ping_status":"open","sticky":false,"template":"","format":"standard","meta":{"_jetpack_newsletter_access":"","_jetpack_dont_email_post_to_subs":false,"_jetpack_newsletter_tier_id":0,"_jetpack_memberships_contains_paywalled_content":false,"_mbp_banners":[],"_jetpack_feature_clip_id":0,"_jetpack_memberships_contains_paid_content":false,"footnotes":"","jetpack_publicize_message":"","jetpack_publicize_feature_enabled":true,"jetpack_social_post_already_shared":true,"jetpack_social_options":{"image_generator_settings":{"template":"highway","default_image_id":0,"font":"","enabled":false},"version":2},"jetpack_post_was_ever_published":false},"categories":[21],"tags":[],"class_list":["post-4639","post","type-post","status-publish","format-standard","has-post-thumbnail","category-sp-news"],"jetpack_publicize_connections":[],"jetpack-related-posts":[],"jetpack_shortlink":"https:\/\/wp.me\/p7Eq1F-1cP","jetpack_sharing_enabled":true,"jetpack_featured_media_url":"https:\/\/i0.wp.com\/guialimeira.com.br\/news\/wp-content\/uploads\/2024\/03\/cover.png?fit=650%2C650&ssl=1","_links":{"self":[{"href":"https:\/\/guialimeira.com.br\/news\/wp-json\/wp\/v2\/posts\/4639","targetHints":{"allow":["GET"]}}],"collection":[{"href":"https:\/\/guialimeira.com.br\/news\/wp-json\/wp\/v2\/posts"}],"about":[{"href":"https:\/\/guialimeira.com.br\/news\/wp-json\/wp\/v2\/types\/post"}],"author":[{"embeddable":true,"href":"https:\/\/guialimeira.com.br\/news\/wp-json\/wp\/v2\/users\/1"}],"replies":[{"embeddable":true,"href":"https:\/\/guialimeira.com.br\/news\/wp-json\/wp\/v2\/comments?post=4639"}],"version-history":[{"count":0,"href":"https:\/\/guialimeira.com.br\/news\/wp-json\/wp\/v2\/posts\/4639\/revisions"}],"wp:featuredmedia":[{"embeddable":true,"href":"https:\/\/guialimeira.com.br\/news\/wp-json\/wp\/v2\/media\/238"}],"wp:attachment":[{"href":"https:\/\/guialimeira.com.br\/news\/wp-json\/wp\/v2\/media?parent=4639"}],"wp:term":[{"taxonomy":"category","embeddable":true,"href":"https:\/\/guialimeira.com.br\/news\/wp-json\/wp\/v2\/categories?post=4639"},{"taxonomy":"post_tag","embeddable":true,"href":"https:\/\/guialimeira.com.br\/news\/wp-json\/wp\/v2\/tags?post=4639"}],"curies":[{"name":"wp","href":"https:\/\/api.w.org\/{rel}","templated":true}]}}