{"id":46304,"date":"2025-09-29T16:53:06","date_gmt":"2025-09-29T19:53:06","guid":{"rendered":"https:\/\/guialimeira.com.br\/?p=46304"},"modified":"2025-09-29T16:53:06","modified_gmt":"2025-09-29T19:53:06","slug":"ceis-milton-e-lilia-recebem-reformas-estruturais-em-cordeiropolis-prefeitura-municipal-de-cordeiropolis","status":"publish","type":"post","link":"https:\/\/guialimeira.com.br\/news\/ceis-milton-e-lilia-recebem-reformas-estruturais-em-cordeiropolis-prefeitura-municipal-de-cordeiropolis\/","title":{"rendered":"CEIs Milton e Lilia recebem reformas estruturais em Cordeir\u00f3polis \u2013 Prefeitura Municipal de Cordeir\u00f3polis"},"content":{"rendered":"<p> <br \/>\n<\/p>\n<div>\n<p>Os Centros de Educa\u00e7\u00e3o Infantil (CEIs) Milton Ant\u00f4nio Vitte e Lilia Inez Thirion Vitte recebem reformas estruturais em Cordeir\u00f3polis. No CEI Milton as obras concentram-se na reforma do telhado da creche. O investimento \u00e9 de R$ 254 mil, de recursos pr\u00f3prios do Executivo. A prefeita Cristina Saad e a secret\u00e1ria de Educa\u00e7\u00e3o, \u00c9rika Marin Guimar\u00e3es, visitaram as obras nesta segunda-feira (29).<\/p>\n<p>O pr\u00e9dio do CEI Milton foi interditado logo no in\u00edcio do ano, antes do retorno \u00e0s aulas, ap\u00f3s a Secretaria de Educa\u00e7\u00e3o identificar, com laudo da Secretaria de Obras e Planejamento, problemas estruturais no telhado. Parte das crian\u00e7as foi realocada para outras unidades, por seguran\u00e7a. As obras devem ser conclu\u00eddas ainda este ano.<\/p>\n<p>No CEI Lilia, acontece a reforma de tr\u00eas salas de alvenaria que receber\u00e3o lact\u00e1rio, local para banho e troca, e substitui\u00e7\u00e3o do piso para vin\u00edlico. O investimento \u00e9 de, aproximadamente, R$ 70 mil. Os trabalhos ser\u00e3o conclu\u00eddos at\u00e9 o fim do ano. \u201cIsso vai ampliar as vagas em creche em nosso munic\u00edpio\u201d, explica \u00c9rika.<\/p>\n<p>\u201cJ\u00e1 entregamos o novo CEI Bento, na Vila Boteon, e esse investimento em reformas tamb\u00e9m valoriza a educa\u00e7\u00e3o infantil, melhorando as condi\u00e7\u00f5es de trabalho para a equipe escolar e o atendimento \u00e0s nossas crian\u00e7as\u201d, afirma a prefeita Cristina Saad. \u201cEstamos tratando com prioridade as melhorias na educa\u00e7\u00e3o infantil de Cordeir\u00f3polis\u201d, ressalta \u00c9rika.<\/p>\n<\/p><\/div>\n<p><br \/>\n<br \/><a href=\"https:\/\/www.cordeiropolis.sp.gov.br\/ceis-milton-e-lilia-recebem-reformas-estruturais-em-cordeiropolis\/\" rel=\"noopener\">Informa\u00e7\u00f5es Cordeir\u00f3polis <\/a><\/p>\n","protected":false},"excerpt":{"rendered":"<p>Os Centros de Educa\u00e7\u00e3o Infantil (CEIs) Milton Ant\u00f4nio Vitte e Lilia Inez Thirion Vitte recebem reformas estruturais em Cordeir\u00f3polis. No CEI Milton as obras concentram-se na reforma do telhado da creche. O investimento \u00e9 de R$ 254 mil, de recursos pr\u00f3prios do Executivo. A prefeita Cristina Saad e a secret\u00e1ria de Educa\u00e7\u00e3o, \u00c9rika Marin Guimar\u00e3es, [&hellip;]<\/p>\n","protected":false},"author":1,"featured_media":0,"comment_status":"open","ping_status":"open","sticky":false,"template":"","format":"standard","meta":{"_jetpack_newsletter_access":"","_jetpack_dont_email_post_to_subs":false,"_jetpack_newsletter_tier_id":0,"_jetpack_memberships_contains_paywalled_content":false,"_mbp_banners":[],"_jetpack_feature_clip_id":0,"_jetpack_memberships_contains_paid_content":false,"footnotes":"","jetpack_publicize_message":"","jetpack_publicize_feature_enabled":true,"jetpack_social_post_already_shared":true,"jetpack_social_options":{"image_generator_settings":{"template":"highway","default_image_id":0,"font":"","enabled":false},"version":2},"jetpack_post_was_ever_published":false},"categories":[20],"tags":[],"class_list":["post-46304","post","type-post","status-publish","format-standard","category-regiao"],"jetpack_publicize_connections":[],"jetpack-related-posts":[],"jetpack_shortlink":"https:\/\/wp.me\/p7Eq1F-c2Q","jetpack_sharing_enabled":true,"jetpack_featured_media_url":"","_links":{"self":[{"href":"https:\/\/guialimeira.com.br\/news\/wp-json\/wp\/v2\/posts\/46304","targetHints":{"allow":["GET"]}}],"collection":[{"href":"https:\/\/guialimeira.com.br\/news\/wp-json\/wp\/v2\/posts"}],"about":[{"href":"https:\/\/guialimeira.com.br\/news\/wp-json\/wp\/v2\/types\/post"}],"author":[{"embeddable":true,"href":"https:\/\/guialimeira.com.br\/news\/wp-json\/wp\/v2\/users\/1"}],"replies":[{"embeddable":true,"href":"https:\/\/guialimeira.com.br\/news\/wp-json\/wp\/v2\/comments?post=46304"}],"version-history":[{"count":1,"href":"https:\/\/guialimeira.com.br\/news\/wp-json\/wp\/v2\/posts\/46304\/revisions"}],"predecessor-version":[{"id":46305,"href":"https:\/\/guialimeira.com.br\/news\/wp-json\/wp\/v2\/posts\/46304\/revisions\/46305"}],"wp:attachment":[{"href":"https:\/\/guialimeira.com.br\/news\/wp-json\/wp\/v2\/media?parent=46304"}],"wp:term":[{"taxonomy":"category","embeddable":true,"href":"https:\/\/guialimeira.com.br\/news\/wp-json\/wp\/v2\/categories?post=46304"},{"taxonomy":"post_tag","embeddable":true,"href":"https:\/\/guialimeira.com.br\/news\/wp-json\/wp\/v2\/tags?post=46304"}],"curies":[{"name":"wp","href":"https:\/\/api.w.org\/{rel}","templated":true}]}}