{"id":4628,"date":"2024-05-11T00:28:09","date_gmt":"2024-05-11T03:28:09","guid":{"rendered":"https:\/\/guialimeira.com.br\/2024\/05\/11\/bom-prato-oferece-pela-primeira-vez-cardapio-de-dia-das-maes\/"},"modified":"2024-05-11T00:28:09","modified_gmt":"2024-05-11T03:28:09","slug":"bom-prato-oferece-pela-primeira-vez-cardapio-de-dia-das-maes","status":"publish","type":"post","link":"https:\/\/guialimeira.com.br\/news\/bom-prato-oferece-pela-primeira-vez-cardapio-de-dia-das-maes\/","title":{"rendered":"Bom Prato oferece pela primeira vez card\u00e1pio de Dia das M\u00e3es"},"content":{"rendered":"<p> <br \/>\n<\/p>\n<div id=\"\">&#13;<br \/>\n                                <!-- Title -->&#13;<br \/>\n                                &#13;<br \/>\n&#13;<br \/>\n                                <!-- Excerpt -->&#13;<\/p>\n<p class=\"excerpt\">Unidades v\u00e3o funcionar neste s\u00e1bado (11) e domingo (12) com card\u00e1pios especiais<\/p>\n<p>&#13;<br \/>\n&#13;<br \/>\n                                &#13;\n                            <\/p><\/div>\n<div id=\"\">&#13;<\/p>\n<figure id=\"attachment_5167142\" style=\"width: 100%;max-width: 773px\" class=\"wp-caption alignnone\"><img data-recalc-dims=\"1\" decoding=\"async\" loading=\"lazy\" class=\" wp-image-5167142\" src=\"https:\/\/i0.wp.com\/www.saopaulo.sp.gov.br\/wp-content\/uploads\/2020\/03\/foto-1-1-300x200.jpg?resize=696%2C464&#038;ssl=1\" alt=\"\" width=\"696\" height=\"464\" srcset=\"https:\/\/www.saopaulo.sp.gov.br\/wp-content\/uploads\/2020\/03\/foto-1-1-300x200.jpg 300w, https:\/\/www.saopaulo.sp.gov.br\/wp-content\/uploads\/2020\/03\/foto-1-1-768x512.jpg 768w, https:\/\/www.saopaulo.sp.gov.br\/wp-content\/uploads\/2020\/03\/foto-1-1-1024x682.jpg 1024w, https:\/\/www.saopaulo.sp.gov.br\/wp-content\/uploads\/2020\/03\/foto-1-1.jpg 1280w\" sizes=\"auto, (max-width: 773px) 100vw, 773px\"\/><figcaption class=\"wp-caption-text\">As unidades fixas v\u00e3o servir um card\u00e1pio especial<\/figcaption><\/figure>\n<p>Os restaurantes Bom Prato estar\u00e3o abertos neste domingo (12) especialmente para celebrar o Dia das M\u00e3es. As unidades fixas prepararam um card\u00e1pio especial. Os pratos variam de acordo com a localidade. Entre as del\u00edcias para a data, est\u00e3o carne seca com ab\u00f3bora e frango assado na maionese, batata assada com ervas finas, salada summer e vinagrete de cebola roxa. Para a sobremesa, caqui, manjar e p\u00e3o de mel.<\/p>\n<p><a href=\"https:\/\/www.desenvolvimentosocial.sp.gov.br\/wp-content\/uploads\/2024\/05\/planilha-sem-titulo-pagina1.pdf\" rel=\"noopener\">Veja aqui o card\u00e1pio completo em cada unidade.<\/a><\/p>\n<p>Al\u00e9m da novidade do funcionamento no Dia das M\u00e3es, neste s\u00e1bado (11), as unidades fixas v\u00e3o abrir suas portas e servir\u00e3o a tradicional feijoada do Bom Prato.<\/p>\n<p>Para essa a\u00e7\u00e3o, o Governo de S\u00e3o Paulo investiu R$ 1,9 milh\u00e3o, dobrando o subs\u00eddio por refei\u00e7\u00e3o, passando de R$ 7,10 (dias normais) para R$ 14,20 nesses dois dias.<\/p>\n<p>Siga o canal \u201cGoverno de S\u00e3o Paulo\u201d no WhatsApp:<br \/><a href=\"https:\/\/bit.ly\/govspnozap\" target=\"_blank\" rel=\"noopener noreferrer\">https:\/\/bit.ly\/govspnozap<\/a><\/p>\n<\/p><\/div>\n<p><br \/>\n<br \/><a href=\"https:\/\/www.saopaulo.sp.gov.br\/sala-de-imprensa\/restaurantes-do-bom-prato-oferecem-pela-primeira-vez-cardapio-de-dia-das-maes\/\" rel=\"noopener\">Informa\u00e7\u00f5es GOV.SP<\/a><\/p>\n","protected":false},"excerpt":{"rendered":"<p>&#13; &#13; &#13; &#13; &#13; Unidades v\u00e3o funcionar neste s\u00e1bado (11) e domingo (12) com card\u00e1pios especiais &#13; &#13; &#13; &#13; As unidades fixas v\u00e3o servir um card\u00e1pio especial Os restaurantes Bom Prato estar\u00e3o abertos neste domingo (12) especialmente para celebrar o Dia das M\u00e3es. As unidades fixas prepararam um card\u00e1pio especial. Os pratos variam [&hellip;]<\/p>\n","protected":false},"author":1,"featured_media":4629,"comment_status":"open","ping_status":"open","sticky":false,"template":"","format":"standard","meta":{"_jetpack_newsletter_access":"","_jetpack_dont_email_post_to_subs":false,"_jetpack_newsletter_tier_id":0,"_jetpack_memberships_contains_paywalled_content":false,"_mbp_banners":[],"_jetpack_feature_clip_id":0,"_jetpack_memberships_contains_paid_content":false,"footnotes":"","jetpack_publicize_message":"","jetpack_publicize_feature_enabled":true,"jetpack_social_post_already_shared":true,"jetpack_social_options":{"image_generator_settings":{"template":"highway","default_image_id":0,"font":"","enabled":false},"version":2},"jetpack_post_was_ever_published":false},"categories":[21],"tags":[],"class_list":["post-4628","post","type-post","status-publish","format-standard","has-post-thumbnail","category-sp-news"],"jetpack_publicize_connections":[],"jetpack-related-posts":[],"jetpack_shortlink":"https:\/\/wp.me\/p7Eq1F-1cE","jetpack_sharing_enabled":true,"jetpack_featured_media_url":"https:\/\/i0.wp.com\/guialimeira.com.br\/news\/wp-content\/uploads\/2024\/05\/Bom-Prato-oferece-pela-primeira-vez-cardapio-de-Dia-das.jpg?fit=300%2C200&ssl=1","_links":{"self":[{"href":"https:\/\/guialimeira.com.br\/news\/wp-json\/wp\/v2\/posts\/4628","targetHints":{"allow":["GET"]}}],"collection":[{"href":"https:\/\/guialimeira.com.br\/news\/wp-json\/wp\/v2\/posts"}],"about":[{"href":"https:\/\/guialimeira.com.br\/news\/wp-json\/wp\/v2\/types\/post"}],"author":[{"embeddable":true,"href":"https:\/\/guialimeira.com.br\/news\/wp-json\/wp\/v2\/users\/1"}],"replies":[{"embeddable":true,"href":"https:\/\/guialimeira.com.br\/news\/wp-json\/wp\/v2\/comments?post=4628"}],"version-history":[{"count":0,"href":"https:\/\/guialimeira.com.br\/news\/wp-json\/wp\/v2\/posts\/4628\/revisions"}],"wp:featuredmedia":[{"embeddable":true,"href":"https:\/\/guialimeira.com.br\/news\/wp-json\/wp\/v2\/media\/4629"}],"wp:attachment":[{"href":"https:\/\/guialimeira.com.br\/news\/wp-json\/wp\/v2\/media?parent=4628"}],"wp:term":[{"taxonomy":"category","embeddable":true,"href":"https:\/\/guialimeira.com.br\/news\/wp-json\/wp\/v2\/categories?post=4628"},{"taxonomy":"post_tag","embeddable":true,"href":"https:\/\/guialimeira.com.br\/news\/wp-json\/wp\/v2\/tags?post=4628"}],"curies":[{"name":"wp","href":"https:\/\/api.w.org\/{rel}","templated":true}]}}