{"id":461,"date":"2024-03-30T00:01:45","date_gmt":"2024-03-30T03:01:45","guid":{"rendered":"https:\/\/guialimeira.com.br\/2024\/03\/30\/prefeitura-municipal-de-americana-11\/"},"modified":"2024-03-30T00:01:45","modified_gmt":"2024-03-30T03:01:45","slug":"prefeitura-municipal-de-americana-11","status":"publish","type":"post","link":"https:\/\/guialimeira.com.br\/news\/prefeitura-municipal-de-americana-11\/","title":{"rendered":"Prefeitura Municipal de Americana"},"content":{"rendered":"<p> <br \/>\n<\/p>\n<div>\n<div class=\"row d-flex align-items-center mb-4\">\n<div class=\"col-md-6\">\n<p>\n\t\t\t\t\t\t\t\t\t\tPublicada em 27 de Mar\u00e7o de 2024 \u00e0s 14h07\n\t\t\t\t\t\t\t\t\t<\/p>\n<\/p><\/div>\n<\/p><\/div>\n<div class=\"mb-5\">A Prefeitura de Americana, por meio da Secretaria de Obras e Servi\u00e7os Urbanos (Sosu), iniciou nesta quarta-feira (27) a aplica\u00e7\u00e3o de concreto estampado na pra\u00e7a Jos\u00e9 Leite de Camargo, localizada ao lado da Orla da Praia Azul.<\/p>\n<p>&#8220;A pra\u00e7a est\u00e1 recebendo paralelamente a constru\u00e7\u00e3o de arquibancada ao lado do palco e a aplica\u00e7\u00e3o do concreto que ter\u00e1 piso estampado. \u00c9 o in\u00edcio de muitas melhorias que vamos realizar na Orla da Praia Azul&#8221;, disse o secret\u00e1rio de Obras, Adriano Alvarenga Camargo Neves.<\/p>\n<p>Com quase 400 metros de comprimento e 7.750 m\u00b2, a regi\u00e3o vai receber investimentos em acessibilidade, lazer e bem-estar para a popula\u00e7\u00e3o, ao alcance tanto de moradores do bairro como de outras \u00e1reas da cidade.<\/p>\n<p>Haver\u00e1 ainda a instala\u00e7\u00e3o de mobili\u00e1rio urbano contempor\u00e2neo, como lixeiras e bancos; pintura vi\u00e1ria, como faixas de travessia e vagas de estacionamento preferenciais; constru\u00e7\u00e3o de quadra de areia, duchas, parquinho infantil, esta\u00e7\u00e3o de gin\u00e1stica ao ar livre, campo de bocha coberto e skate park. Ser\u00e1 instalado um biciclet\u00e1rio, enquanto a ilumina\u00e7\u00e3o passar\u00e1 por melhorias com a instala\u00e7\u00e3o de l\u00e2mpadas de LED.<\/p>\n<p>O investimento \u00e9 de R$ 1.628.000,00, sendo R$ 500 mil de recursos provenientes do Governo do Estado de S\u00e3o Paulo, intermediados pelo deputado Delegado Bruno Lima, R$ 813 mil por meio do FDMU e R$ 315 mil de contrapartida da empresa Pura Construtora por conta de empreendimentos na cidade. Toda a tramita\u00e7\u00e3o documental para viabilizar os recursos foi realizada pela Secretaria de Gest\u00e3o de Conv\u00eanios.<\/p>\n<p>Texto: Ariel Ferreira (MTb 62.872)\n                            <\/p>\n<\/div><\/div>\n<p><script async defer crossorigin=\"anonymous\" src=\"https:\/\/connect.facebook.net\/pt_BR\/sdk.js#xfbml=1&#038;version=v5.0\"><\/script><br \/>\n<br \/><br \/>\n<br \/><a href=\"https:\/\/www.americana.sp.gov.br\/americana-index.php?a=noticia&#038;id=30455\" rel=\"noopener\">Informa\u00e7\u00f5es PMA<\/a><\/p>\n","protected":false},"excerpt":{"rendered":"<p>Publicada em 27 de Mar\u00e7o de 2024 \u00e0s 14h07 A Prefeitura de Americana, por meio da Secretaria de Obras e Servi\u00e7os Urbanos (Sosu), iniciou nesta quarta-feira (27) a aplica\u00e7\u00e3o de concreto estampado na pra\u00e7a Jos\u00e9 Leite de Camargo, localizada ao lado da Orla da Praia Azul. &#8220;A pra\u00e7a est\u00e1 recebendo paralelamente a constru\u00e7\u00e3o de arquibancada [&hellip;]<\/p>\n","protected":false},"author":1,"featured_media":0,"comment_status":"open","ping_status":"open","sticky":false,"template":"","format":"standard","meta":{"_jetpack_newsletter_access":"","_jetpack_dont_email_post_to_subs":false,"_jetpack_newsletter_tier_id":0,"_jetpack_memberships_contains_paywalled_content":false,"_mbp_banners":[],"_jetpack_feature_clip_id":0,"_jetpack_memberships_contains_paid_content":false,"footnotes":"","jetpack_publicize_message":"","jetpack_publicize_feature_enabled":true,"jetpack_social_post_already_shared":true,"jetpack_social_options":{"image_generator_settings":{"template":"highway","default_image_id":0,"font":"","enabled":false},"version":2},"jetpack_post_was_ever_published":false},"categories":[20],"tags":[],"class_list":["post-461","post","type-post","status-publish","format-standard","category-regiao"],"jetpack_publicize_connections":[],"jetpack-related-posts":[],"jetpack_shortlink":"https:\/\/wp.me\/p7Eq1F-7r","jetpack_sharing_enabled":true,"jetpack_featured_media_url":"","_links":{"self":[{"href":"https:\/\/guialimeira.com.br\/news\/wp-json\/wp\/v2\/posts\/461","targetHints":{"allow":["GET"]}}],"collection":[{"href":"https:\/\/guialimeira.com.br\/news\/wp-json\/wp\/v2\/posts"}],"about":[{"href":"https:\/\/guialimeira.com.br\/news\/wp-json\/wp\/v2\/types\/post"}],"author":[{"embeddable":true,"href":"https:\/\/guialimeira.com.br\/news\/wp-json\/wp\/v2\/users\/1"}],"replies":[{"embeddable":true,"href":"https:\/\/guialimeira.com.br\/news\/wp-json\/wp\/v2\/comments?post=461"}],"version-history":[{"count":0,"href":"https:\/\/guialimeira.com.br\/news\/wp-json\/wp\/v2\/posts\/461\/revisions"}],"wp:attachment":[{"href":"https:\/\/guialimeira.com.br\/news\/wp-json\/wp\/v2\/media?parent=461"}],"wp:term":[{"taxonomy":"category","embeddable":true,"href":"https:\/\/guialimeira.com.br\/news\/wp-json\/wp\/v2\/categories?post=461"},{"taxonomy":"post_tag","embeddable":true,"href":"https:\/\/guialimeira.com.br\/news\/wp-json\/wp\/v2\/tags?post=461"}],"curies":[{"name":"wp","href":"https:\/\/api.w.org\/{rel}","templated":true}]}}