{"id":46030,"date":"2025-09-26T15:26:02","date_gmt":"2025-09-26T18:26:02","guid":{"rendered":"https:\/\/guialimeira.com.br\/?p=46030"},"modified":"2025-09-26T15:26:02","modified_gmt":"2025-09-26T18:26:02","slug":"defesa-civil-promove-palestra-para-criancas-durante-a-semana-nacional-do-transito-prefeitura-municipal-de-cordeiropolis","status":"publish","type":"post","link":"https:\/\/guialimeira.com.br\/news\/defesa-civil-promove-palestra-para-criancas-durante-a-semana-nacional-do-transito-prefeitura-municipal-de-cordeiropolis\/","title":{"rendered":"Defesa Civil promove palestra para crian\u00e7as durante a Semana Nacional do Tr\u00e2nsito \u2013 Prefeitura Municipal de Cordeir\u00f3polis"},"content":{"rendered":"<p> <br \/>\n<\/p>\n<div>\n<p>Em alus\u00e3o \u00e0 Semana Nacional do Tr\u00e2nsito, a Defesa Civil de Cordeir\u00f3polis realizou palestras educativas voltadas \u00e0s crian\u00e7as nos Centros de Educa\u00e7\u00e3o Infantil (CEIs) Leonor Rodrigues Marcicano e Milton Ant\u00f4nio Vitte. O objetivo \u00e9 despertar, desde cedo, a consci\u00eancia sobre a import\u00e2ncia da seguran\u00e7a nas ruas e estradas.<\/p>\n<p>O trabalho foi conduzido pela coordenadora do \u00f3rg\u00e3o, Alessandra Cantrella. De forma l\u00fadica e interativa, os agentes apresentaram orienta\u00e7\u00f5es pr\u00e1ticas, como a import\u00e2ncia de atravessar sempre na faixa de pedestres, respeitar os sinais de tr\u00e2nsito e utilizar o cinto de seguran\u00e7a em todos os trajetos.<\/p>\n<p>\u201cAs crian\u00e7as participaram ativamente, compartilhando experi\u00eancias e aprendendo que atitudes simples podem fazer grande diferen\u00e7a para um tr\u00e2nsito mais seguro. Nosso compromisso \u00e9 atuar na preven\u00e7\u00e3o e na forma\u00e7\u00e3o cidad\u00e3 das novas gera\u00e7\u00f5es, contribuindo para um futuro com mais responsabilidade e cuidado no tr\u00e2nsito\u201d, afirma Cantrella.<\/p>\n<figure class=\"wp-block-gallery has-nested-images columns-default is-cropped wp-block-gallery-1 is-layout-flex wp-block-gallery-is-layout-flex\">\n<figure class=\"wp-block-image size-large\"><\/figure>\n<figure class=\"wp-block-image size-large\"><img data-recalc-dims=\"1\" decoding=\"async\" loading=\"lazy\" width=\"696\" height=\"404\" data-id=\"31355\" src=\"https:\/\/i0.wp.com\/guialimeira.com.br\/wp-content\/uploads\/2025\/09\/1758911161_988_Defesa-Civil-promove-palestra-para-criancas-durante-a-Semana-Nacional.jpeg?resize=696%2C404&#038;ssl=1\" alt=\"\" class=\"wp-image-31355\" \/><\/figure>\n<figure class=\"wp-block-image size-large\"><img data-recalc-dims=\"1\" decoding=\"async\" data-attachment-id=\"31354\" data-permalink=\"https:\/\/guialimeira.com.br\/news\/colegio-de-radiologia-afirma-seguranca-de-tomografias-computadorizadas\/tomografia_exames3-jpg\/\" data-orig-file=\"https:\/\/i0.wp.com\/guialimeira.com.br\/news\/wp-content\/uploads\/2025\/04\/tomografia_exames3.jpg?fit=1600%2C800&amp;ssl=1\" data-orig-size=\"1600,800\" data-comments-opened=\"1\" data-image-meta=\"{&quot;aperture&quot;:&quot;0&quot;,&quot;credit&quot;:&quot;&quot;,&quot;camera&quot;:&quot;&quot;,&quot;caption&quot;:&quot;&quot;,&quot;created_timestamp&quot;:&quot;0&quot;,&quot;copyright&quot;:&quot;&quot;,&quot;focal_length&quot;:&quot;0&quot;,&quot;iso&quot;:&quot;0&quot;,&quot;shutter_speed&quot;:&quot;0&quot;,&quot;title&quot;:&quot;&quot;,&quot;orientation&quot;:&quot;0&quot;}\" data-image-title=\"tomografia_exames3.jpg\" data-image-description=\"\" data-image-caption=\"\" data-large-file=\"https:\/\/i0.wp.com\/guialimeira.com.br\/news\/wp-content\/uploads\/2025\/04\/tomografia_exames3.jpg?fit=696%2C348&amp;ssl=1\" loading=\"lazy\" width=\"696\" height=\"522\" data-id=\"31354\" src=\"https:\/\/i0.wp.com\/guialimeira.com.br\/wp-content\/uploads\/2025\/09\/1758911161_23_Defesa-Civil-promove-palestra-para-criancas-durante-a-Semana-Nacional.jpeg?resize=696%2C522&#038;ssl=1\" alt=\"\" class=\"wp-image-31354\" \/><\/figure>\n<figure class=\"wp-block-image size-large\"><img data-recalc-dims=\"1\" decoding=\"async\" loading=\"lazy\" width=\"696\" height=\"928\" data-id=\"31353\" src=\"https:\/\/i0.wp.com\/guialimeira.com.br\/wp-content\/uploads\/2025\/09\/1758911161_478_Defesa-Civil-promove-palestra-para-criancas-durante-a-Semana-Nacional.jpeg?resize=696%2C928&#038;ssl=1\" alt=\"\" class=\"wp-image-31353\" \/><\/figure>\n<figure class=\"wp-block-image size-large\"><img data-recalc-dims=\"1\" decoding=\"async\" data-attachment-id=\"31352\" data-permalink=\"https:\/\/guialimeira.com.br\/news\/governo-de-sao-paulo-publica-edital-de-concurso-publico-para-alunos-oficiais-da-pm\/governo-de-sao-paulo-publica-edital-de-concurso-publico-para\/\" data-orig-file=\"https:\/\/i0.wp.com\/guialimeira.com.br\/news\/wp-content\/uploads\/2025\/04\/Governo-de-Sao-Paulo-publica-edital-de-concurso-publico-para.jpeg?fit=1600%2C1066&amp;ssl=1\" data-orig-size=\"1600,1066\" data-comments-opened=\"1\" data-image-meta=\"{&quot;aperture&quot;:&quot;0&quot;,&quot;credit&quot;:&quot;&quot;,&quot;camera&quot;:&quot;&quot;,&quot;caption&quot;:&quot;&quot;,&quot;created_timestamp&quot;:&quot;0&quot;,&quot;copyright&quot;:&quot;&quot;,&quot;focal_length&quot;:&quot;0&quot;,&quot;iso&quot;:&quot;0&quot;,&quot;shutter_speed&quot;:&quot;0&quot;,&quot;title&quot;:&quot;&quot;,&quot;orientation&quot;:&quot;0&quot;}\" data-image-title=\"Governo de S\u00e3o Paulo publica edital de concurso p\u00fablico para\" data-image-description=\"\" data-image-caption=\"\" data-large-file=\"https:\/\/i0.wp.com\/guialimeira.com.br\/news\/wp-content\/uploads\/2025\/04\/Governo-de-Sao-Paulo-publica-edital-de-concurso-publico-para.jpeg?fit=696%2C464&amp;ssl=1\" loading=\"lazy\" width=\"696\" height=\"521\" data-id=\"31352\" src=\"https:\/\/i0.wp.com\/guialimeira.com.br\/wp-content\/uploads\/2025\/09\/1758911161_734_Defesa-Civil-promove-palestra-para-criancas-durante-a-Semana-Nacional.jpeg?resize=696%2C521&#038;ssl=1\" alt=\"\" class=\"wp-image-31352\" \/><\/figure>\n<figure class=\"wp-block-image size-large\"><img data-recalc-dims=\"1\" decoding=\"async\" loading=\"lazy\" width=\"576\" height=\"1024\" data-id=\"31351\" src=\"https:\/\/i0.wp.com\/guialimeira.com.br\/wp-content\/uploads\/2025\/09\/1758911161_919_Defesa-Civil-promove-palestra-para-criancas-durante-a-Semana-Nacional.jpeg?resize=576%2C1024&#038;ssl=1\" alt=\"\" class=\"wp-image-31351\" \/><\/figure>\n<figure class=\"wp-block-image size-large\"><img data-recalc-dims=\"1\" decoding=\"async\" data-attachment-id=\"31350\" data-permalink=\"https:\/\/guialimeira.com.br\/news\/policia-faz-operacao-contra-esquema-interestadual-de-furtos-de-cabos\/cables-2147450-jpg\/\" data-orig-file=\"https:\/\/i0.wp.com\/guialimeira.com.br\/news\/wp-content\/uploads\/2025\/04\/cables-2147450.jpg?fit=1600%2C800&amp;ssl=1\" data-orig-size=\"1600,800\" data-comments-opened=\"1\" data-image-meta=\"{&quot;aperture&quot;:&quot;0&quot;,&quot;credit&quot;:&quot;&quot;,&quot;camera&quot;:&quot;&quot;,&quot;caption&quot;:&quot;&quot;,&quot;created_timestamp&quot;:&quot;0&quot;,&quot;copyright&quot;:&quot;&quot;,&quot;focal_length&quot;:&quot;0&quot;,&quot;iso&quot;:&quot;0&quot;,&quot;shutter_speed&quot;:&quot;0&quot;,&quot;title&quot;:&quot;&quot;,&quot;orientation&quot;:&quot;0&quot;}\" data-image-title=\"cables-2147450.jpg\" data-image-description=\"\" data-image-caption=\"\" data-large-file=\"https:\/\/i0.wp.com\/guialimeira.com.br\/news\/wp-content\/uploads\/2025\/04\/cables-2147450.jpg?fit=696%2C348&amp;ssl=1\" loading=\"lazy\" width=\"576\" height=\"1024\" data-id=\"31350\" src=\"https:\/\/i0.wp.com\/guialimeira.com.br\/wp-content\/uploads\/2025\/09\/1758911161_657_Defesa-Civil-promove-palestra-para-criancas-durante-a-Semana-Nacional.jpeg?resize=576%2C1024&#038;ssl=1\" alt=\"\" class=\"wp-image-31350\" \/><\/figure>\n<\/figure><\/div>\n<p><br \/>\n<br \/><a href=\"https:\/\/www.cordeiropolis.sp.gov.br\/defesa-civil-promove-palestra-para-criancas-durante-a-semana-nacional-do-transito\/\" rel=\"noopener\">Informa\u00e7\u00f5es Cordeir\u00f3polis <\/a><\/p>\n","protected":false},"excerpt":{"rendered":"<p>Em alus\u00e3o \u00e0 Semana Nacional do Tr\u00e2nsito, a Defesa Civil de Cordeir\u00f3polis realizou palestras educativas voltadas \u00e0s crian\u00e7as nos Centros de Educa\u00e7\u00e3o Infantil (CEIs) Leonor Rodrigues Marcicano e Milton Ant\u00f4nio Vitte. O objetivo \u00e9 despertar, desde cedo, a consci\u00eancia sobre a import\u00e2ncia da seguran\u00e7a nas ruas e estradas. O trabalho foi conduzido pela coordenadora do [&hellip;]<\/p>\n","protected":false},"author":1,"featured_media":46031,"comment_status":"open","ping_status":"open","sticky":false,"template":"","format":"standard","meta":{"_jetpack_newsletter_access":"","_jetpack_dont_email_post_to_subs":false,"_jetpack_newsletter_tier_id":0,"_jetpack_memberships_contains_paywalled_content":false,"_mbp_banners":[],"_jetpack_feature_clip_id":0,"_jetpack_memberships_contains_paid_content":false,"footnotes":"","jetpack_publicize_message":"","jetpack_publicize_feature_enabled":true,"jetpack_social_post_already_shared":true,"jetpack_social_options":{"image_generator_settings":{"template":"highway","default_image_id":0,"font":"","enabled":false},"version":2},"jetpack_post_was_ever_published":false},"categories":[20],"tags":[],"class_list":["post-46030","post","type-post","status-publish","format-standard","has-post-thumbnail","category-regiao"],"jetpack_publicize_connections":[],"jetpack-related-posts":[],"jetpack_shortlink":"https:\/\/wp.me\/p7Eq1F-bYq","jetpack_sharing_enabled":true,"jetpack_featured_media_url":"https:\/\/i0.wp.com\/guialimeira.com.br\/news\/wp-content\/uploads\/2025\/09\/Defesa-Civil-promove-palestra-para-criancas-durante-a-Semana-Nacional.jpeg?fit=1024%2C746&ssl=1","_links":{"self":[{"href":"https:\/\/guialimeira.com.br\/news\/wp-json\/wp\/v2\/posts\/46030","targetHints":{"allow":["GET"]}}],"collection":[{"href":"https:\/\/guialimeira.com.br\/news\/wp-json\/wp\/v2\/posts"}],"about":[{"href":"https:\/\/guialimeira.com.br\/news\/wp-json\/wp\/v2\/types\/post"}],"author":[{"embeddable":true,"href":"https:\/\/guialimeira.com.br\/news\/wp-json\/wp\/v2\/users\/1"}],"replies":[{"embeddable":true,"href":"https:\/\/guialimeira.com.br\/news\/wp-json\/wp\/v2\/comments?post=46030"}],"version-history":[{"count":1,"href":"https:\/\/guialimeira.com.br\/news\/wp-json\/wp\/v2\/posts\/46030\/revisions"}],"predecessor-version":[{"id":46032,"href":"https:\/\/guialimeira.com.br\/news\/wp-json\/wp\/v2\/posts\/46030\/revisions\/46032"}],"wp:featuredmedia":[{"embeddable":true,"href":"https:\/\/guialimeira.com.br\/news\/wp-json\/wp\/v2\/media\/46031"}],"wp:attachment":[{"href":"https:\/\/guialimeira.com.br\/news\/wp-json\/wp\/v2\/media?parent=46030"}],"wp:term":[{"taxonomy":"category","embeddable":true,"href":"https:\/\/guialimeira.com.br\/news\/wp-json\/wp\/v2\/categories?post=46030"},{"taxonomy":"post_tag","embeddable":true,"href":"https:\/\/guialimeira.com.br\/news\/wp-json\/wp\/v2\/tags?post=46030"}],"curies":[{"name":"wp","href":"https:\/\/api.w.org\/{rel}","templated":true}]}}