{"id":46022,"date":"2025-09-26T14:24:25","date_gmt":"2025-09-26T17:24:25","guid":{"rendered":"https:\/\/guialimeira.com.br\/?p=46022"},"modified":"2025-09-26T14:24:25","modified_gmt":"2025-09-26T17:24:25","slug":"escola-amalia-de-cordeiropolis-recebe-premio-de-excelencia-educacional-prefeitura-municipal-de-cordeiropolis","status":"publish","type":"post","link":"https:\/\/guialimeira.com.br\/news\/escola-amalia-de-cordeiropolis-recebe-premio-de-excelencia-educacional-prefeitura-municipal-de-cordeiropolis\/","title":{"rendered":"Escola Am\u00e1lia, de Cordeir\u00f3polis, recebe Pr\u00eamio de Excel\u00eancia Educacional \u2013 Prefeitura Municipal de Cordeir\u00f3polis"},"content":{"rendered":"<p> <br \/>\n<\/p>\n<div>\n<p>Cordeir\u00f3polis foi destaque no Pr\u00eamio de Excel\u00eancia Educacional 2024. A cerim\u00f4nia foi realizada nesta ter\u00e7a-feira (24), em Rio Claro. A Emef Am\u00e1lia Malheiro Moreira foi reconhecida pelo desempenho no programa Alfabetiza Juntos SP, do Governo de S\u00e3o Paulo. A secret\u00e1ria de Educa\u00e7\u00e3o, \u00c9rika Marin Guimar\u00e3es, esteve no evento e representou a prefeita Cristina Saad.<\/p>\n<p>O pr\u00eamio reconhece as redes municipais de ensino que alcan\u00e7am as metas de alfabetiza\u00e7\u00e3o estabelecidas a partir dos resultados do Sistema de Avalia\u00e7\u00e3o de Rendimento Escolar do Estado de S\u00e3o Paulo (SARESP). Al\u00e9m da certifica\u00e7\u00e3o, as escolas vencedoras recebem premia\u00e7\u00e3o em dinheiro, que deve ser aplicada diretamente em projetos educacionais.<\/p>\n<p>Para avaliar o avan\u00e7o dos estudantes, o programa utiliza o \u00cdndice de Excel\u00eancia Educacional (IEE) e indicadores como a flu\u00eancia leitora. \u201cParabenizo os nossos professores pela tarefa singular de ensinar e transmitir conhecimento. Esse pr\u00eamio \u00e9 um reconhecimento do trabalho dos professores. Nosso objetivo \u00e9 que, no pr\u00f3ximo ano, mais escolas de Cordeir\u00f3polis sejam premiadas\u201d, afirmou \u00c9rika.<\/p>\n<p>Al\u00e9m da secret\u00e1ria, tamb\u00e9m representaram Cordeir\u00f3polis na premia\u00e7\u00e3o, a articuladora municipal da pasta, Jaqueline Moreira Ferraz de Lima, a coordenadora do Ensino Fundamental, Alessandra Wiebeck Caniatto, a diretora Gisele Cicolin e a coordenadora pedag\u00f3gica, Ta\u00eds Bertanha, ambas da escola Am\u00e1lia.<\/p>\n<\/p><\/div>\n<p><br \/>\n<br \/><a href=\"https:\/\/www.cordeiropolis.sp.gov.br\/escola-amalia-de-cordeiropolis-recebe-premio-de-excelencia-educacional\/\" rel=\"noopener\">Informa\u00e7\u00f5es Cordeir\u00f3polis <\/a><\/p>\n","protected":false},"excerpt":{"rendered":"<p>Cordeir\u00f3polis foi destaque no Pr\u00eamio de Excel\u00eancia Educacional 2024. A cerim\u00f4nia foi realizada nesta ter\u00e7a-feira (24), em Rio Claro. A Emef Am\u00e1lia Malheiro Moreira foi reconhecida pelo desempenho no programa Alfabetiza Juntos SP, do Governo de S\u00e3o Paulo. A secret\u00e1ria de Educa\u00e7\u00e3o, \u00c9rika Marin Guimar\u00e3es, esteve no evento e representou a prefeita Cristina Saad. O [&hellip;]<\/p>\n","protected":false},"author":1,"featured_media":0,"comment_status":"open","ping_status":"open","sticky":false,"template":"","format":"standard","meta":{"_jetpack_newsletter_access":"","_jetpack_dont_email_post_to_subs":false,"_jetpack_newsletter_tier_id":0,"_jetpack_memberships_contains_paywalled_content":false,"_mbp_banners":[],"_jetpack_feature_clip_id":0,"_jetpack_memberships_contains_paid_content":false,"footnotes":"","jetpack_publicize_message":"","jetpack_publicize_feature_enabled":true,"jetpack_social_post_already_shared":true,"jetpack_social_options":{"image_generator_settings":{"template":"highway","default_image_id":0,"font":"","enabled":false},"version":2},"jetpack_post_was_ever_published":false},"categories":[20],"tags":[],"class_list":["post-46022","post","type-post","status-publish","format-standard","category-regiao"],"jetpack_publicize_connections":[],"jetpack-related-posts":[],"jetpack_shortlink":"https:\/\/wp.me\/p7Eq1F-bYi","jetpack_sharing_enabled":true,"jetpack_featured_media_url":"","_links":{"self":[{"href":"https:\/\/guialimeira.com.br\/news\/wp-json\/wp\/v2\/posts\/46022","targetHints":{"allow":["GET"]}}],"collection":[{"href":"https:\/\/guialimeira.com.br\/news\/wp-json\/wp\/v2\/posts"}],"about":[{"href":"https:\/\/guialimeira.com.br\/news\/wp-json\/wp\/v2\/types\/post"}],"author":[{"embeddable":true,"href":"https:\/\/guialimeira.com.br\/news\/wp-json\/wp\/v2\/users\/1"}],"replies":[{"embeddable":true,"href":"https:\/\/guialimeira.com.br\/news\/wp-json\/wp\/v2\/comments?post=46022"}],"version-history":[{"count":1,"href":"https:\/\/guialimeira.com.br\/news\/wp-json\/wp\/v2\/posts\/46022\/revisions"}],"predecessor-version":[{"id":46023,"href":"https:\/\/guialimeira.com.br\/news\/wp-json\/wp\/v2\/posts\/46022\/revisions\/46023"}],"wp:attachment":[{"href":"https:\/\/guialimeira.com.br\/news\/wp-json\/wp\/v2\/media?parent=46022"}],"wp:term":[{"taxonomy":"category","embeddable":true,"href":"https:\/\/guialimeira.com.br\/news\/wp-json\/wp\/v2\/categories?post=46022"},{"taxonomy":"post_tag","embeddable":true,"href":"https:\/\/guialimeira.com.br\/news\/wp-json\/wp\/v2\/tags?post=46022"}],"curies":[{"name":"wp","href":"https:\/\/api.w.org\/{rel}","templated":true}]}}