{"id":4600,"date":"2024-05-10T21:24:57","date_gmt":"2024-05-11T00:24:57","guid":{"rendered":"https:\/\/guialimeira.com.br\/2024\/05\/10\/sp-faz-maior-nomeacao-da-historia-da-policia-civil-com-mais-de-4-mil-policiais\/"},"modified":"2024-05-10T21:24:57","modified_gmt":"2024-05-11T00:24:57","slug":"sp-faz-maior-nomeacao-da-historia-da-policia-civil-com-mais-de-4-mil-policiais","status":"publish","type":"post","link":"https:\/\/guialimeira.com.br\/news\/sp-faz-maior-nomeacao-da-historia-da-policia-civil-com-mais-de-4-mil-policiais\/","title":{"rendered":"SP faz maior nomea\u00e7\u00e3o da hist\u00f3ria da Pol\u00edcia Civil com mais de 4 mil policiais"},"content":{"rendered":"<p> <br \/>\n<\/p>\n<div id=\"\">&#13;<\/p>\n<figure id=\"attachment_5882358\" style=\"width: 100%;max-width: 2048px\" class=\"wp-caption alignnone caption-hide\"><img data-recalc-dims=\"1\" decoding=\"async\" loading=\"lazy\" class=\"wp-image-5882358 size-full\" src=\"https:\/\/i0.wp.com\/www.saopaulo.sp.gov.br\/wp-content\/uploads\/2024\/05\/53712053564_cf9ce9ef8e_k.jpg?resize=696%2C347&#038;ssl=1\" alt=\"\" width=\"696\" height=\"347\" srcset=\"https:\/\/www.saopaulo.sp.gov.br\/wp-content\/uploads\/2024\/05\/53712053564_cf9ce9ef8e_k.jpg 2048w, https:\/\/www.saopaulo.sp.gov.br\/wp-content\/uploads\/2024\/05\/53712053564_cf9ce9ef8e_k-300x150.jpg 300w, https:\/\/www.saopaulo.sp.gov.br\/wp-content\/uploads\/2024\/05\/53712053564_cf9ce9ef8e_k-1024x511.jpg 1024w, https:\/\/www.saopaulo.sp.gov.br\/wp-content\/uploads\/2024\/05\/53712053564_cf9ce9ef8e_k-768x383.jpg 768w, https:\/\/www.saopaulo.sp.gov.br\/wp-content\/uploads\/2024\/05\/53712053564_cf9ce9ef8e_k-1536x766.jpg 1536w, https:\/\/www.saopaulo.sp.gov.br\/wp-content\/uploads\/2024\/05\/53712053564_cf9ce9ef8e_k-600x300.jpg 600w, https:\/\/www.saopaulo.sp.gov.br\/wp-content\/uploads\/2024\/05\/53712053564_cf9ce9ef8e_k-800x400.jpg 800w\" sizes=\"auto, (max-width: 2048px) 100vw, 2048px\"\/><\/figure>\n<p>O Governo de SP avan\u00e7a no compromisso de recompor o efetivo da Pol\u00edcia Civil no Estado, valorizar a institui\u00e7\u00e3o, promover a seguran\u00e7a e combater o crime em S\u00e3o Paulo. Nesta sexta-feira (10), o governador Tarc\u00edsio de Freitas empossou 4.017 novos policiais civis aprovados em concursos p\u00fablicos para diferentes carreiras, na maior nomea\u00e7\u00e3o da hist\u00f3ria da corpora\u00e7\u00e3o.<\/p>\n<p>\u201cN\u00f3s teremos sucesso no restabelecimento da seguran\u00e7a caminhando em cima de alguns pilares. A valoriza\u00e7\u00e3o das carreiras, e no ano passado n\u00f3s conseguimos dar um primeiro aumento para os nossos policiais e estamos trabalhando para melhorar o plano de carreira. Segundo, a recomposi\u00e7\u00e3o do efetivo, e \u00e9 por isso que a gente est\u00e1 celebrando hoje o maior ingresso na corpora\u00e7\u00e3o de todos os tempos\u201d, afirmou o governador.<\/p>\n<p>\u201cE n\u00e3o vai parar por a\u00ed, pois temos outro concurso em andamento e a gente est\u00e1 falando em esse ano incorporar na pol\u00edcia civil 7. 500 policiais. E o terceiro \u00e9 o investimento pesado em tecnologia, e n\u00f3s vamos buscar o que existe de mais moderno para melhorar o tempo de resposta da investiga\u00e7\u00e3o, combater o crime e proteger a popula\u00e7\u00e3o\u201d, acrescentou.<\/p>\n<figure id=\"attachment_5882362\" style=\"width: 100%;max-width: 2048px\" class=\"wp-caption alignnone caption-hide\"><img data-recalc-dims=\"1\" decoding=\"async\" loading=\"lazy\" class=\"wp-image-5882362 size-full\" src=\"https:\/\/i0.wp.com\/www.saopaulo.sp.gov.br\/wp-content\/uploads\/2024\/05\/53712053939_d28b1695bc_k.jpg?resize=696%2C388&#038;ssl=1\" alt=\"\" width=\"696\" height=\"388\" srcset=\"https:\/\/www.saopaulo.sp.gov.br\/wp-content\/uploads\/2024\/05\/53712053939_d28b1695bc_k.jpg 2048w, https:\/\/www.saopaulo.sp.gov.br\/wp-content\/uploads\/2024\/05\/53712053939_d28b1695bc_k-300x167.jpg 300w, https:\/\/www.saopaulo.sp.gov.br\/wp-content\/uploads\/2024\/05\/53712053939_d28b1695bc_k-1024x571.jpg 1024w, https:\/\/www.saopaulo.sp.gov.br\/wp-content\/uploads\/2024\/05\/53712053939_d28b1695bc_k-768x428.jpg 768w, https:\/\/www.saopaulo.sp.gov.br\/wp-content\/uploads\/2024\/05\/53712053939_d28b1695bc_k-1536x856.jpg 1536w\" sizes=\"auto, (max-width: 2048px) 100vw, 2048px\"\/><\/figure>\n<p>A cerim\u00f4nia de posse dos novos policiais aconteceu no Gin\u00e1sio Poliesportivo do Ibirapuera \u2013 \u201cMauro Pinheiro\u201d e contou com a presen\u00e7a do secret\u00e1rio da Seguran\u00e7a P\u00fablica, Guilherme Derrite, do secret\u00e1rio da Casa Civil, Arthur Lima, parlamentares federais, estaduais, delegados-gerais e demais autoridades ligadas \u00e0s For\u00e7as de Seguran\u00e7a do Estado, al\u00e9m de familiares dos empossados e membros da sociedade civil.<\/p>\n<p>Ao todo, foram convocados para a posse 2.208 escriv\u00e3es, 1.260 investigadores, 353 delegados e 196 m\u00e9dicos-legistas, aprovados em concurso em 2022. Para avan\u00e7ar na retomada do quadro deficit\u00e1rio de policiais na institui\u00e7\u00e3o nos \u00faltimos anos, o atual governo convocou mais 1.080 remanescentes aprovados, 37% a mais que o previsto em edital, totalizando os 4.017 novos agentes.<\/p>\n<p>\u201cA seguran\u00e7a p\u00fablica \u00e9 em S\u00e3o Paulo e no Brasil a principal demanda da popula\u00e7\u00e3o. Uma pol\u00edtica que se faz necess\u00e1rio entregas de resultados cada vez melhores. E o nosso primeiro ano de gest\u00e3o \u00e9 marcado por entregas. Tivemos a maior redu\u00e7\u00e3o de homic\u00eddios da hist\u00f3ria, a maior apreens\u00e3o de drogas, o maior n\u00famero de pris\u00f5es. Imagina o que vamos entregar para a sociedade com esses valorosos homens e mulheres que est\u00e3o tomando posse hoje\u201d, afirmou o secret\u00e1rio Guilherme Derrite.<\/p>\n<p>A nomea\u00e7\u00e3o dos aprovados foi publicada no \u00faltimo dia 3 de maio no Di\u00e1rio Oficial do Estado. Todos os nomeados passar\u00e3o por uma etapa de forma\u00e7\u00e3o da Academia de Pol\u00edcia Civil (Acadepol) de uma semana. Depois ser\u00e3o divididos e designados para as Unidades de Ensino Policial (UEPs) na Grande S\u00e3o Paulo e no interior, at\u00e9 a formatura, quando refor\u00e7ar\u00e3o o efetivo das delegacias de todas as regi\u00f5es do Estado.<\/p>\n<figure id=\"attachment_5882363\" style=\"width: 100%;max-width: 2048px\" class=\"wp-caption alignnone caption-hide\"><img data-recalc-dims=\"1\" decoding=\"async\" loading=\"lazy\" class=\"wp-image-5882363 size-full\" src=\"https:\/\/i0.wp.com\/www.saopaulo.sp.gov.br\/wp-content\/uploads\/2024\/05\/53710812187_a8ea409cf6_k.jpg?resize=696%2C421&#038;ssl=1\" alt=\"\" width=\"696\" height=\"421\" srcset=\"https:\/\/www.saopaulo.sp.gov.br\/wp-content\/uploads\/2024\/05\/53710812187_a8ea409cf6_k.jpg 2048w, https:\/\/www.saopaulo.sp.gov.br\/wp-content\/uploads\/2024\/05\/53710812187_a8ea409cf6_k-300x181.jpg 300w, https:\/\/www.saopaulo.sp.gov.br\/wp-content\/uploads\/2024\/05\/53710812187_a8ea409cf6_k-1024x620.jpg 1024w, https:\/\/www.saopaulo.sp.gov.br\/wp-content\/uploads\/2024\/05\/53710812187_a8ea409cf6_k-768x465.jpg 768w, https:\/\/www.saopaulo.sp.gov.br\/wp-content\/uploads\/2024\/05\/53710812187_a8ea409cf6_k-1536x929.jpg 1536w\" sizes=\"auto, (max-width: 2048px) 100vw, 2048px\"\/><\/figure>\n<p>Os cursos de escriv\u00e3o, investigador e m\u00e9dico legista ter\u00e3o dura\u00e7\u00e3o m\u00e9dia de tr\u00eas meses. J\u00e1 os futuros delegados passar\u00e3o por cinco meses e meio de aulas. Durante o per\u00edodo os alunos passam por um est\u00e1gio nas unidades policiais. O est\u00e1gio probat\u00f3rio de aptid\u00e3o ao cargo dura tr\u00eas anos.<\/p>\n<p>Esta tamb\u00e9m \u00e9 a primeira turma de delegados e m\u00e9dicos legistas que receber\u00e3o o t\u00edtulo de especialistas nas \u00e1reas de direitos humanos e medicina legal, respectivamente. Antes, o curso de forma\u00e7\u00e3o para essas \u00e1reas era t\u00e9cnico-profissional, que segue para as carreiras de escriv\u00e3es e investigadores.<\/p>\n<p><strong>Mais de 7 mil novos policiais<\/strong><\/p>\n<p>Al\u00e9m dos mais de 4 mil novos policiais convocados, a atual gest\u00e3o lan\u00e7ou editais para preencher 3,5 mil vagas para a Pol\u00edcia Civil e T\u00e9cnico-Cient\u00edfica. Os concursos seguem em andamento com vagas para carreiras de delegado, investigadores, escriv\u00e3es, al\u00e9m de m\u00e9dicos-legistas e peritos criminais.<\/p>\n<p>Com mais essa iniciativa a atual gest\u00e3o garante 7,5 mil novos policiais refor\u00e7ando o atual quadro de profissionais no estado de S\u00e3o Paulo, o que representa um aumento de cerca de 30% no efetivo da corpora\u00e7\u00e3o. A medida reduz mais que a metade o d\u00e9ficit da institui\u00e7\u00e3o acumulado em anos anteriores.<\/p>\n<p><strong>Perda da posse<\/strong><\/p>\n<p>Os aprovados que n\u00e3o conseguiram comparecer ao evento poder\u00e3o solicitar a prorroga\u00e7\u00e3o da posse pelos pr\u00f3ximos 15 dias, prazo estipulado por lei. O pedido ser\u00e1 avaliado pela institui\u00e7\u00e3o. Ap\u00f3s o per\u00edodo, os nomeados ser\u00e3o considerados desistentes e ter\u00e3o suas nomea\u00e7\u00f5es canceladas.<\/p>\n<\/p><\/div>\n<p><br \/>\n<br \/><a href=\"https:\/\/www.saopaulo.sp.gov.br\/spnoticias\/ultimas-noticias\/sp-faz-maior-nomeacao-da-historia-da-policia-civil-com-mais-de-4-mil-policiais\/\" rel=\"noopener\">Informa\u00e7\u00f5es GOV.SP<\/a><\/p>\n","protected":false},"excerpt":{"rendered":"<p>&#13; O Governo de SP avan\u00e7a no compromisso de recompor o efetivo da Pol\u00edcia Civil no Estado, valorizar a institui\u00e7\u00e3o, promover a seguran\u00e7a e combater o crime em S\u00e3o Paulo. Nesta sexta-feira (10), o governador Tarc\u00edsio de Freitas empossou 4.017 novos policiais civis aprovados em concursos p\u00fablicos para diferentes carreiras, na maior nomea\u00e7\u00e3o da hist\u00f3ria [&hellip;]<\/p>\n","protected":false},"author":1,"featured_media":4601,"comment_status":"open","ping_status":"open","sticky":false,"template":"","format":"standard","meta":{"_jetpack_newsletter_access":"","_jetpack_dont_email_post_to_subs":false,"_jetpack_newsletter_tier_id":0,"_jetpack_memberships_contains_paywalled_content":false,"_mbp_banners":[],"_jetpack_feature_clip_id":0,"_jetpack_memberships_contains_paid_content":false,"footnotes":"","jetpack_publicize_message":"","jetpack_publicize_feature_enabled":true,"jetpack_social_post_already_shared":true,"jetpack_social_options":{"image_generator_settings":{"template":"highway","default_image_id":0,"font":"","enabled":false},"version":2},"jetpack_post_was_ever_published":false},"categories":[21],"tags":[],"class_list":["post-4600","post","type-post","status-publish","format-standard","has-post-thumbnail","category-sp-news"],"jetpack_publicize_connections":[],"jetpack-related-posts":[],"jetpack_shortlink":"https:\/\/wp.me\/p7Eq1F-1cc","jetpack_sharing_enabled":true,"jetpack_featured_media_url":"https:\/\/i0.wp.com\/guialimeira.com.br\/news\/wp-content\/uploads\/2024\/05\/SP-faz-maior-nomeacao-da-historia-da-Policia-Civil-com.jpg?fit=2048%2C1021&ssl=1","_links":{"self":[{"href":"https:\/\/guialimeira.com.br\/news\/wp-json\/wp\/v2\/posts\/4600","targetHints":{"allow":["GET"]}}],"collection":[{"href":"https:\/\/guialimeira.com.br\/news\/wp-json\/wp\/v2\/posts"}],"about":[{"href":"https:\/\/guialimeira.com.br\/news\/wp-json\/wp\/v2\/types\/post"}],"author":[{"embeddable":true,"href":"https:\/\/guialimeira.com.br\/news\/wp-json\/wp\/v2\/users\/1"}],"replies":[{"embeddable":true,"href":"https:\/\/guialimeira.com.br\/news\/wp-json\/wp\/v2\/comments?post=4600"}],"version-history":[{"count":0,"href":"https:\/\/guialimeira.com.br\/news\/wp-json\/wp\/v2\/posts\/4600\/revisions"}],"wp:featuredmedia":[{"embeddable":true,"href":"https:\/\/guialimeira.com.br\/news\/wp-json\/wp\/v2\/media\/4601"}],"wp:attachment":[{"href":"https:\/\/guialimeira.com.br\/news\/wp-json\/wp\/v2\/media?parent=4600"}],"wp:term":[{"taxonomy":"category","embeddable":true,"href":"https:\/\/guialimeira.com.br\/news\/wp-json\/wp\/v2\/categories?post=4600"},{"taxonomy":"post_tag","embeddable":true,"href":"https:\/\/guialimeira.com.br\/news\/wp-json\/wp\/v2\/tags?post=4600"}],"curies":[{"name":"wp","href":"https:\/\/api.w.org\/{rel}","templated":true}]}}