{"id":4596,"date":"2024-05-10T21:23:00","date_gmt":"2024-05-11T00:23:00","guid":{"rendered":"https:\/\/guialimeira.com.br\/2024\/05\/10\/selecao-feminina-e-convocada-para-amistosos-contra-a-jamaica\/"},"modified":"2024-05-10T21:23:00","modified_gmt":"2024-05-11T00:23:00","slug":"selecao-feminina-e-convocada-para-amistosos-contra-a-jamaica","status":"publish","type":"post","link":"https:\/\/guialimeira.com.br\/news\/selecao-feminina-e-convocada-para-amistosos-contra-a-jamaica\/","title":{"rendered":"Sele\u00e7\u00e3o feminina \u00e9 convocada para amistosos contra a Jamaica"},"content":{"rendered":"<p> <br \/>\n<\/p>\n<div>\n<p>O t\u00e9cnico Arthur Elias anunciou nesta sexta-feira (10) a rela\u00e7\u00e3o de 26 atletas convocadas para a pr\u00f3xima Data Fifa, oportunidade na qual a sele\u00e7\u00e3o brasileira disputar\u00e1 partidas amistosas contra a Jamaica. Os jogos ser\u00e3o disputados na Arena Pernambuco, em S\u00e3o Louren\u00e7o da Mata (Pernambuco), e na Arena Fonte Nova, em Salvador (Bahia), respectivamente nos dias 1 e 4 de junho.<img data-recalc-dims=\"1\" decoding=\"async\" src=\"https:\/\/i0.wp.com\/agenciabrasil.ebc.com.br\/ebc.png?w=696&#038;ssl=1\" style=\"width:1px; height:1px; display:inline;\"\/><img data-recalc-dims=\"1\" decoding=\"async\" src=\"https:\/\/i0.wp.com\/agenciabrasil.ebc.com.br\/ebc.gif?w=696&#038;ssl=1\" style=\"width:1px; height:1px; display:inline;\"\/><\/p>\n<p>\u201cVamos enfrentar uma sele\u00e7\u00e3o que tem feito bons jogos, fez uma excelente Copa do Mundo e ser\u00e1 um bom teste para as Olimp\u00edadas\u201d, declarou o treinador.<\/p>\n<p>As grandes novidades da lista s\u00e3o a atacante Byanca Brasil, que tem se destacado com a camisa do Cruzeiro e que n\u00e3o era convocada desde 2017, e a goleira Natascha, do Palmeiras, eleita a jogadora do m\u00eas de mar\u00e7o da S\u00e9rie A1 do Campeonato Brasileiro de futebol feminino.<\/p>\n<h2>Rela\u00e7\u00e3o de convocadas:<\/h2>\n<p>GOLEIRAS<br \/>Lorena &#8211; Gr\u00eamio<br \/>Luciana &#8211; Ferrovi\u00e1ria<br \/>Natascha &#8211; Palmeiras<br \/>Tain\u00e1 &#8211; Am\u00e9rica-MG<\/p>\n<p>DEFENSORAS<br \/>Rafaelle &#8211; Orlando Pride (EUA)<br \/>Antonia &#8211; Levante UD (ESP)<br \/>Tarciane &#8211; Houston Dash (EUA)<br \/>Tha\u00eds Ferreira &#8211; Tenerife (ESP)<br \/>F\u00ea Palermo &#8211; Palmeiras<br \/>Yasmim &#8211; Corinthians<br \/>Tamires &#8211; Corinthians<\/p>\n<p>MEIO-CAMPISTAS<br \/>Duda Sampaio &#8211; Corinthians<br \/>Vit\u00f3ria Yaya &#8211; Corinthians<br \/>Ana Vit\u00f3ria &#8211; Atletico de Madrid (ESP)<br \/>Duda Santos &#8211; Ferrovi\u00e1ria<br \/>Brena &#8211; Palmeiras<\/p>\n<p>ATACANTES<br \/>Adriana &#8211; Orlando Pride (EUA)<br \/>Marta &#8211; Orlando Pride (EUA)<br \/>Bia Zaneratto &#8211; Kansas City (EUA)<br \/>Priscila &#8211; Internacional<br \/>Gabi Nunes &#8211; Levante UD (ESP)<br \/>Gabi Portilho &#8211; Corinthians<br \/>Byanca Brasil &#8211; Cruzeiro<br \/>Cristiane &#8211; Flamengo<br \/>Ludmila &#8211; Atletico de Madrid (ESP)<br \/>Jheniffer &#8211; Corinthians<\/p>\n<\/p><\/div>\n<p><br \/>\n<br \/><a href=\"https:\/\/agenciabrasil.ebc.com.br\/esportes\/noticia\/2024-05\/selecao-feminina-e-convocada-para-amistosos-contra-jamaica\" rel=\"noopener\">Ag\u00eancia Brasil<\/a><\/p>\n","protected":false},"excerpt":{"rendered":"<p>O t\u00e9cnico Arthur Elias anunciou nesta sexta-feira (10) a rela\u00e7\u00e3o de 26 atletas convocadas para a pr\u00f3xima Data Fifa, oportunidade na qual a sele\u00e7\u00e3o brasileira disputar\u00e1 partidas amistosas contra a Jamaica. Os jogos ser\u00e3o disputados na Arena Pernambuco, em S\u00e3o Louren\u00e7o da Mata (Pernambuco), e na Arena Fonte Nova, em Salvador (Bahia), respectivamente nos dias [&hellip;]<\/p>\n","protected":false},"author":1,"featured_media":4597,"comment_status":"open","ping_status":"open","sticky":false,"template":"","format":"standard","meta":{"_jetpack_newsletter_access":"","_jetpack_dont_email_post_to_subs":false,"_jetpack_newsletter_tier_id":0,"_jetpack_memberships_contains_paywalled_content":false,"_mbp_banners":[],"_jetpack_feature_clip_id":0,"_jetpack_memberships_contains_paid_content":false,"footnotes":"","jetpack_publicize_message":"","jetpack_publicize_feature_enabled":true,"jetpack_social_post_already_shared":true,"jetpack_social_options":{"image_generator_settings":{"template":"highway","default_image_id":0,"font":"","enabled":false},"version":2},"jetpack_post_was_ever_published":false},"categories":[23],"tags":[],"class_list":["post-4596","post","type-post","status-publish","format-standard","has-post-thumbnail","category-esportes"],"jetpack_publicize_connections":[],"jetpack-related-posts":[],"jetpack_shortlink":"https:\/\/wp.me\/p7Eq1F-1c8","jetpack_sharing_enabled":true,"jetpack_featured_media_url":"https:\/\/i0.wp.com\/guialimeira.com.br\/news\/wp-content\/uploads\/2024\/05\/53711775308_258e066172_o.jpg?fit=1600%2C800&ssl=1","_links":{"self":[{"href":"https:\/\/guialimeira.com.br\/news\/wp-json\/wp\/v2\/posts\/4596","targetHints":{"allow":["GET"]}}],"collection":[{"href":"https:\/\/guialimeira.com.br\/news\/wp-json\/wp\/v2\/posts"}],"about":[{"href":"https:\/\/guialimeira.com.br\/news\/wp-json\/wp\/v2\/types\/post"}],"author":[{"embeddable":true,"href":"https:\/\/guialimeira.com.br\/news\/wp-json\/wp\/v2\/users\/1"}],"replies":[{"embeddable":true,"href":"https:\/\/guialimeira.com.br\/news\/wp-json\/wp\/v2\/comments?post=4596"}],"version-history":[{"count":0,"href":"https:\/\/guialimeira.com.br\/news\/wp-json\/wp\/v2\/posts\/4596\/revisions"}],"wp:featuredmedia":[{"embeddable":true,"href":"https:\/\/guialimeira.com.br\/news\/wp-json\/wp\/v2\/media\/4597"}],"wp:attachment":[{"href":"https:\/\/guialimeira.com.br\/news\/wp-json\/wp\/v2\/media?parent=4596"}],"wp:term":[{"taxonomy":"category","embeddable":true,"href":"https:\/\/guialimeira.com.br\/news\/wp-json\/wp\/v2\/categories?post=4596"},{"taxonomy":"post_tag","embeddable":true,"href":"https:\/\/guialimeira.com.br\/news\/wp-json\/wp\/v2\/tags?post=4596"}],"curies":[{"name":"wp","href":"https:\/\/api.w.org\/{rel}","templated":true}]}}