{"id":459,"date":"2024-03-30T00:00:48","date_gmt":"2024-03-30T03:00:48","guid":{"rendered":"https:\/\/guialimeira.com.br\/2024\/03\/30\/registros-fotograficos-de-fran-camargo-pelo-mundo-serao-expostos-no-engenho-central-portal-do-municipio-de-piracicaba\/"},"modified":"2024-03-30T00:00:48","modified_gmt":"2024-03-30T03:00:48","slug":"registros-fotograficos-de-fran-camargo-pelo-mundo-serao-expostos-no-engenho-central-portal-do-municipio-de-piracicaba","status":"publish","type":"post","link":"https:\/\/guialimeira.com.br\/news\/registros-fotograficos-de-fran-camargo-pelo-mundo-serao-expostos-no-engenho-central-portal-do-municipio-de-piracicaba\/","title":{"rendered":"Registros fotogr\u00e1ficos de Fran Camargo pelo mundo ser\u00e3o expostos no Engenho Central \u2013 Portal do Munic\u00edpio de Piracicaba"},"content":{"rendered":"<p> <br \/>\n<\/p>\n<div>\n<figure class=\"text-center\">\n<img data-recalc-dims=\"1\" width=\"696\" height=\"522\" src=\"https:\/\/i0.wp.com\/piracicaba.sp.gov.br\/wp-content\/uploads\/2024\/03\/Fran-busca-a-diversidade-em-suas-fotografias-artisticas-1024x768.jpeg?resize=696%2C522&#038;ssl=1\" class=\"img-fluid img-thumbnail border-1 wp-post-image\" alt=\"Fran busca a diversidade em suas fotografias art\u00edsticas\" itemprop=\"image\" decoding=\"async\" fetchpriority=\"high\" srcset=\"https:\/\/piracicaba.sp.gov.br\/wp-content\/uploads\/2024\/03\/Fran-busca-a-diversidade-em-suas-fotografias-artisticas-1024x768.jpeg 1024w, https:\/\/piracicaba.sp.gov.br\/wp-content\/uploads\/2024\/03\/Fran-busca-a-diversidade-em-suas-fotografias-artisticas-300x225.jpeg 300w, https:\/\/piracicaba.sp.gov.br\/wp-content\/uploads\/2024\/03\/Fran-busca-a-diversidade-em-suas-fotografias-artisticas-768x576.jpeg 768w, https:\/\/piracicaba.sp.gov.br\/wp-content\/uploads\/2024\/03\/Fran-busca-a-diversidade-em-suas-fotografias-artisticas.jpeg 1280w\" sizes=\"(max-width: 1024px) 100vw, 1024px\"\/><figcaption class=\"text-center small fw-bold fst-italic mt-1\">Fran busca a diversidade em suas fotografias art\u00edsticas<\/figcaption><\/figure>\n<p>Pioneiro do fotojornalismo piracicabano, Fran Camargo \u00e9 um dos grandes nomes do of\u00edcio na cidade e refer\u00eancia para muitos profissionais. Como uma homenagem ao seu legado \u2013 Fran faleceu em agosto de 2023, aos 66 anos \u2013, a Prefeitura, por meio da Semac (Secretaria Municipal da A\u00e7\u00e3o Cultural), e a fam\u00edlia do fot\u00f3grafo, inauguram a exposi\u00e7\u00e3o Fran Pelo Mundo neste s\u00e1bado, 30\/03, \u00e0s 17h, no Armaz\u00e9m 8 do Engenho Central, recentemente denominado Claudia Zambello Woltzenlogel Paleo. A entrada \u00e9 gratuita.<\/p>\n<p>A mostra ser\u00e1 aberta \u00e0 visita\u00e7\u00e3o gratuita de 4\/04 a 5\/05, de quinta e sexta-feira, das 13h \u00e0s 17h, e aos s\u00e1bados, domingos e feriados, das 8h \u00e0s 18h.<\/p>\n<figure class=\"wp-block-image size-large\"><img data-recalc-dims=\"1\" loading=\"lazy\" decoding=\"async\" width=\"696\" height=\"522\" src=\"https:\/\/i0.wp.com\/piracicaba.sp.gov.br\/wp-content\/uploads\/2024\/03\/Mostra-esta-no-Armazem-8-do-Engenho-Central-1024x768.jpeg?resize=696%2C522&#038;ssl=1\" alt=\"Mostra est\u00e1 no Armaz\u00e9m 8 do Engenho Central\" class=\"wp-image-75948\" srcset=\"https:\/\/piracicaba.sp.gov.br\/wp-content\/uploads\/2024\/03\/Mostra-esta-no-Armazem-8-do-Engenho-Central-1024x768.jpeg 1024w, https:\/\/piracicaba.sp.gov.br\/wp-content\/uploads\/2024\/03\/Mostra-esta-no-Armazem-8-do-Engenho-Central-300x225.jpeg 300w, https:\/\/piracicaba.sp.gov.br\/wp-content\/uploads\/2024\/03\/Mostra-esta-no-Armazem-8-do-Engenho-Central-768x576.jpeg 768w, https:\/\/piracicaba.sp.gov.br\/wp-content\/uploads\/2024\/03\/Mostra-esta-no-Armazem-8-do-Engenho-Central.jpeg 1280w\" sizes=\"auto, (max-width: 1024px) 100vw, 1024px\"\/><figcaption class=\"wp-element-caption\"><strong><em>Mostra est\u00e1 no Armaz\u00e9m 8 do Engenho Central<\/em><\/strong><\/figcaption><\/figure>\n<p>A exposi\u00e7\u00e3o apresenta registros de pessoas e paisagens que Fan fotografou nos \u00faltimos anos\u00a0em\u00a0Col\u00f4mbia, Cuba, Marrocos e Ilha da Madeira, que pertence \u00e0 Portugal. \u201cSeus costumes e situa\u00e7\u00f5es cotidianas\u00a0eram\u00a0o que o moviam\u00a0a seguir fotografando\u201d, conta a sua filha, Fabiana Camargo.<\/p>\n<p>Nos \u00faltimos anos, Fran Camargo mergulhou fundo na sua paix\u00e3o pela fotografia e dedicou seu tempo de corpo e alma para visitar lugares e povos diferentes em busca de registros.<\/p>\n<p>\u201cNesta exposi\u00e7\u00e3o, contemplamos a heterogeneidade do seu trabalho que revelam pessoas, espa\u00e7os, culturas e detalhes preciosos que nos transportam para cada lugar retratado com contrastes marcantes, caracter\u00edsticos de sua finaliza\u00e7\u00e3o na edi\u00e7\u00e3o das imagens, pois acreditava que metade do trabalho acontecia ao tirar a foto e a outra parte, durante a edi\u00e7\u00e3o\u201d, ela completa sobre a mostra.<\/p>\n<p><strong>CURR\u00cdCULO<\/strong><strong>\u00a0\u2013<\/strong>\u00a0Fran Camargo come\u00e7ou a fotografar aos 15 anos, quando tornou-se o primeiro fotojornalista de Piracicaba, no in\u00edcio dos anos 1970. Como fot\u00f3grafo trabalhou no Jornal de Piracicaba, O Di\u00e1rio e na FOP \/Unicamp.<\/p>\n<p>Nos anos 1980, deixou a fotografia para se dedicar plenamente ao t\u00eanis de mesa, esporte em que foi t\u00e9cnico da Sele\u00e7\u00e3o Brasileira por 25 anos. Participou de olimp\u00edadas, mundiais e conquistou in\u00fameras medalhas em Jogos Pan Americanos.<\/p>\n<p>Num processo de desacelera\u00e7\u00e3o do seu trabalho com o esporte, voltou seus sonhos, olhos e paix\u00e3o para a fotografia. Viajou para diversas cidades e estados brasileiros e pa\u00edses do mundo em busca de boas imagens. Acumulou mais de 30 pr\u00eamios nacionais e internacionais de fotografia e exp\u00f4s seu trabalho na China e Portugal. Fran faleceu em agosto de 2023, aos 66 anos.<\/p>\n<p>\u201cAqui ficam algumas hist\u00f3rias, conquistas e lindos momentos eternizados com seu olhar sens\u00edvel pelas pessoas e pelo mundo\u201d,\u00a0descreve\u00a0a filha Fabiana Camargo.<\/p>\n<p><strong>SERVI\u00c7O \u2013\u00a0<\/strong>Exposi\u00e7\u00e3o Fran Pelo Mundo. Inaugura\u00e7\u00e3o\u00a0no\u00a0s\u00e1bado, 30\/03, \u00e0s 17h, no Armaz\u00e9m 8 do Engenho Central. Entrada gratuita. Visita\u00e7\u00e3o de 4\/04 a 5\/05, de quinta e sexta-feira, das 13h\u00a0\u00e0s 17h, e aos s\u00e1bados, domingos e feriados, das 8h \u00e0s\u00a018h. Na avenida Maurice Allain, 454. Informa\u00e7\u00f5es: 3403-2600.<\/p>\n<\/div>\n<p><br \/>\n<br \/><a href=\"https:\/\/piracicaba.sp.gov.br\/noticias\/registros-fotograficos-de-fran-camargo-pelo-mundo-serao-expostos-no-engenho-central\/\" rel=\"noopener\">Informa\u00e7\u00f5es PMP <\/a><\/p>\n","protected":false},"excerpt":{"rendered":"<p>Fran busca a diversidade em suas fotografias art\u00edsticas Pioneiro do fotojornalismo piracicabano, Fran Camargo \u00e9 um dos grandes nomes do of\u00edcio na cidade e refer\u00eancia para muitos profissionais. Como uma homenagem ao seu legado \u2013 Fran faleceu em agosto de 2023, aos 66 anos \u2013, a Prefeitura, por meio da Semac (Secretaria Municipal da A\u00e7\u00e3o [&hellip;]<\/p>\n","protected":false},"author":1,"featured_media":460,"comment_status":"open","ping_status":"open","sticky":false,"template":"","format":"standard","meta":{"_jetpack_newsletter_access":"","_jetpack_dont_email_post_to_subs":false,"_jetpack_newsletter_tier_id":0,"_jetpack_memberships_contains_paywalled_content":false,"_mbp_banners":[],"_jetpack_feature_clip_id":0,"_jetpack_memberships_contains_paid_content":false,"footnotes":"","jetpack_publicize_message":"","jetpack_publicize_feature_enabled":true,"jetpack_social_post_already_shared":true,"jetpack_social_options":{"image_generator_settings":{"template":"highway","default_image_id":0,"font":"","enabled":false},"version":2},"jetpack_post_was_ever_published":false},"categories":[20],"tags":[],"class_list":["post-459","post","type-post","status-publish","format-standard","has-post-thumbnail","category-regiao"],"jetpack_publicize_connections":[],"jetpack-related-posts":[],"jetpack_shortlink":"https:\/\/wp.me\/p7Eq1F-7p","jetpack_sharing_enabled":true,"jetpack_featured_media_url":"https:\/\/i0.wp.com\/guialimeira.com.br\/news\/wp-content\/uploads\/2024\/03\/Fran-busca-a-diversidade-em-suas-fotografias-artisticas.jpeg?fit=1280%2C960&ssl=1","_links":{"self":[{"href":"https:\/\/guialimeira.com.br\/news\/wp-json\/wp\/v2\/posts\/459","targetHints":{"allow":["GET"]}}],"collection":[{"href":"https:\/\/guialimeira.com.br\/news\/wp-json\/wp\/v2\/posts"}],"about":[{"href":"https:\/\/guialimeira.com.br\/news\/wp-json\/wp\/v2\/types\/post"}],"author":[{"embeddable":true,"href":"https:\/\/guialimeira.com.br\/news\/wp-json\/wp\/v2\/users\/1"}],"replies":[{"embeddable":true,"href":"https:\/\/guialimeira.com.br\/news\/wp-json\/wp\/v2\/comments?post=459"}],"version-history":[{"count":0,"href":"https:\/\/guialimeira.com.br\/news\/wp-json\/wp\/v2\/posts\/459\/revisions"}],"wp:featuredmedia":[{"embeddable":true,"href":"https:\/\/guialimeira.com.br\/news\/wp-json\/wp\/v2\/media\/460"}],"wp:attachment":[{"href":"https:\/\/guialimeira.com.br\/news\/wp-json\/wp\/v2\/media?parent=459"}],"wp:term":[{"taxonomy":"category","embeddable":true,"href":"https:\/\/guialimeira.com.br\/news\/wp-json\/wp\/v2\/categories?post=459"},{"taxonomy":"post_tag","embeddable":true,"href":"https:\/\/guialimeira.com.br\/news\/wp-json\/wp\/v2\/tags?post=459"}],"curies":[{"name":"wp","href":"https:\/\/api.w.org\/{rel}","templated":true}]}}