{"id":45787,"date":"2025-09-24T15:24:18","date_gmt":"2025-09-24T18:24:18","guid":{"rendered":"https:\/\/guialimeira.com.br\/?p=45787"},"modified":"2025-09-24T15:24:18","modified_gmt":"2025-09-24T18:24:18","slug":"clinica-de-terapias-da-unimed-e-inaugurada-em-cordeiropolis-prefeitura-municipal-de-cordeiropolis","status":"publish","type":"post","link":"https:\/\/guialimeira.com.br\/news\/clinica-de-terapias-da-unimed-e-inaugurada-em-cordeiropolis-prefeitura-municipal-de-cordeiropolis\/","title":{"rendered":"Cl\u00ednica de Terapias da Unimed \u00e9 inaugurada em Cordeir\u00f3polis \u2013 Prefeitura Municipal de Cordeir\u00f3polis"},"content":{"rendered":"<p> <br \/>\n<\/p>\n<div>\n<p>A Cl\u00ednica de Terapias da Unimed de Cordeir\u00f3polis foi inaugurada nesta quarta-feira (24). A nova unidade atender\u00e1, a partir desta quinta (25), os pacientes com Transtorno do Espectro Autista (TEA). A cl\u00ednica foi uma contrapartida solicitada pela prefeitura, conforme determina\u00e7\u00e3o da prefeita Cristina Saad, no edital para contrata\u00e7\u00e3o do plano m\u00e9dico aos servidores. Com isso, os pacientes de Cordeir\u00f3polis n\u00e3o precisam se deslocar mais at\u00e9 Limeira para o tratamento.<\/p>\n<p>\u201cCordeir\u00f3polis precisava dessa Cl\u00ednica de Terapias. N\u00f3s que estamos envolvidos, sabemos o quanto nos dedicamos e trabalhamos para que isso se tornasse realidade, trazendo o atendimento especializado da Unimed para nossa cidade\u201d, afirmou Cristina. \u201c\u00c9 oferecer um acolhimento melhor \u00e0s fam\u00edlias de Cordeir\u00f3polis\u201d, descreveu o vice-prefeito Anderson Hespanhol Pique.<\/p>\n<p>Os pacientes conveniados \u00e0 Unimed e que recebiam atendimento em outro servi\u00e7o continuar\u00e3o a ter o mesmo acolhimento na Cl\u00ednica de Terapias, com as mesmas terapias. \u201cTodas as fam\u00edlias foram acolhidas e recebidas pela Secretaria de Sa\u00fade e pela Unimed para tratar dessa transi\u00e7\u00e3o e todas aceitaram a mudan\u00e7a\u201d, explicou a secret\u00e1ria de Sa\u00fade, Regiane Portes Mendes.<\/p>\n<p>Pela Unimed, estiveram presentes a diretoria executiva: o presidente, dr. Alcy de Castro Mello; vice-presidente, dr. Danilo Gullo Ferreira; e superintendente, dr. Cesar Carmona. \u201cS\u00e3o 14 anos do Ambulat\u00f3rio de Cordeir\u00f3polis, mais de 5 mil atendimentos por m\u00eas, e agora damos mais um passo aqui. E isso s\u00f3 \u00e9 poss\u00edvel gra\u00e7as ao apoio de todos. Novos projetos vir\u00e3o\u201d, disse o presidente.<\/p>\n<p>Marcaram presen\u00e7a na inaugura\u00e7\u00e3o o chefe de Gabinete, Denis Suidedos, o diretor de Contabilidade, Renato Mascarin, os vereadores Valmir Sanches, Deize Bettin, Vilson Caleffi, Sidnei Gambaro e C\u00edcero da Silva, servidores e colaboradores da Unimed.<\/p>\n<figure class=\"wp-block-gallery has-nested-images columns-default is-cropped wp-block-gallery-1 is-layout-flex wp-block-gallery-is-layout-flex\">\n<figure class=\"wp-block-image size-large\"><\/figure>\n<figure class=\"wp-block-image size-large\"><img data-recalc-dims=\"1\" decoding=\"async\" data-attachment-id=\"31312\" data-permalink=\"https:\/\/guialimeira.com.br\/news\/stf-marca-julgamento-de-zambelli-e-hacker-por-invadir-sistema-do-cnj\/02082023-lula0700-jpg\/\" data-orig-file=\"https:\/\/i0.wp.com\/guialimeira.com.br\/news\/wp-content\/uploads\/2025\/04\/02082023-lula0700.jpg?fit=1600%2C800&amp;ssl=1\" data-orig-size=\"1600,800\" data-comments-opened=\"1\" data-image-meta=\"{&quot;aperture&quot;:&quot;0&quot;,&quot;credit&quot;:&quot;&quot;,&quot;camera&quot;:&quot;&quot;,&quot;caption&quot;:&quot;&quot;,&quot;created_timestamp&quot;:&quot;0&quot;,&quot;copyright&quot;:&quot;&quot;,&quot;focal_length&quot;:&quot;0&quot;,&quot;iso&quot;:&quot;0&quot;,&quot;shutter_speed&quot;:&quot;0&quot;,&quot;title&quot;:&quot;&quot;,&quot;orientation&quot;:&quot;0&quot;}\" data-image-title=\"02082023-lula0700.jpg\" data-image-description=\"\" data-image-caption=\"\" data-large-file=\"https:\/\/i0.wp.com\/guialimeira.com.br\/news\/wp-content\/uploads\/2025\/04\/02082023-lula0700.jpg?fit=696%2C348&amp;ssl=1\" loading=\"lazy\" width=\"696\" height=\"392\" data-id=\"31312\" src=\"https:\/\/i0.wp.com\/guialimeira.com.br\/wp-content\/uploads\/2025\/09\/1758738257_371_Clinica-de-Terapias-da-Unimed-e-inaugurada-em-Cordeiropolis-%E2%80%93.jpg?resize=696%2C392&#038;ssl=1\" alt=\"\" class=\"wp-image-31312\" \/><\/figure>\n<figure class=\"wp-block-image size-large\"><img data-recalc-dims=\"1\" decoding=\"async\" loading=\"lazy\" width=\"696\" height=\"392\" data-id=\"31311\" src=\"https:\/\/i0.wp.com\/guialimeira.com.br\/wp-content\/uploads\/2025\/09\/1758738257_511_Clinica-de-Terapias-da-Unimed-e-inaugurada-em-Cordeiropolis-%E2%80%93.jpg?resize=696%2C392&#038;ssl=1\" alt=\"\" class=\"wp-image-31311\" \/><\/figure>\n<figure class=\"wp-block-image size-large\"><img data-recalc-dims=\"1\" decoding=\"async\" loading=\"lazy\" width=\"696\" height=\"392\" data-id=\"31310\" src=\"https:\/\/i0.wp.com\/guialimeira.com.br\/wp-content\/uploads\/2025\/09\/1758738257_253_Clinica-de-Terapias-da-Unimed-e-inaugurada-em-Cordeiropolis-%E2%80%93.jpg?resize=696%2C392&#038;ssl=1\" alt=\"\" class=\"wp-image-31310\" \/><\/figure>\n<\/figure><\/div>\n<p><br \/>\n<br \/><a href=\"https:\/\/www.cordeiropolis.sp.gov.br\/clinica-de-terapias-da-unimed-e-inaugurada-em-cordeiropolis\/\" rel=\"noopener\">Informa\u00e7\u00f5es Cordeir\u00f3polis <\/a><\/p>\n","protected":false},"excerpt":{"rendered":"<p>A Cl\u00ednica de Terapias da Unimed de Cordeir\u00f3polis foi inaugurada nesta quarta-feira (24). A nova unidade atender\u00e1, a partir desta quinta (25), os pacientes com Transtorno do Espectro Autista (TEA). A cl\u00ednica foi uma contrapartida solicitada pela prefeitura, conforme determina\u00e7\u00e3o da prefeita Cristina Saad, no edital para contrata\u00e7\u00e3o do plano m\u00e9dico aos servidores. Com isso, [&hellip;]<\/p>\n","protected":false},"author":1,"featured_media":45788,"comment_status":"open","ping_status":"open","sticky":false,"template":"","format":"standard","meta":{"_jetpack_newsletter_access":"","_jetpack_dont_email_post_to_subs":false,"_jetpack_newsletter_tier_id":0,"_jetpack_memberships_contains_paywalled_content":false,"_mbp_banners":[],"_jetpack_feature_clip_id":0,"_jetpack_memberships_contains_paid_content":false,"footnotes":"","jetpack_publicize_message":"","jetpack_publicize_feature_enabled":true,"jetpack_social_post_already_shared":true,"jetpack_social_options":{"image_generator_settings":{"template":"highway","default_image_id":0,"font":"","enabled":false},"version":2},"jetpack_post_was_ever_published":false},"categories":[20],"tags":[],"class_list":["post-45787","post","type-post","status-publish","format-standard","has-post-thumbnail","category-regiao"],"jetpack_publicize_connections":[],"jetpack-related-posts":[],"jetpack_shortlink":"https:\/\/wp.me\/p7Eq1F-bUv","jetpack_sharing_enabled":true,"jetpack_featured_media_url":"https:\/\/i0.wp.com\/guialimeira.com.br\/news\/wp-content\/uploads\/2025\/09\/Clinica-de-Terapias-da-Unimed-e-inaugurada-em-Cordeiropolis-%E2%80%93.jpg?fit=1024%2C577&ssl=1","_links":{"self":[{"href":"https:\/\/guialimeira.com.br\/news\/wp-json\/wp\/v2\/posts\/45787","targetHints":{"allow":["GET"]}}],"collection":[{"href":"https:\/\/guialimeira.com.br\/news\/wp-json\/wp\/v2\/posts"}],"about":[{"href":"https:\/\/guialimeira.com.br\/news\/wp-json\/wp\/v2\/types\/post"}],"author":[{"embeddable":true,"href":"https:\/\/guialimeira.com.br\/news\/wp-json\/wp\/v2\/users\/1"}],"replies":[{"embeddable":true,"href":"https:\/\/guialimeira.com.br\/news\/wp-json\/wp\/v2\/comments?post=45787"}],"version-history":[{"count":1,"href":"https:\/\/guialimeira.com.br\/news\/wp-json\/wp\/v2\/posts\/45787\/revisions"}],"predecessor-version":[{"id":45789,"href":"https:\/\/guialimeira.com.br\/news\/wp-json\/wp\/v2\/posts\/45787\/revisions\/45789"}],"wp:featuredmedia":[{"embeddable":true,"href":"https:\/\/guialimeira.com.br\/news\/wp-json\/wp\/v2\/media\/45788"}],"wp:attachment":[{"href":"https:\/\/guialimeira.com.br\/news\/wp-json\/wp\/v2\/media?parent=45787"}],"wp:term":[{"taxonomy":"category","embeddable":true,"href":"https:\/\/guialimeira.com.br\/news\/wp-json\/wp\/v2\/categories?post=45787"},{"taxonomy":"post_tag","embeddable":true,"href":"https:\/\/guialimeira.com.br\/news\/wp-json\/wp\/v2\/tags?post=45787"}],"curies":[{"name":"wp","href":"https:\/\/api.w.org\/{rel}","templated":true}]}}