{"id":45759,"date":"2025-09-24T09:57:55","date_gmt":"2025-09-24T12:57:55","guid":{"rendered":"https:\/\/guialimeira.com.br\/com-ate-24-de-faltas-em-consultas-na-rede-publica-dr-marcelo-rossi-sugere-medidas-para-reduzir-o-indice\/"},"modified":"2025-09-24T09:57:55","modified_gmt":"2025-09-24T12:57:55","slug":"com-ate-24-de-faltas-em-consultas-na-rede-publica-dr-marcelo-rossi-sugere-medidas-para-reduzir-o-indice","status":"publish","type":"post","link":"https:\/\/guialimeira.com.br\/news\/com-ate-24-de-faltas-em-consultas-na-rede-publica-dr-marcelo-rossi-sugere-medidas-para-reduzir-o-indice\/","title":{"rendered":"Com at\u00e9 24% de faltas em consultas na rede p\u00fablica, Dr. Marcelo Rossi sugere medidas para reduzir o \u00edndice"},"content":{"rendered":"<p><img data-recalc-dims=\"1\" decoding=\"async\" src=\"https:\/\/i0.wp.com\/www.limeira.sp.leg.br\/assets\/uploads\/noticia\/2025-09-24_com-ate-24-de-faltas-em-consultas-na-rede-publica-dr-marcelo-rossi-sugere-medidas-para-reduzir-o-indice_1.jpg?w=696&#038;ssl=1\" alt=\"Com at\u00e9 24% de faltas em consultas na rede p\u00fablica, Dr. Marcelo Rossi sugere medidas para reduzir o \u00edndice\" \/><\/p>\n<p>Com at\u00e9 24% de faltas em consultas na rede p\u00fablica, Dr. Marcelo Rossi sugere medidas para reduzir o \u00edndice<\/p>\n<p><a href=\"https:\/\/www.limeira.sp.leg.br\/noticias\/view\/2025-09-24_com-ate-24-de-faltas-em-consultas-na-rede-publica-dr-marcelo-rossi-sugere-medidas-para-reduzir-o-indice\" rel=\"noopener\">Exibir artigo<\/a><\/p>\n<p><a href=\"https:\/\/www.limeira.sp.leg.br\/noticias\/view\/2025-09-24_com-ate-24-de-faltas-em-consultas-na-rede-publica-dr-marcelo-rossi-sugere-medidas-para-reduzir-o-indice\" target=\"_blank\" rel=\"noopener\">Read original article<\/a><\/p>\n","protected":false},"excerpt":{"rendered":"<p><img decoding=\"async\" src=\"https:\/\/www.limeira.sp.leg.br\/assets\/uploads\/noticia\/2025-09-24_com-ate-24-de-faltas-em-consultas-na-rede-publica-dr-marcelo-rossi-sugere-medidas-para-reduzir-o-indice_1.jpg\" alt=\"Com at\u00e9 24% de faltas em consultas na rede p\u00fablica, Dr. Marcelo Rossi sugere medidas para reduzir o \u00edndice\" \/><\/p>\n<p>Com at\u00e9 24% de faltas em consultas na rede p\u00fablica, Dr. Marcelo Rossi sugere medidas para reduzir o \u00edndice<\/p>\n<p><a href=\"https:\/\/www.limeira.sp.leg.br\/noticias\/view\/2025-09-24_com-ate-24-de-faltas-em-consultas-na-rede-publica-dr-marcelo-rossi-sugere-medidas-para-reduzir-o-indice\">Exibir artigo<\/a><\/p>\n","protected":false},"author":4,"featured_media":0,"comment_status":"open","ping_status":"open","sticky":false,"template":"","format":"standard","meta":{"_jetpack_newsletter_access":"","_jetpack_dont_email_post_to_subs":false,"_jetpack_newsletter_tier_id":0,"_jetpack_memberships_contains_paywalled_content":false,"_mbp_banners":[],"_jetpack_feature_clip_id":0,"_jetpack_memberships_contains_paid_content":false,"footnotes":"","jetpack_publicize_message":"","jetpack_publicize_feature_enabled":true,"jetpack_social_post_already_shared":true,"jetpack_social_options":{"image_generator_settings":{"template":"highway","default_image_id":0,"font":"","enabled":false},"version":2},"jetpack_post_was_ever_published":false},"categories":[1],"tags":[],"class_list":["post-45759","post","type-post","status-publish","format-standard","category-geral"],"jetpack_publicize_connections":[],"jetpack-related-posts":[],"jetpack_shortlink":"https:\/\/wp.me\/p7Eq1F-bU3","jetpack_sharing_enabled":true,"jetpack_featured_media_url":"","_links":{"self":[{"href":"https:\/\/guialimeira.com.br\/news\/wp-json\/wp\/v2\/posts\/45759","targetHints":{"allow":["GET"]}}],"collection":[{"href":"https:\/\/guialimeira.com.br\/news\/wp-json\/wp\/v2\/posts"}],"about":[{"href":"https:\/\/guialimeira.com.br\/news\/wp-json\/wp\/v2\/types\/post"}],"author":[{"embeddable":true,"href":"https:\/\/guialimeira.com.br\/news\/wp-json\/wp\/v2\/users\/4"}],"replies":[{"embeddable":true,"href":"https:\/\/guialimeira.com.br\/news\/wp-json\/wp\/v2\/comments?post=45759"}],"version-history":[{"count":0,"href":"https:\/\/guialimeira.com.br\/news\/wp-json\/wp\/v2\/posts\/45759\/revisions"}],"wp:attachment":[{"href":"https:\/\/guialimeira.com.br\/news\/wp-json\/wp\/v2\/media?parent=45759"}],"wp:term":[{"taxonomy":"category","embeddable":true,"href":"https:\/\/guialimeira.com.br\/news\/wp-json\/wp\/v2\/categories?post=45759"},{"taxonomy":"post_tag","embeddable":true,"href":"https:\/\/guialimeira.com.br\/news\/wp-json\/wp\/v2\/tags?post=45759"}],"curies":[{"name":"wp","href":"https:\/\/api.w.org\/{rel}","templated":true}]}}