{"id":4574,"date":"2024-05-10T19:36:01","date_gmt":"2024-05-10T22:36:01","guid":{"rendered":"https:\/\/guialimeira.com.br\/2024\/05\/10\/com-investimento-que-ultrapassa-r-48-milhoes-prefeitura-anuncia-pacote-de-obras\/"},"modified":"2024-05-10T19:36:01","modified_gmt":"2024-05-10T22:36:01","slug":"com-investimento-que-ultrapassa-r-48-milhoes-prefeitura-anuncia-pacote-de-obras","status":"publish","type":"post","link":"https:\/\/guialimeira.com.br\/news\/com-investimento-que-ultrapassa-r-48-milhoes-prefeitura-anuncia-pacote-de-obras\/","title":{"rendered":"Com investimento que ultrapassa R$ 48 milh\u00f5es, Prefeitura anuncia pacote de obras"},"content":{"rendered":"<p> <br \/>\n<\/p>\n<div id=\"\">&#13;<br \/>\n                &#13;<br \/>\n&#13;<br \/>\n&#13;<br \/>\n&#13;<br \/>\n    <img data-recalc-dims=\"1\" decoding=\"async\" src=\"https:\/\/i0.wp.com\/ecrie.com.br\/sistema\/conteudos\/imagem\/m_137_3_2_10052024165829.jpg?w=696&#038;ssl=1\" alt=\"Com investimento que ultrapassa R$ 48 milh\u00f5es, Prefeitura anuncia pacote de obras\"\/>&#13;<br \/>\n&#13;<\/p>\n<p style=\"text-align: justify;\" align=\"justify\">O prefeito Mario Botion e a vice-prefeita Erika Tank apresentaram, nesta sexta-feira (10), um pacote de 26 interven\u00e7\u00f5es de infraestrutura, em diversas \u00e1reas, para os pr\u00f3ximos meses. Algumas obras j\u00e1 foram iniciadas e outras tiveram a assinatura das ordens de servi\u00e7o no evento, realizado no Teatro Nair Bello. Eles estavam acompanhados da primeira-dama Roberta Botion e do deputado federal Miguel Lombardi, entre outras autoridades.<\/p>\n<p>&#13;<\/p>\n<p style=\"text-align: justify;\" align=\"justify\">\u201c\u00c9 um investimento significativo, de mais de R$ 48 milh\u00f5es, que vai beneficiar toda nossa popula\u00e7\u00e3o\u201d, afirmou o prefeito. Entre as obras, est\u00e1 a constru\u00e7\u00e3o da Unidade de Pronto Atendimento (UPA) do Jd. Aeroporto, a adequa\u00e7\u00e3o e duplica\u00e7\u00e3o de trecho da Av. Dr. Lauro Corr\u00eaa da Silva, entre outras. H\u00e1 tamb\u00e9m 27 outras interven\u00e7\u00f5es em processo licitat\u00f3rio \u2013 as ordens de servi\u00e7os ser\u00e3o assinadas em breve \u2013 como a nova sede do Cema e as UBSs Geada e do Santa Eul\u00e1lia.<\/p>\n<p>&#13;<\/p>\n<p style=\"text-align: justify;\" align=\"justify\">Erika Tank falou da \u201chonra\u201d de fazer parte de um governo de entregas. \u201cEssas obras foram pensadas nos nossos mun\u00edcipes e v\u00e3o garantir um futuro melhor para nossa cidade\u201d, comentou a vice-prefeita, que enalteceu o papel da C\u00e2mara Municipal nesse processo. \u201cS\u00e3o recursos da popula\u00e7\u00e3o sendo utilizados com planejamento e transpar\u00eancia pelo governo do prefeito Mario Botion\u201d, pontuou Miguel Lombardi.<\/p>\n<p>&#13;<\/p>\n<p style=\"text-align: justify;\" align=\"justify\">Tamb\u00e9m est\u00e3o inclu\u00eddas no pacote de obras: moderniza\u00e7\u00e3o da fonte da pra\u00e7a Jo\u00e3o Soares Pompeo (Maria Buzolin); implanta\u00e7\u00e3o do sistema de galerias na regi\u00e3o do Est\u00e1dio Limeir\u00e3o; constru\u00e7\u00e3o de quadra esportiva no Pq. Res. Belinha Ometto; pavimenta\u00e7\u00e3o de vias \u2013 Rua Durvalino Rodrigues Alves, Av. Ambr\u00f3sio Fumagalli e Rua Boulevard de La Libert\u00e9; alargamento do anel vi\u00e1rio, entre o viaduto Monsenhor Gustavo Mantovani e o Pq. das Na\u00e7\u00f5es; implanta\u00e7\u00e3o de melhorias de acessibilidade na Av. Maria Buzolin, entre outras.<\/p>\n<p>&#13;<\/p>\n<p style=\"text-align: justify;\" align=\"justify\"><strong>BALAN\u00c7O<\/strong><\/p>\n<p>&#13;<\/p>\n<p style=\"text-align: justify;\" align=\"justify\">Durante o evento, o prefeito Mario Botion tamb\u00e9m fez um balan\u00e7o da administra\u00e7\u00e3o desde 2017, com mais de 100 entregas de obras de infraestrutura de grande porte nas \u00e1reas de sa\u00fade, educa\u00e7\u00e3o, cultura, saneamento, mobilidade urbana, meio ambiente e seguran\u00e7a. \u201cContinuamos entregando melhorias para Limeira que t\u00eam impactado todos os mun\u00edcipes, em todas as \u00e1reas. Esse \u00e9 o nosso objetivo enquanto gestores p\u00fablicos\u201d, salientou Botion.<\/p>\n<p>&#13;<\/p>\n<p style=\"text-align: justify;\" align=\"justify\">Entre as entregas, est\u00e3o a constru\u00e7\u00e3o do viaduto Monsenhor Gustavo Mantovani, interliga\u00e7\u00f5es vi\u00e1rias \u2013 previstas, inclusive, no Plano de Mobilidade \u2013, a reforma de 13 Unidades B\u00e1sicas de Sa\u00fade, constru\u00e7\u00e3o das UBSs do Jd. Vista Alegre e do Jd. Campo Belo, constru\u00e7\u00e3o do Ambulat\u00f3rio de Especialidades do Residencial Rubi, renova\u00e7\u00e3o da frota da sa\u00fade e da Guarda Civil Municipal (GCM), descentraliza\u00e7\u00e3o da cultura, e constru\u00e7\u00e3o do complexo esportivo do Jardim Ipanema.<\/p>\n<p>&#13;<\/p>\n<p style=\"text-align: justify;\" align=\"justify\">Na educa\u00e7\u00e3o, o chefe do Executivo mencionou ainda o investimento de R$ 40 milh\u00f5es somente nos dois \u00faltimos anos \u2013 com compra de computadores, notebooks, kits de rob\u00f3tica. \u201cSa\u00edmos de um \u00cdndice de Desenvolvimento da Educa\u00e7\u00e3o B\u00e1sica (Ideb) de 6,4 para 7,3\u201d, citou Botion. Ele lembrou, ainda, da informatiza\u00e7\u00e3o da sa\u00fade e da digitaliza\u00e7\u00e3o dos processos da administra\u00e7\u00e3o municipal, em andamento.<\/p>\n<p>&#13;<\/p>\n<p style=\"text-align: justify;\" align=\"justify\"><strong>PRESEN\u00c7AS<\/strong><\/p>\n<p>&#13;<\/p>\n<p style=\"text-align: justify;\" align=\"justify\">Acompanharam o evento o presidente da C\u00e2mara, Everton Ferreira, os vereadores Lem\u00e3o da Jeov\u00e1 Raf\u00e1, Lu Bogo, Jo\u00e3o Antunes Bano, Jos\u00e9 Farid Zaine, Tatiane Lopes e Cear\u00e1, o subtenente do Tiro de Guerra, Eliezer Orlandi, o presidente do Sicom\u00e9rcio, Martim Medeiros, a diretora financeira da Acil, Carolina Mecatti, representantes das empresas que assinaram as ordens de servi\u00e7os, secret\u00e1rios municipais e servidores.<\/p>\n<p>&#13;<br \/>\n&#13;<br \/>\n    &#13;<br \/>\n    &#13;<br \/>\n&#13;<br \/>\n&#13;<\/p>\n<aside class=\"list-related no-print\">&#13;<br \/>\n        &#13;<br \/>\n&#13;<\/p>\n<article class=\"list-item noticias \">&#13;<br \/>\n                    <a class=\"list-item__img\" href=\"https:\/\/limeira.sp.gov.br\/imprensa\/noticias\/gabinete-do-prefeito\/com-260-inscritos-jogos-adaptados-sao-abertos-no-vo-lucato\" tabindex=\"-1\" aria-hidden=\"true\" rel=\"noopener\">&#13;<br \/>\n                        <img data-recalc-dims=\"1\" decoding=\"async\" src=\"https:\/\/i0.wp.com\/ecrie.com.br\/sistema\/conteudos\/imagem\/m_137_0_1_10052024153345.jpg?w=696&#038;ssl=1\" alt=\"Com 260 inscritos, Jogos Adaptados s\u00e3o abertos no V\u00f4 Lucato\"\/>&#13;<br \/>\n                    <\/a>&#13;<br \/>\n&#13;<br \/>\n                &#13;<br \/>\n            <\/article>\n<p>&#13;<\/p>\n<article class=\"list-item noticias \">&#13;<br \/>\n                    <a class=\"list-item__img\" href=\"https:\/\/limeira.sp.gov.br\/imprensa\/noticias\/obras-e-servicos-publicos\/rua-adhemar-de-barros-sera-recapeada-a-partir-desta-sexta-feira\" tabindex=\"-1\" aria-hidden=\"true\" rel=\"noopener\">&#13;<br \/>\n                        <img data-recalc-dims=\"1\" decoding=\"async\" src=\"https:\/\/i0.wp.com\/ecrie.com.br\/sistema\/conteudos\/imagem\/m_137_0_1_09052024171126.jpg?w=696&#038;ssl=1\" alt=\"Rua Adhemar de Barros ser\u00e1 recapeada a partir desta sexta-feira\"\/>&#13;<br \/>\n                    <\/a>&#13;<br \/>\n&#13;<br \/>\n                &#13;<br \/>\n            <\/article>\n<p>&#13;<\/p>\n<article class=\"list-item noticias \">&#13;<br \/>\n                    <a class=\"list-item__img\" href=\"https:\/\/limeira.sp.gov.br\/imprensa\/noticias\/gabinete-do-prefeito\/estado-repassa-r-8-milhoes-e-prefeitura-fara-o-recapeamento-de-36-vias-do-municipio\" tabindex=\"-1\" aria-hidden=\"true\" rel=\"noopener\">&#13;<br \/>\n                        <img data-recalc-dims=\"1\" decoding=\"async\" src=\"https:\/\/i0.wp.com\/ecrie.com.br\/sistema\/conteudos\/imagem\/m_137_0_1_09052024165815.jpg?w=696&#038;ssl=1\" alt=\"Estado repassa R$ 8 milh\u00f5es e Prefeitura far\u00e1 o recapeamento de 36 vias do munic\u00edpio\"\/>&#13;<br \/>\n                    <\/a>&#13;<br \/>\n&#13;<br \/>\n                &#13;<br \/>\n            <\/article>\n<p>&#13;<br \/>\n    <\/aside>\n<p>&#13;<br \/>\n&#13;\n            <\/p><\/div>\n<p><br \/>\n<br \/><a href=\"https:\/\/limeira.sp.gov.br\/com-investimento-que-ultrapassa-r-48-milhoes-prefeitura-anuncia-pacote-de-obras\" rel=\"noopener\">Informa\u00e7\u00f5es da PML <\/a><\/p>\n","protected":false},"excerpt":{"rendered":"<p>&#13; &#13; &#13; &#13; &#13; &#13; &#13; O prefeito Mario Botion e a vice-prefeita Erika Tank apresentaram, nesta sexta-feira (10), um pacote de 26 interven\u00e7\u00f5es de infraestrutura, em diversas \u00e1reas, para os pr\u00f3ximos meses. Algumas obras j\u00e1 foram iniciadas e outras tiveram a assinatura das ordens de servi\u00e7o no evento, realizado no Teatro Nair Bello. [&hellip;]<\/p>\n","protected":false},"author":1,"featured_media":4551,"comment_status":"open","ping_status":"open","sticky":false,"template":"","format":"standard","meta":{"_jetpack_newsletter_access":"","_jetpack_dont_email_post_to_subs":false,"_jetpack_newsletter_tier_id":0,"_jetpack_memberships_contains_paywalled_content":false,"_mbp_banners":[],"_jetpack_feature_clip_id":0,"_jetpack_memberships_contains_paid_content":false,"footnotes":"","jetpack_publicize_message":"","jetpack_publicize_feature_enabled":true,"jetpack_social_post_already_shared":true,"jetpack_social_options":{"image_generator_settings":{"template":"highway","default_image_id":0,"font":"","enabled":false},"version":2},"jetpack_post_was_ever_published":false},"categories":[16],"tags":[],"class_list":["post-4574","post","type-post","status-publish","format-standard","has-post-thumbnail","category-local"],"jetpack_publicize_connections":[],"jetpack-related-posts":[],"jetpack_shortlink":"https:\/\/wp.me\/p7Eq1F-1bM","jetpack_sharing_enabled":true,"jetpack_featured_media_url":"https:\/\/i0.wp.com\/guialimeira.com.br\/news\/wp-content\/uploads\/2024\/05\/m_137_3_2_10052024165829.jpg?fit=1280%2C852&ssl=1","_links":{"self":[{"href":"https:\/\/guialimeira.com.br\/news\/wp-json\/wp\/v2\/posts\/4574","targetHints":{"allow":["GET"]}}],"collection":[{"href":"https:\/\/guialimeira.com.br\/news\/wp-json\/wp\/v2\/posts"}],"about":[{"href":"https:\/\/guialimeira.com.br\/news\/wp-json\/wp\/v2\/types\/post"}],"author":[{"embeddable":true,"href":"https:\/\/guialimeira.com.br\/news\/wp-json\/wp\/v2\/users\/1"}],"replies":[{"embeddable":true,"href":"https:\/\/guialimeira.com.br\/news\/wp-json\/wp\/v2\/comments?post=4574"}],"version-history":[{"count":0,"href":"https:\/\/guialimeira.com.br\/news\/wp-json\/wp\/v2\/posts\/4574\/revisions"}],"wp:featuredmedia":[{"embeddable":true,"href":"https:\/\/guialimeira.com.br\/news\/wp-json\/wp\/v2\/media\/4551"}],"wp:attachment":[{"href":"https:\/\/guialimeira.com.br\/news\/wp-json\/wp\/v2\/media?parent=4574"}],"wp:term":[{"taxonomy":"category","embeddable":true,"href":"https:\/\/guialimeira.com.br\/news\/wp-json\/wp\/v2\/categories?post=4574"},{"taxonomy":"post_tag","embeddable":true,"href":"https:\/\/guialimeira.com.br\/news\/wp-json\/wp\/v2\/tags?post=4574"}],"curies":[{"name":"wp","href":"https:\/\/api.w.org\/{rel}","templated":true}]}}