{"id":457,"date":"2024-03-29T23:59:43","date_gmt":"2024-03-30T02:59:43","guid":{"rendered":"https:\/\/guialimeira.com.br\/2024\/03\/29\/quadra-de-areia-e-inaugurada-no-lazaro\/"},"modified":"2024-03-29T23:59:43","modified_gmt":"2024-03-30T02:59:43","slug":"quadra-de-areia-e-inaugurada-no-lazaro","status":"publish","type":"post","link":"https:\/\/guialimeira.com.br\/news\/quadra-de-areia-e-inaugurada-no-lazaro\/","title":{"rendered":"Quadra de Areia \u00e9 inaugurada no L\u00e1zaro&#8230;"},"content":{"rendered":"<p> <br \/>\n<br \/><img data-recalc-dims=\"1\" decoding=\"async\" src=\"https:\/\/i0.wp.com\/www.iracemapolis.sp.gov.br\/fotos\/1402f36c0bfbb0962de2e4cf722e0363.jpg?w=696&#038;ssl=1\" \/><\/p>\n<div>\n<p>A nova Quadra de Areia do bairro L\u00e1zaro Hon\u00f3rio foi oficialmente inaugurada na manh\u00e3 desta ter\u00e7a-feira, dia 26. O evento contou com a presen\u00e7a de autoridades e mun\u00edcipes que faziam uso dos locais.<\/p>\n<p>Al\u00e9m da constru\u00e7\u00e3o do novo dispositivo, a quadra poliesportiva da pra\u00e7a da b\u00edblia tamb\u00e9m foi revitalizada, abrangendo a troca de todo o piso, dos alambrados e muros, al\u00e9m da limpeza e pintura do telhado da quadra.<\/p>\n<p>Estiveram presentes os vereadores Vitor Michel, Ralf Silva e Payuka da M\u00fasica. Essa obra foi realizada com investimentos realizados pelo PEM, Programa Especial de Melhorias em uma parceria do Governo do Estado de S\u00e3o Paulo e a Prefeitura de Iracem\u00e1polis.<\/p>\n<p>\u201cAgrade\u00e7o imensamente ao Messias que auxiliou na vinda dessa verba para que pud\u00e9ssemos realizar essa grande obra em mais uma op\u00e7\u00e3o de pr\u00e1tica esportiva na nossa cidade. Agrade\u00e7o ainda nossa equipe de planejamento e obras que idealizou esse projeto para que nossas crian\u00e7as pudessem aproveitar esse espa\u00e7o de uma maneira mais saud\u00e1vel\u201d, destacou a Prefeita Nelita Michel.<\/p>\n<p>O Diretor de Esportes, Jo\u00e3o Cleber, destacou a import\u00e2ncia dessa obra para a popula\u00e7\u00e3o dos bairros da regi\u00e3o do L\u00e1zaro Hon\u00f3rio. \u201cInvestimento em esporte \u00e9 algo que sempre retorna em benef\u00edcios para a popula\u00e7\u00e3o, por isso temos investido cada vez mais em ampliar nossos atendimentos e ampliar os esportes que podem ser praticados na nossa cidade\u201d, destacou.<\/p>\n<\/p><\/div>\n<p><br \/>\n<br \/><a href=\"https:\/\/www.iracemapolis.sp.gov.br\/portal\/noticias\/0\/3\/2125\/quadra-de-areia-e-inaugurada-no-lazaro-honorio\/\" rel=\"noopener\">Informa\u00e7\u00f5es PMI<\/a><\/p>\n","protected":false},"excerpt":{"rendered":"<p>A nova Quadra de Areia do bairro L\u00e1zaro Hon\u00f3rio foi oficialmente inaugurada na manh\u00e3 desta ter\u00e7a-feira, dia 26. O evento contou com a presen\u00e7a de autoridades e mun\u00edcipes que faziam uso dos locais. Al\u00e9m da constru\u00e7\u00e3o do novo dispositivo, a quadra poliesportiva da pra\u00e7a da b\u00edblia tamb\u00e9m foi revitalizada, abrangendo a troca de todo o [&hellip;]<\/p>\n","protected":false},"author":1,"featured_media":458,"comment_status":"open","ping_status":"open","sticky":false,"template":"","format":"standard","meta":{"_jetpack_newsletter_access":"","_jetpack_dont_email_post_to_subs":false,"_jetpack_newsletter_tier_id":0,"_jetpack_memberships_contains_paywalled_content":false,"_mbp_banners":[],"_jetpack_feature_clip_id":0,"_jetpack_memberships_contains_paid_content":false,"footnotes":"","jetpack_publicize_message":"","jetpack_publicize_feature_enabled":true,"jetpack_social_post_already_shared":true,"jetpack_social_options":{"image_generator_settings":{"template":"highway","default_image_id":0,"font":"","enabled":false},"version":2},"jetpack_post_was_ever_published":false},"categories":[20],"tags":[],"class_list":["post-457","post","type-post","status-publish","format-standard","has-post-thumbnail","category-regiao"],"jetpack_publicize_connections":[],"jetpack-related-posts":[],"jetpack_shortlink":"https:\/\/wp.me\/p7Eq1F-7n","jetpack_sharing_enabled":true,"jetpack_featured_media_url":"https:\/\/i0.wp.com\/guialimeira.com.br\/news\/wp-content\/uploads\/2024\/03\/1402f36c0bfbb0962de2e4cf722e0363.jpg?fit=800%2C600&ssl=1","_links":{"self":[{"href":"https:\/\/guialimeira.com.br\/news\/wp-json\/wp\/v2\/posts\/457","targetHints":{"allow":["GET"]}}],"collection":[{"href":"https:\/\/guialimeira.com.br\/news\/wp-json\/wp\/v2\/posts"}],"about":[{"href":"https:\/\/guialimeira.com.br\/news\/wp-json\/wp\/v2\/types\/post"}],"author":[{"embeddable":true,"href":"https:\/\/guialimeira.com.br\/news\/wp-json\/wp\/v2\/users\/1"}],"replies":[{"embeddable":true,"href":"https:\/\/guialimeira.com.br\/news\/wp-json\/wp\/v2\/comments?post=457"}],"version-history":[{"count":0,"href":"https:\/\/guialimeira.com.br\/news\/wp-json\/wp\/v2\/posts\/457\/revisions"}],"wp:featuredmedia":[{"embeddable":true,"href":"https:\/\/guialimeira.com.br\/news\/wp-json\/wp\/v2\/media\/458"}],"wp:attachment":[{"href":"https:\/\/guialimeira.com.br\/news\/wp-json\/wp\/v2\/media?parent=457"}],"wp:term":[{"taxonomy":"category","embeddable":true,"href":"https:\/\/guialimeira.com.br\/news\/wp-json\/wp\/v2\/categories?post=457"},{"taxonomy":"post_tag","embeddable":true,"href":"https:\/\/guialimeira.com.br\/news\/wp-json\/wp\/v2\/tags?post=457"}],"curies":[{"name":"wp","href":"https:\/\/api.w.org\/{rel}","templated":true}]}}