{"id":45684,"date":"2025-09-23T16:46:50","date_gmt":"2025-09-23T19:46:50","guid":{"rendered":"https:\/\/guialimeira.com.br\/?p=45684"},"modified":"2025-09-23T16:46:50","modified_gmt":"2025-09-23T19:46:50","slug":"inscricoes-abertas-em-cordeiropolis-para-aulas-gratuitas-de-judo-a-criancas-de-4-a-12-anos-prefeitura-municipal-de-cordeiropolis","status":"publish","type":"post","link":"https:\/\/guialimeira.com.br\/news\/inscricoes-abertas-em-cordeiropolis-para-aulas-gratuitas-de-judo-a-criancas-de-4-a-12-anos-prefeitura-municipal-de-cordeiropolis\/","title":{"rendered":"Inscri\u00e7\u00f5es abertas em Cordeir\u00f3polis para aulas gratuitas de jud\u00f4 a crian\u00e7as de 4 a 12 anos \u2013 Prefeitura Municipal de Cordeir\u00f3polis"},"content":{"rendered":"<p> <br \/>\n<\/p>\n<div>\n<p>A Prefeitura de Cordeir\u00f3polis, em parceria com o Governo do Estado de S\u00e3o Paulo, abriu inscri\u00e7\u00f5es para as aulas gratuitas de jud\u00f4 voltadas a crian\u00e7as de 4 a 12 anos. As atividades ser\u00e3o realizadas no Centro de Lazer, com turmas mistas formadas para estimular a pr\u00e1tica esportiva desde a inf\u00e2ncia.<\/p>\n<p>\u201cO jud\u00f4 \u00e9 um esporte que promove disciplina, sa\u00fade e inclus\u00e3o social. \u00c9 uma modalidade ol\u00edmpica reconhecida por seus benef\u00edcios f\u00edsicos e tamb\u00e9m pelo desenvolvimento de valores como respeito, autocontrole e trabalho em equipe\u201d, afirma a secret\u00e1ria de Esporte e Lazer, Layla Pennas.<\/p>\n<p>Para garantir a participa\u00e7\u00e3o, pais ou respons\u00e1veis devem ir at\u00e9 o Centro de Lazer do Trabalhador, de ter\u00e7a a sexta-feira, com c\u00f3pia de RG e CPF da crian\u00e7a e do respons\u00e1vel para preencher a ficha. As vagas s\u00e3o limitadas.<\/p>\n<\/p><\/div>\n<p><br \/>\n<br \/><a href=\"https:\/\/www.cordeiropolis.sp.gov.br\/inscricoes-abertas-em-cordeiropolis-para-aulas-gratuitas-de-judo-a-criancas-de-4-a-12-anos\/\" rel=\"noopener\">Informa\u00e7\u00f5es Cordeir\u00f3polis <\/a><\/p>\n","protected":false},"excerpt":{"rendered":"<p>A Prefeitura de Cordeir\u00f3polis, em parceria com o Governo do Estado de S\u00e3o Paulo, abriu inscri\u00e7\u00f5es para as aulas gratuitas de jud\u00f4 voltadas a crian\u00e7as de 4 a 12 anos. As atividades ser\u00e3o realizadas no Centro de Lazer, com turmas mistas formadas para estimular a pr\u00e1tica esportiva desde a inf\u00e2ncia. \u201cO jud\u00f4 \u00e9 um esporte [&hellip;]<\/p>\n","protected":false},"author":1,"featured_media":0,"comment_status":"open","ping_status":"open","sticky":false,"template":"","format":"standard","meta":{"_jetpack_newsletter_access":"","_jetpack_dont_email_post_to_subs":false,"_jetpack_newsletter_tier_id":0,"_jetpack_memberships_contains_paywalled_content":false,"_mbp_banners":[],"_jetpack_feature_clip_id":0,"_jetpack_memberships_contains_paid_content":false,"footnotes":"","jetpack_publicize_message":"","jetpack_publicize_feature_enabled":true,"jetpack_social_post_already_shared":true,"jetpack_social_options":{"image_generator_settings":{"template":"highway","default_image_id":0,"font":"","enabled":false},"version":2},"jetpack_post_was_ever_published":false},"categories":[20],"tags":[],"class_list":["post-45684","post","type-post","status-publish","format-standard","category-regiao"],"jetpack_publicize_connections":[],"jetpack-related-posts":[],"jetpack_shortlink":"https:\/\/wp.me\/p7Eq1F-bSQ","jetpack_sharing_enabled":true,"jetpack_featured_media_url":"","_links":{"self":[{"href":"https:\/\/guialimeira.com.br\/news\/wp-json\/wp\/v2\/posts\/45684","targetHints":{"allow":["GET"]}}],"collection":[{"href":"https:\/\/guialimeira.com.br\/news\/wp-json\/wp\/v2\/posts"}],"about":[{"href":"https:\/\/guialimeira.com.br\/news\/wp-json\/wp\/v2\/types\/post"}],"author":[{"embeddable":true,"href":"https:\/\/guialimeira.com.br\/news\/wp-json\/wp\/v2\/users\/1"}],"replies":[{"embeddable":true,"href":"https:\/\/guialimeira.com.br\/news\/wp-json\/wp\/v2\/comments?post=45684"}],"version-history":[{"count":1,"href":"https:\/\/guialimeira.com.br\/news\/wp-json\/wp\/v2\/posts\/45684\/revisions"}],"predecessor-version":[{"id":45685,"href":"https:\/\/guialimeira.com.br\/news\/wp-json\/wp\/v2\/posts\/45684\/revisions\/45685"}],"wp:attachment":[{"href":"https:\/\/guialimeira.com.br\/news\/wp-json\/wp\/v2\/media?parent=45684"}],"wp:term":[{"taxonomy":"category","embeddable":true,"href":"https:\/\/guialimeira.com.br\/news\/wp-json\/wp\/v2\/categories?post=45684"},{"taxonomy":"post_tag","embeddable":true,"href":"https:\/\/guialimeira.com.br\/news\/wp-json\/wp\/v2\/tags?post=45684"}],"curies":[{"name":"wp","href":"https:\/\/api.w.org\/{rel}","templated":true}]}}