{"id":45672,"date":"2025-09-23T15:45:05","date_gmt":"2025-09-23T18:45:05","guid":{"rendered":"https:\/\/guialimeira.com.br\/?p=45672"},"modified":"2025-09-23T15:45:05","modified_gmt":"2025-09-23T18:45:05","slug":"mais-de-100-mudas-sao-plantadas-em-area-da-nova-represa-prefeitura-municipal-de-cordeiropolis","status":"publish","type":"post","link":"https:\/\/guialimeira.com.br\/news\/mais-de-100-mudas-sao-plantadas-em-area-da-nova-represa-prefeitura-municipal-de-cordeiropolis\/","title":{"rendered":"Mais de 100 mudas s\u00e3o plantadas em \u00e1rea da nova represa \u2013 Prefeitura Municipal de Cordeir\u00f3polis"},"content":{"rendered":"<p> <br \/>\n<\/p>\n<div>\n<p>A Prefeitura de Cordeir\u00f3polis e o Servi\u00e7o Aut\u00f4nomo de \u00c1gua e Esgoto (SAAE) plantaram, no domingo (21), Dia da \u00c1rvore, mais de 100 mudas de \u00e1rvores na represa Santa Marina 2. A a\u00e7\u00e3o envolveu comunidade, servidores, vereadores e lideran\u00e7as religiosas. A prefeita Cristina Saad acompanhou a iniciativa e realizou o plantio de esp\u00e9cies ao lado da popula\u00e7\u00e3o.<\/p>\n<p>\u201cRealizamos parte da recomposi\u00e7\u00e3o florestal, que \u00e9 uma das exig\u00eancias da Cetesb para obtermos a licen\u00e7a de funcionamento da barragem\u201d, explica o presidente do SAAE, Marco Gomes da Silva. \u201cDesde que assumimos a gest\u00e3o, demos in\u00edcio \u00e0s tratativas para que a nova represa pudesse funcionar e, assim, termos mais uma fonte de abastecimento\u201d, ressalta Cristina Saad.<\/p>\n<p>Ainda de acordo com o presidente do SAAE, com a chegada do per\u00edodo chuvoso, novas mudas ser\u00e3o plantadas na \u00e1rea como parte do processo de licenciamento da nova represa. Ao todo, s\u00e3o estimadas 4 mil mudas que devem ser plantadas no local. A iniciativa tem parceria e o acompanhamento da Secretaria de Meio Ambiente.<\/p>\n<figure class=\"wp-block-gallery has-nested-images columns-default is-cropped wp-block-gallery-1 is-layout-flex wp-block-gallery-is-layout-flex\">\n<figure class=\"wp-block-image size-large\"><\/figure>\n<figure class=\"wp-block-image size-large\"><img data-recalc-dims=\"1\" decoding=\"async\" loading=\"lazy\" width=\"696\" height=\"984\" data-id=\"31263\" src=\"https:\/\/i0.wp.com\/guialimeira.com.br\/wp-content\/uploads\/2025\/09\/1758653104_837_Mais-de-100-mudas-sao-plantadas-em-area-da-nova.jpg?resize=696%2C984&#038;ssl=1\" alt=\"\" class=\"wp-image-31263\" \/><\/figure>\n<figure class=\"wp-block-image size-large\"><img data-recalc-dims=\"1\" decoding=\"async\" loading=\"lazy\" width=\"696\" height=\"392\" data-id=\"31262\" src=\"https:\/\/i0.wp.com\/guialimeira.com.br\/wp-content\/uploads\/2025\/09\/1758653104_282_Mais-de-100-mudas-sao-plantadas-em-area-da-nova.jpg?resize=696%2C392&#038;ssl=1\" alt=\"\" class=\"wp-image-31262\" \/><\/figure>\n<figure class=\"wp-block-image size-large\"><img data-recalc-dims=\"1\" decoding=\"async\" data-attachment-id=\"31261\" data-permalink=\"https:\/\/guialimeira.com.br\/news\/rua-quadros-sobrinho-recebe-pontos-de-embarque-e-desembarque-durante-obras-no-terminal-urbano\/m_137_0_1_23042025164610-jpg\/\" data-orig-file=\"https:\/\/i0.wp.com\/guialimeira.com.br\/news\/wp-content\/uploads\/2025\/04\/m_137_0_1_23042025164610.jpg?fit=900%2C599&amp;ssl=1\" data-orig-size=\"900,599\" data-comments-opened=\"1\" data-image-meta=\"{&quot;aperture&quot;:&quot;0&quot;,&quot;credit&quot;:&quot;&quot;,&quot;camera&quot;:&quot;&quot;,&quot;caption&quot;:&quot;&quot;,&quot;created_timestamp&quot;:&quot;0&quot;,&quot;copyright&quot;:&quot;&quot;,&quot;focal_length&quot;:&quot;0&quot;,&quot;iso&quot;:&quot;0&quot;,&quot;shutter_speed&quot;:&quot;0&quot;,&quot;title&quot;:&quot;&quot;,&quot;orientation&quot;:&quot;0&quot;}\" data-image-title=\"m_137_0_1_23042025164610.jpg\" data-image-description=\"\" data-image-caption=\"\" data-large-file=\"https:\/\/i0.wp.com\/guialimeira.com.br\/news\/wp-content\/uploads\/2025\/04\/m_137_0_1_23042025164610.jpg?fit=696%2C463&amp;ssl=1\" loading=\"lazy\" width=\"696\" height=\"392\" data-id=\"31261\" src=\"https:\/\/i0.wp.com\/guialimeira.com.br\/wp-content\/uploads\/2025\/09\/1758653104_389_Mais-de-100-mudas-sao-plantadas-em-area-da-nova.jpg?resize=696%2C392&#038;ssl=1\" alt=\"\" class=\"wp-image-31261\" \/><\/figure>\n<\/figure><\/div>\n<p><br \/>\n<br \/><a href=\"https:\/\/www.cordeiropolis.sp.gov.br\/mais-de-100-mudas-sao-plantadas-em-area-da-nova-represa\/\" rel=\"noopener\">Informa\u00e7\u00f5es Cordeir\u00f3polis <\/a><\/p>\n","protected":false},"excerpt":{"rendered":"<p>A Prefeitura de Cordeir\u00f3polis e o Servi\u00e7o Aut\u00f4nomo de \u00c1gua e Esgoto (SAAE) plantaram, no domingo (21), Dia da \u00c1rvore, mais de 100 mudas de \u00e1rvores na represa Santa Marina 2. A a\u00e7\u00e3o envolveu comunidade, servidores, vereadores e lideran\u00e7as religiosas. A prefeita Cristina Saad acompanhou a iniciativa e realizou o plantio de esp\u00e9cies ao lado [&hellip;]<\/p>\n","protected":false},"author":1,"featured_media":45673,"comment_status":"open","ping_status":"open","sticky":false,"template":"","format":"standard","meta":{"_jetpack_newsletter_access":"","_jetpack_dont_email_post_to_subs":false,"_jetpack_newsletter_tier_id":0,"_jetpack_memberships_contains_paywalled_content":false,"_mbp_banners":[],"_jetpack_feature_clip_id":0,"_jetpack_memberships_contains_paid_content":false,"footnotes":"","jetpack_publicize_message":"","jetpack_publicize_feature_enabled":true,"jetpack_social_post_already_shared":true,"jetpack_social_options":{"image_generator_settings":{"template":"highway","default_image_id":0,"font":"","enabled":false},"version":2},"jetpack_post_was_ever_published":false},"categories":[20],"tags":[],"class_list":["post-45672","post","type-post","status-publish","format-standard","has-post-thumbnail","category-regiao"],"jetpack_publicize_connections":[],"jetpack-related-posts":[],"jetpack_shortlink":"https:\/\/wp.me\/p7Eq1F-bSE","jetpack_sharing_enabled":true,"jetpack_featured_media_url":"https:\/\/i0.wp.com\/guialimeira.com.br\/news\/wp-content\/uploads\/2025\/09\/1758653104_Mais-de-100-mudas-sao-plantadas-em-area-da-nova.jpg?fit=1024%2C577&ssl=1","_links":{"self":[{"href":"https:\/\/guialimeira.com.br\/news\/wp-json\/wp\/v2\/posts\/45672","targetHints":{"allow":["GET"]}}],"collection":[{"href":"https:\/\/guialimeira.com.br\/news\/wp-json\/wp\/v2\/posts"}],"about":[{"href":"https:\/\/guialimeira.com.br\/news\/wp-json\/wp\/v2\/types\/post"}],"author":[{"embeddable":true,"href":"https:\/\/guialimeira.com.br\/news\/wp-json\/wp\/v2\/users\/1"}],"replies":[{"embeddable":true,"href":"https:\/\/guialimeira.com.br\/news\/wp-json\/wp\/v2\/comments?post=45672"}],"version-history":[{"count":1,"href":"https:\/\/guialimeira.com.br\/news\/wp-json\/wp\/v2\/posts\/45672\/revisions"}],"predecessor-version":[{"id":45674,"href":"https:\/\/guialimeira.com.br\/news\/wp-json\/wp\/v2\/posts\/45672\/revisions\/45674"}],"wp:featuredmedia":[{"embeddable":true,"href":"https:\/\/guialimeira.com.br\/news\/wp-json\/wp\/v2\/media\/45673"}],"wp:attachment":[{"href":"https:\/\/guialimeira.com.br\/news\/wp-json\/wp\/v2\/media?parent=45672"}],"wp:term":[{"taxonomy":"category","embeddable":true,"href":"https:\/\/guialimeira.com.br\/news\/wp-json\/wp\/v2\/categories?post=45672"},{"taxonomy":"post_tag","embeddable":true,"href":"https:\/\/guialimeira.com.br\/news\/wp-json\/wp\/v2\/tags?post=45672"}],"curies":[{"name":"wp","href":"https:\/\/api.w.org\/{rel}","templated":true}]}}