{"id":45663,"date":"2025-09-23T14:42:27","date_gmt":"2025-09-23T17:42:27","guid":{"rendered":"https:\/\/guialimeira.com.br\/?p=45663"},"modified":"2025-09-23T14:42:27","modified_gmt":"2025-09-23T17:42:27","slug":"acao-voluntaria-de-limpeza-da-mata-do-jd-cordeiro-resulta-na-retirada-de-quase-11-toneladas-de-lixo-prefeitura-municipal-de-cordeiropolis","status":"publish","type":"post","link":"https:\/\/guialimeira.com.br\/news\/acao-voluntaria-de-limpeza-da-mata-do-jd-cordeiro-resulta-na-retirada-de-quase-11-toneladas-de-lixo-prefeitura-municipal-de-cordeiropolis\/","title":{"rendered":"A\u00e7\u00e3o volunt\u00e1ria de limpeza da mata do Jd. Cordeiro resulta na retirada de quase 11 toneladas de lixo \u2013 Prefeitura Municipal de Cordeir\u00f3polis"},"content":{"rendered":"<p> <br \/>\n<\/p>\n<div>\n<p>A a\u00e7\u00e3o volunt\u00e1ria de limpeza da mata do Jardim Cordeiro, realizada no s\u00e1bado (20), resultou na retirada de aproximadamente 11 toneladas de lixo. Coordenada pela Secretaria de Meio Ambiente em raz\u00e3o do Dia Mundial da Limpeza, a iniciativa envolveu os poderes executivo e legislativo, comunidade e a empresa Rossi do Brasil, que doou as placas de conscientiza\u00e7\u00e3o instaladas na \u00e1rea.<\/p>\n<p>A prefeita Cristina Saad, secret\u00e1rios municipais, vereadores e servidores participaram da iniciativa. \u201cComunidade e poder p\u00fablico juntos com um objetivo claro: conscientizar a popula\u00e7\u00e3o para cuidar dos nossos espa\u00e7os. Eles s\u00e3o de todos n\u00f3s\u201d, afirmou Cristina. Ela ainda anunciou que, nesta semana, a equipe da Secretaria de Servi\u00e7os P\u00fablicos voltar\u00e1 \u00e0 \u00e1rea para concluir a limpeza.<\/p>\n<p>\u201cAgrade\u00e7o toda a popula\u00e7\u00e3o que esteve presente e nos ajudou nessa miss\u00e3o. Foi uma a\u00e7\u00e3o piloto e esperamos espalhar por toda a cidade esse sentimento de pertencimento com os espa\u00e7os p\u00fablicos. As empresas tamb\u00e9m podem ser nossas parceiras nessas a\u00e7\u00f5es. A cidade fica mais limpa e o meio ambiente agradece\u201d, ressaltou a secret\u00e1ria de Meio Ambiente, Bruna Vidoretti.<\/p>\n<figure class=\"wp-block-gallery has-nested-images columns-default is-cropped wp-block-gallery-1 is-layout-flex wp-block-gallery-is-layout-flex\">\n<figure class=\"wp-block-image size-large\"><\/figure>\n<figure class=\"wp-block-image size-large\"><img data-recalc-dims=\"1\" decoding=\"async\" loading=\"lazy\" width=\"696\" height=\"392\" data-id=\"31272\" src=\"https:\/\/i0.wp.com\/guialimeira.com.br\/wp-content\/uploads\/2025\/09\/1758649346_997_Acao-voluntaria-de-limpeza-da-mata-do-Jd-Cordeiro-resulta.jpg?resize=696%2C392&#038;ssl=1\" alt=\"\" class=\"wp-image-31272\" \/><\/figure>\n<figure class=\"wp-block-image size-large\"><img data-recalc-dims=\"1\" decoding=\"async\" loading=\"lazy\" width=\"696\" height=\"392\" data-id=\"31271\" src=\"https:\/\/i0.wp.com\/guialimeira.com.br\/wp-content\/uploads\/2025\/09\/1758649346_576_Acao-voluntaria-de-limpeza-da-mata-do-Jd-Cordeiro-resulta.jpg?resize=696%2C392&#038;ssl=1\" alt=\"\" class=\"wp-image-31271\" \/><\/figure>\n<figure class=\"wp-block-image size-large\"><img data-recalc-dims=\"1\" decoding=\"async\" loading=\"lazy\" width=\"696\" height=\"392\" data-id=\"31270\" src=\"https:\/\/i0.wp.com\/guialimeira.com.br\/wp-content\/uploads\/2025\/09\/1758649346_815_Acao-voluntaria-de-limpeza-da-mata-do-Jd-Cordeiro-resulta.jpg?resize=696%2C392&#038;ssl=1\" alt=\"\" class=\"wp-image-31270\" \/><\/figure>\n<figure class=\"wp-block-image size-large\"><img data-recalc-dims=\"1\" decoding=\"async\" loading=\"lazy\" width=\"696\" height=\"392\" data-id=\"31269\" src=\"https:\/\/i0.wp.com\/guialimeira.com.br\/wp-content\/uploads\/2025\/09\/1758649346_869_Acao-voluntaria-de-limpeza-da-mata-do-Jd-Cordeiro-resulta.jpg?resize=696%2C392&#038;ssl=1\" alt=\"\" class=\"wp-image-31269\" \/><\/figure>\n<figure class=\"wp-block-image size-large\"><img data-recalc-dims=\"1\" decoding=\"async\" loading=\"lazy\" width=\"696\" height=\"392\" data-id=\"31268\" src=\"https:\/\/i0.wp.com\/guialimeira.com.br\/wp-content\/uploads\/2025\/09\/1758649346_568_Acao-voluntaria-de-limpeza-da-mata-do-Jd-Cordeiro-resulta.jpg?resize=696%2C392&#038;ssl=1\" alt=\"\" class=\"wp-image-31268\" \/><\/figure>\n<\/figure><\/div>\n<p><br \/>\n<br \/><a href=\"https:\/\/www.cordeiropolis.sp.gov.br\/acao-voluntaria-de-limpeza-da-mata-do-jd-cordeiro-resulta-na-retirada-de-quase-11-toneladas-de-lixo\/\" rel=\"noopener\">Informa\u00e7\u00f5es Cordeir\u00f3polis <\/a><\/p>\n","protected":false},"excerpt":{"rendered":"<p>A a\u00e7\u00e3o volunt\u00e1ria de limpeza da mata do Jardim Cordeiro, realizada no s\u00e1bado (20), resultou na retirada de aproximadamente 11 toneladas de lixo. Coordenada pela Secretaria de Meio Ambiente em raz\u00e3o do Dia Mundial da Limpeza, a iniciativa envolveu os poderes executivo e legislativo, comunidade e a empresa Rossi do Brasil, que doou as placas [&hellip;]<\/p>\n","protected":false},"author":1,"featured_media":45664,"comment_status":"open","ping_status":"open","sticky":false,"template":"","format":"standard","meta":{"_jetpack_newsletter_access":"","_jetpack_dont_email_post_to_subs":false,"_jetpack_newsletter_tier_id":0,"_jetpack_memberships_contains_paywalled_content":false,"_mbp_banners":[],"_jetpack_feature_clip_id":0,"_jetpack_memberships_contains_paid_content":false,"footnotes":"","jetpack_publicize_message":"","jetpack_publicize_feature_enabled":true,"jetpack_social_post_already_shared":true,"jetpack_social_options":{"image_generator_settings":{"template":"highway","default_image_id":0,"font":"","enabled":false},"version":2},"jetpack_post_was_ever_published":false},"categories":[20],"tags":[],"class_list":["post-45663","post","type-post","status-publish","format-standard","has-post-thumbnail","category-regiao"],"jetpack_publicize_connections":[],"jetpack-related-posts":[],"jetpack_shortlink":"https:\/\/wp.me\/p7Eq1F-bSv","jetpack_sharing_enabled":true,"jetpack_featured_media_url":"https:\/\/i0.wp.com\/guialimeira.com.br\/news\/wp-content\/uploads\/2025\/09\/Acao-voluntaria-de-limpeza-da-mata-do-Jd-Cordeiro-resulta.jpg?fit=1024%2C576&ssl=1","_links":{"self":[{"href":"https:\/\/guialimeira.com.br\/news\/wp-json\/wp\/v2\/posts\/45663","targetHints":{"allow":["GET"]}}],"collection":[{"href":"https:\/\/guialimeira.com.br\/news\/wp-json\/wp\/v2\/posts"}],"about":[{"href":"https:\/\/guialimeira.com.br\/news\/wp-json\/wp\/v2\/types\/post"}],"author":[{"embeddable":true,"href":"https:\/\/guialimeira.com.br\/news\/wp-json\/wp\/v2\/users\/1"}],"replies":[{"embeddable":true,"href":"https:\/\/guialimeira.com.br\/news\/wp-json\/wp\/v2\/comments?post=45663"}],"version-history":[{"count":1,"href":"https:\/\/guialimeira.com.br\/news\/wp-json\/wp\/v2\/posts\/45663\/revisions"}],"predecessor-version":[{"id":45665,"href":"https:\/\/guialimeira.com.br\/news\/wp-json\/wp\/v2\/posts\/45663\/revisions\/45665"}],"wp:featuredmedia":[{"embeddable":true,"href":"https:\/\/guialimeira.com.br\/news\/wp-json\/wp\/v2\/media\/45664"}],"wp:attachment":[{"href":"https:\/\/guialimeira.com.br\/news\/wp-json\/wp\/v2\/media?parent=45663"}],"wp:term":[{"taxonomy":"category","embeddable":true,"href":"https:\/\/guialimeira.com.br\/news\/wp-json\/wp\/v2\/categories?post=45663"},{"taxonomy":"post_tag","embeddable":true,"href":"https:\/\/guialimeira.com.br\/news\/wp-json\/wp\/v2\/tags?post=45663"}],"curies":[{"name":"wp","href":"https:\/\/api.w.org\/{rel}","templated":true}]}}