{"id":45658,"date":"2025-09-23T14:18:07","date_gmt":"2025-09-23T17:18:07","guid":{"rendered":"https:\/\/guialimeira.com.br\/?p=45658"},"modified":"2025-09-23T14:18:10","modified_gmt":"2025-09-23T17:18:10","slug":"mentorias-da-suzano-ampliam-horizontes-de-estudantes-com-o-programa-contribuindo-para-o-futuro","status":"publish","type":"post","link":"https:\/\/guialimeira.com.br\/news\/mentorias-da-suzano-ampliam-horizontes-de-estudantes-com-o-programa-contribuindo-para-o-futuro\/","title":{"rendered":"Mentorias da Suzano ampliam horizontes de estudantes com o programa \u201cContribuindo para o Futuro\u201d"},"content":{"rendered":"\n<p class=\"wp-block-paragraph\"><em>Iniciativa realizada em parceria com o Instituto Joule conecta colaboradores(as) volunt\u00e1rios(as) da empresa a jovens do Ensino M\u00e9dio, promovendo trocas que transformam trajet\u00f3rias<\/em><\/p>\n\n\n\n<p class=\"wp-block-paragraph\">A Suzano, maior produtora mundial de celulose e refer\u00eancia global na fabrica\u00e7\u00e3o de bioprodutos desenvolvidos a partir do eucalipto, celebra o encerramento de mais uma edi\u00e7\u00e3o do programa de mentorias \u201cContribuindo para o Futuro\u201d, realizado em parceria com o Instituto Joule. A iniciativa alia aprendizado t\u00e9cnico e inspira\u00e7\u00e3o para o futuro, com a miss\u00e3o de fortalecer a diversidade e a inclus\u00e3o no mercado de trabalho e abrir portas para jovens talentos.<\/p>\n\n\n\n<p class=\"wp-block-paragraph\">Por meio de mentorias individuais e coletivas, colaboradores(as) volunt\u00e1rios(as) da companhia apoiam estudantes do 2\u00ba e 3\u00ba anos do Ensino M\u00e9dio, promovendo aprendizado, trocas e conex\u00f5es&nbsp;que&nbsp;v\u00e3o al\u00e9m da sala de aula. Nesta edi\u00e7\u00e3o, participaram do programa 15 alunos da Escola Estadual Professor Wilson Camargo, de Americana.<\/p>\n\n\n\n<p class=\"wp-block-paragraph\">A iniciativa reflete os valores da companhia. \u201cQuando dizemos que na Suzano somos \u2018gente que inspira e transforma\u2019, estamos falando de projetos como o \u201cContribuindo para o Futuro\u201d, que conecta nossos colaboradores e colaboradoras a jovens estudantes em um processo de troca genu\u00edna. Mais do que orientar sobre carreira, buscamos ampliar repert\u00f3rios, derrubar barreiras e criar caminhos de futuro mais inclusivos e acess\u00edveis. Ao criar oportunidades e transformar trajet\u00f3rias, refor\u00e7amos nosso compromisso de gerar e compartilhar valor para todos os p\u00fablicos\u201d, destaca Adriano Martins, coordenador do Programa Voluntariar da Suzano.<\/p>\n\n\n\n<p class=\"wp-block-paragraph\">Durante 16 semanas, os(as) jovens participaram de mentorias quinzenais, presenciais e on-line, abordando temas essenciais para o desenvolvimento integral, como miss\u00e3o pessoal, intelig\u00eancia emocional, habilidades t\u00e9cnicas e comportamentais, constru\u00e7\u00e3o de marca profissional, elabora\u00e7\u00e3o de curr\u00edculo e perfil no LinkedIn, al\u00e9m de simula\u00e7\u00f5es de entrevistas de emprego. Os encontros tamb\u00e9m abordaram temas como carreira, lideran\u00e7a, empatia e relacionamento interpessoal, auxiliando os(as) estudantes na constru\u00e7\u00e3o de um plano de vida e carreira e ampliando o&nbsp;<em>networking<\/em>. Os(as) jovens ainda tiveram a oportunidade de visitar a unidade da Suzano em Limeira, vivenciando de perto a rotina industrial e conhecendo a cadeia de produ\u00e7\u00e3o de papel.<\/p>\n\n\n\n<p class=\"wp-block-paragraph\">O programa se alinha ao compromisso da empresa de contribuir para a melhoria das condi\u00e7\u00f5es de vida nas regi\u00f5es onde atua, com a meta de ajudar a tirar 200 mil pessoas da linha da pobreza at\u00e9 2030. A inser\u00e7\u00e3o profissional de jovens \u00e9 um dos pilares fundamentais para alcan\u00e7ar esse objetivo. Os(as) estudantes participantes s\u00e3o selecionados(as) com base em crit\u00e9rios que priorizam o apoio a jovens em situa\u00e7\u00e3o de vulnerabilidade sociais, promovendo a equidade e inclus\u00e3o.<\/p>\n\n\n\n<p class=\"wp-block-paragraph\"><strong>Transforma\u00e7\u00e3o de trajet\u00f3rias<\/strong><\/p>\n\n\n\n<p class=\"wp-block-paragraph\">Para os(as) jovens, a experi\u00eancia vai muito al\u00e9m da orienta\u00e7\u00e3o profissional. \u201cEstou muito feliz por participar desse programa de mentoria da Suzano. Com certeza \u00e9 uma oportunidade valiosa de aprendizado sobre o mercado de trabalho e de crescimento profissional. Tamb\u00e9m tive a oportunidade de visitar a unidade de Limeira e ver de perto como funciona a fabrica\u00e7\u00e3o do papel. Foi uma experi\u00eancia que vou guardar para sempre\u201d, contou a aluna Lohaine Vilela, de 17 anos.<\/p>\n\n\n\n<p class=\"wp-block-paragraph\">Jheniffer Bobato, de 16 anos, destaca que conhecer iniciativas que promovem educa\u00e7\u00e3o, reduzem desigualdades e incentivam o protagonismo jovem fazem enxergar ainda mais possibilidades para o futuro. \u201cTenho a certeza de que conhecimento transforma e que cada passo, por menor que pare\u00e7a, faz parte de um caminho com prop\u00f3sito\u201d, destacou.<\/p>\n\n\n\n<p class=\"wp-block-paragraph\">O impacto tamb\u00e9m \u00e9 sentido pelos(as) mentores(as) volunt\u00e1rios(as). \u201cDurante essa jornada, tive o privil\u00e9gio de ser mentora do Jo\u00e3o, um jovem extremamente dedicado e curioso, o que permitiu grandes trocas e aprendizados. Praticar o voluntariado \u00e9 uma forma poderosa de gerar impacto social, mas tamb\u00e9m de crescer pessoal e profissionalmente. \u00c9 inspirador ver como pequenas contribui\u00e7\u00f5es podem abrir novos caminhos e transformar perspectivas. Iniciativas como essa aproximam pessoas e constroem um futuro mais justo e colaborativo\u201d, afirmou Isabelly Ribeiro, analista de Colheita Florestal Pleno da Suzano.<\/p>\n\n\n\n<p class=\"wp-block-paragraph\">O \u201cContribuindo para o Futuro\u201d integra o Voluntariar, programa de voluntariado corporativo da Suzano que incentiva colaboradores(as) a atuarem em a\u00e7\u00f5es sociais e de cidadania. A parceria com o Instituto Joule fortalece a diversidade e inclus\u00e3o no mercado de trabalho, preparando jovens para novos desafios e oportunidades.<\/p>\n\n\n\n<p class=\"wp-block-paragraph\">A iniciativa refor\u00e7a o compromisso da Suzano com o desenvolvimento das comunidades onde est\u00e1 presente, celebrando os 150 anos de Americana com a\u00e7\u00f5es que valorizam a educa\u00e7\u00e3o, a cultura e o protagonismo juvenil.<\/p>\n\n\n\n<p class=\"wp-block-paragraph\"><strong><u>Sobre a Suzano<\/u><\/strong><\/p>\n\n\n\n<p class=\"wp-block-paragraph\">A Suzano \u00e9 a maior produtora mundial de celulose, uma das maiores fabricantes de pap\u00e9is da Am\u00e9rica Latina e l\u00edder no segmento de papel higi\u00eanico no Brasil. A companhia adota as melhores pr\u00e1ticas de inova\u00e7\u00e3o e sustentabilidade para desenvolver produtos e solu\u00e7\u00f5es a partir de mat\u00e9ria-prima renov\u00e1vel. Os produtos da Suzano est\u00e3o presentes na vida de mais de 2 bilh\u00f5es de pessoas, cerca de 25% da popula\u00e7\u00e3o mundial, e incluem celulose; itens para higiene pessoal como papel higi\u00eanico e guardanapos; pap\u00e9is para embalagens, copos e canudos; pap\u00e9is para imprimir e escrever, entre outros produtos desenvolvidos para atender \u00e0 crescente necessidade do planeta por itens mais sustent\u00e1veis. Entre suas marcas no Brasil est\u00e3o Neve\u00ae, P\u00f3len\u00ae, Suzano Report\u00ae, Mimmo\u00ae, entre outras. Com sede no Brasil e opera\u00e7\u00f5es na Am\u00e9rica Latina, Am\u00e9rica do Norte, Europa e \u00c1sia, a empresa tem mais de 100 anos de hist\u00f3ria e a\u00e7\u00f5es negociadas nas bolsas do Brasil (SUZB3) e dos Estados Unidos (SUZ). Saiba mais em:&nbsp;<a href=\"http:\/\/www.suzano.com.br\/\" target=\"_blank\" rel=\"noreferrer noopener\">www.suzano.com.br<\/a>.<\/p>\n","protected":false},"excerpt":{"rendered":"<p>Iniciativa realizada em parceria com o Instituto Joule conecta colaboradores(as) volunt\u00e1rios(as) da empresa a jovens do Ensino M\u00e9dio, promovendo trocas que transformam trajet\u00f3rias A Suzano, maior produtora mundial de celulose e refer\u00eancia global na fabrica\u00e7\u00e3o de bioprodutos desenvolvidos a partir do eucalipto, celebra o encerramento de mais uma edi\u00e7\u00e3o do programa de mentorias \u201cContribuindo para [&hellip;]<\/p>\n","protected":false},"author":2,"featured_media":45659,"comment_status":"open","ping_status":"open","sticky":false,"template":"","format":"standard","meta":{"_jetpack_newsletter_access":"","_jetpack_dont_email_post_to_subs":false,"_jetpack_newsletter_tier_id":0,"_jetpack_memberships_contains_paywalled_content":false,"_mbp_banners":[],"_jetpack_feature_clip_id":0,"_jetpack_memberships_contains_paid_content":false,"footnotes":"","jetpack_publicize_message":"","jetpack_publicize_feature_enabled":true,"jetpack_social_post_already_shared":false,"jetpack_social_options":{"image_generator_settings":{"template":"highway","default_image_id":0,"font":"","enabled":false},"version":2},"jetpack_post_was_ever_published":false},"categories":[1],"tags":[],"class_list":["post-45658","post","type-post","status-publish","format-standard","has-post-thumbnail","category-geral"],"jetpack_publicize_connections":[],"jetpack-related-posts":[],"jetpack_shortlink":"https:\/\/wp.me\/p7Eq1F-bSq","jetpack_sharing_enabled":true,"jetpack_featured_media_url":"https:\/\/i0.wp.com\/guialimeira.com.br\/news\/wp-content\/uploads\/2025\/09\/Contribuindo-para-o-Futuro1.jpg?fit=1280%2C720&ssl=1","_links":{"self":[{"href":"https:\/\/guialimeira.com.br\/news\/wp-json\/wp\/v2\/posts\/45658","targetHints":{"allow":["GET"]}}],"collection":[{"href":"https:\/\/guialimeira.com.br\/news\/wp-json\/wp\/v2\/posts"}],"about":[{"href":"https:\/\/guialimeira.com.br\/news\/wp-json\/wp\/v2\/types\/post"}],"author":[{"embeddable":true,"href":"https:\/\/guialimeira.com.br\/news\/wp-json\/wp\/v2\/users\/2"}],"replies":[{"embeddable":true,"href":"https:\/\/guialimeira.com.br\/news\/wp-json\/wp\/v2\/comments?post=45658"}],"version-history":[{"count":1,"href":"https:\/\/guialimeira.com.br\/news\/wp-json\/wp\/v2\/posts\/45658\/revisions"}],"predecessor-version":[{"id":45660,"href":"https:\/\/guialimeira.com.br\/news\/wp-json\/wp\/v2\/posts\/45658\/revisions\/45660"}],"wp:featuredmedia":[{"embeddable":true,"href":"https:\/\/guialimeira.com.br\/news\/wp-json\/wp\/v2\/media\/45659"}],"wp:attachment":[{"href":"https:\/\/guialimeira.com.br\/news\/wp-json\/wp\/v2\/media?parent=45658"}],"wp:term":[{"taxonomy":"category","embeddable":true,"href":"https:\/\/guialimeira.com.br\/news\/wp-json\/wp\/v2\/categories?post=45658"},{"taxonomy":"post_tag","embeddable":true,"href":"https:\/\/guialimeira.com.br\/news\/wp-json\/wp\/v2\/tags?post=45658"}],"curies":[{"name":"wp","href":"https:\/\/api.w.org\/{rel}","templated":true}]}}