{"id":45654,"date":"2025-09-23T13:41:18","date_gmt":"2025-09-23T16:41:18","guid":{"rendered":"https:\/\/guialimeira.com.br\/?p=45654"},"modified":"2025-09-23T13:41:18","modified_gmt":"2025-09-23T16:41:18","slug":"secretaria-de-servicos-publicos-e-defesa-civil-atuam-na-resposta-e-limpeza-apos-chuvas-prefeitura-municipal-de-cordeiropolis","status":"publish","type":"post","link":"https:\/\/guialimeira.com.br\/news\/secretaria-de-servicos-publicos-e-defesa-civil-atuam-na-resposta-e-limpeza-apos-chuvas-prefeitura-municipal-de-cordeiropolis\/","title":{"rendered":"Secretaria de Servi\u00e7os P\u00fablicos e Defesa Civil atuam na resposta e limpeza ap\u00f3s chuvas \u2013 Prefeitura Municipal de Cordeir\u00f3polis"},"content":{"rendered":"<p> <br \/>\n<\/p>\n<div>\n<p>A Secretaria de Servi\u00e7os P\u00fablicos e a Defesa Civil de Cordeir\u00f3polis seguem com o trabalho de atendimento e limpeza ap\u00f3s o forte temporal que atingiu a cidade no in\u00edcio da tarde desta segunda-feira (22). At\u00e9 o momento, a Defesa Civil registrou uma queda de \u00e1rvore sobre um muro residencial e dois alagamentos.<\/p>\n<p>O principal alagamento foi na regi\u00e3o do Lago Uni\u00e3o, que foi rapidamente resolvido pelas equipes de Servi\u00e7os P\u00fablicos. Nesta ter\u00e7a-feira (23), as equipes continuar\u00e3o a atuar no atendimento e na limpeza dos locais afetados pelas chuvas. N\u00e3o houve registro de v\u00edtimas.<\/p>\n<p>De acordo com a Defesa Civil, Cordeir\u00f3polis registrou, at\u00e9 o momento, um volume de chuvas de, aproximadamente, 35 mil\u00edmetros. O \u00f3rg\u00e3o ressalta que h\u00e1 previs\u00e3o de novos temporais e ventos fortes e que a popula\u00e7\u00e3o deve redobrar os cuidados. Se necess\u00e1rio, a Defesa Civil pode ser acionada pelo 199. Tamb\u00e9m \u00e9 poss\u00edvel acionar o 193, do Corpo de Bombeiros, em caso de emerg\u00eancia.<\/p>\n<figure class=\"wp-block-gallery has-nested-images columns-default is-cropped wp-block-gallery-1 is-layout-flex wp-block-gallery-is-layout-flex\">\n<figure class=\"wp-block-image size-large\"><img data-recalc-dims=\"1\" loading=\"lazy\" decoding=\"async\" data-attachment-id=\"31279\" data-permalink=\"https:\/\/guialimeira.com.br\/news\/dom-jose-fala-sobre-o-legado-do-papa-francisco-em-coletiva-na-curia-diocesana-de-limeira\/dom-jose-e-papa-francisco-visita-ad-limina-set-2022\/\" data-orig-file=\"https:\/\/i0.wp.com\/guialimeira.com.br\/news\/wp-content\/uploads\/2025\/04\/dom-jose-e-papa-francisco-visita-ad-limina-set-2022.jpeg?fit=1024%2C683&amp;ssl=1\" data-orig-size=\"1024,683\" data-comments-opened=\"1\" data-image-meta=\"{&quot;aperture&quot;:&quot;0&quot;,&quot;credit&quot;:&quot;&quot;,&quot;camera&quot;:&quot;&quot;,&quot;caption&quot;:&quot;&quot;,&quot;created_timestamp&quot;:&quot;0&quot;,&quot;copyright&quot;:&quot;&quot;,&quot;focal_length&quot;:&quot;0&quot;,&quot;iso&quot;:&quot;0&quot;,&quot;shutter_speed&quot;:&quot;0&quot;,&quot;title&quot;:&quot;&quot;,&quot;orientation&quot;:&quot;0&quot;}\" data-image-title=\"dom jos\u00e9 e papa francisco visita ad limina set 2022\" data-image-description=\"\" data-image-caption=\"\" data-large-file=\"https:\/\/i0.wp.com\/guialimeira.com.br\/news\/wp-content\/uploads\/2025\/04\/dom-jose-e-papa-francisco-visita-ad-limina-set-2022.jpeg?fit=696%2C464&amp;ssl=1\" width=\"696\" height=\"566\" data-id=\"31279\" src=\"https:\/\/i0.wp.com\/guialimeira.com.br\/wp-content\/uploads\/2025\/09\/Secretaria-de-Servicos-Publicos-e-Defesa-Civil-atuam-na-resposta.jpeg?resize=696%2C566&#038;ssl=1\" alt=\"\" class=\"wp-image-31279\" \/><\/figure>\n<figure class=\"wp-block-image size-large\"><img data-recalc-dims=\"1\" decoding=\"async\" loading=\"lazy\" width=\"696\" height=\"490\" data-id=\"31280\" src=\"https:\/\/i0.wp.com\/guialimeira.com.br\/wp-content\/uploads\/2025\/09\/1758645678_431_Secretaria-de-Servicos-Publicos-e-Defesa-Civil-atuam-na-resposta.jpeg?resize=696%2C490&#038;ssl=1\" alt=\"\" class=\"wp-image-31280\" \/><\/figure>\n<figure class=\"wp-block-image size-large\"><img data-recalc-dims=\"1\" decoding=\"async\" data-attachment-id=\"31281\" data-permalink=\"https:\/\/guialimeira.com.br\/news\/cnu-de-2025-deve-ter-3-mil-vagas-e-ao-menos-duas-novas-carreiras\/esther-dweck-bdm_mcamgo_abr_05022025-4-jpg\/\" data-orig-file=\"https:\/\/i0.wp.com\/guialimeira.com.br\/news\/wp-content\/uploads\/2025\/04\/esther-dweck-bdm_mcamgo_abr_05022025-4.jpg?fit=1600%2C800&amp;ssl=1\" data-orig-size=\"1600,800\" data-comments-opened=\"1\" data-image-meta=\"{&quot;aperture&quot;:&quot;0&quot;,&quot;credit&quot;:&quot;&quot;,&quot;camera&quot;:&quot;&quot;,&quot;caption&quot;:&quot;&quot;,&quot;created_timestamp&quot;:&quot;0&quot;,&quot;copyright&quot;:&quot;&quot;,&quot;focal_length&quot;:&quot;0&quot;,&quot;iso&quot;:&quot;0&quot;,&quot;shutter_speed&quot;:&quot;0&quot;,&quot;title&quot;:&quot;&quot;,&quot;orientation&quot;:&quot;0&quot;}\" data-image-title=\"esther-dweck-bdm_mcamgo_abr_05022025-4.jpg\" data-image-description=\"\" data-image-caption=\"\" data-large-file=\"https:\/\/i0.wp.com\/guialimeira.com.br\/news\/wp-content\/uploads\/2025\/04\/esther-dweck-bdm_mcamgo_abr_05022025-4.jpg?fit=696%2C348&amp;ssl=1\" loading=\"lazy\" width=\"696\" height=\"703\" data-id=\"31281\" src=\"https:\/\/i0.wp.com\/guialimeira.com.br\/wp-content\/uploads\/2025\/09\/1758645678_872_Secretaria-de-Servicos-Publicos-e-Defesa-Civil-atuam-na-resposta.jpeg?resize=696%2C703&#038;ssl=1\" alt=\"\" class=\"wp-image-31281\" \/><\/figure>\n<\/figure><\/div>\n<p><br \/>\n<br \/><a href=\"https:\/\/www.cordeiropolis.sp.gov.br\/secretaria-de-servicos-publicos-e-defesa-civil-atuam-na-resposta-e-limpeza-apos-chuvas\/\" rel=\"noopener\">Informa\u00e7\u00f5es Cordeir\u00f3polis <\/a><\/p>\n","protected":false},"excerpt":{"rendered":"<p>A Secretaria de Servi\u00e7os P\u00fablicos e a Defesa Civil de Cordeir\u00f3polis seguem com o trabalho de atendimento e limpeza ap\u00f3s o forte temporal que atingiu a cidade no in\u00edcio da tarde desta segunda-feira (22). At\u00e9 o momento, a Defesa Civil registrou uma queda de \u00e1rvore sobre um muro residencial e dois alagamentos. O principal alagamento [&hellip;]<\/p>\n","protected":false},"author":1,"featured_media":0,"comment_status":"open","ping_status":"open","sticky":false,"template":"","format":"standard","meta":{"_jetpack_newsletter_access":"","_jetpack_dont_email_post_to_subs":false,"_jetpack_newsletter_tier_id":0,"_jetpack_memberships_contains_paywalled_content":false,"_mbp_banners":[],"_jetpack_feature_clip_id":0,"_jetpack_memberships_contains_paid_content":false,"footnotes":"","jetpack_publicize_message":"","jetpack_publicize_feature_enabled":true,"jetpack_social_post_already_shared":true,"jetpack_social_options":{"image_generator_settings":{"template":"highway","default_image_id":0,"font":"","enabled":false},"version":2},"jetpack_post_was_ever_published":false},"categories":[20],"tags":[],"class_list":["post-45654","post","type-post","status-publish","format-standard","category-regiao"],"jetpack_publicize_connections":[],"jetpack-related-posts":[],"jetpack_shortlink":"https:\/\/wp.me\/p7Eq1F-bSm","jetpack_sharing_enabled":true,"jetpack_featured_media_url":"","_links":{"self":[{"href":"https:\/\/guialimeira.com.br\/news\/wp-json\/wp\/v2\/posts\/45654","targetHints":{"allow":["GET"]}}],"collection":[{"href":"https:\/\/guialimeira.com.br\/news\/wp-json\/wp\/v2\/posts"}],"about":[{"href":"https:\/\/guialimeira.com.br\/news\/wp-json\/wp\/v2\/types\/post"}],"author":[{"embeddable":true,"href":"https:\/\/guialimeira.com.br\/news\/wp-json\/wp\/v2\/users\/1"}],"replies":[{"embeddable":true,"href":"https:\/\/guialimeira.com.br\/news\/wp-json\/wp\/v2\/comments?post=45654"}],"version-history":[{"count":1,"href":"https:\/\/guialimeira.com.br\/news\/wp-json\/wp\/v2\/posts\/45654\/revisions"}],"predecessor-version":[{"id":45655,"href":"https:\/\/guialimeira.com.br\/news\/wp-json\/wp\/v2\/posts\/45654\/revisions\/45655"}],"wp:attachment":[{"href":"https:\/\/guialimeira.com.br\/news\/wp-json\/wp\/v2\/media?parent=45654"}],"wp:term":[{"taxonomy":"category","embeddable":true,"href":"https:\/\/guialimeira.com.br\/news\/wp-json\/wp\/v2\/categories?post=45654"},{"taxonomy":"post_tag","embeddable":true,"href":"https:\/\/guialimeira.com.br\/news\/wp-json\/wp\/v2\/tags?post=45654"}],"curies":[{"name":"wp","href":"https:\/\/api.w.org\/{rel}","templated":true}]}}