{"id":45648,"date":"2025-09-23T12:40:26","date_gmt":"2025-09-23T15:40:26","guid":{"rendered":"https:\/\/guialimeira.com.br\/?p=45648"},"modified":"2025-09-23T12:40:26","modified_gmt":"2025-09-23T15:40:26","slug":"cordeiropolis-tera-curso-gratuito-de-empreendedorismo-feminino-com-inicio-em-outubro-prefeitura-municipal-de-cordeiropolis","status":"publish","type":"post","link":"https:\/\/guialimeira.com.br\/news\/cordeiropolis-tera-curso-gratuito-de-empreendedorismo-feminino-com-inicio-em-outubro-prefeitura-municipal-de-cordeiropolis\/","title":{"rendered":"Cordeir\u00f3polis ter\u00e1 curso gratuito de Empreendedorismo Feminino com in\u00edcio em outubro \u2013 Prefeitura Municipal de Cordeir\u00f3polis"},"content":{"rendered":"<p> <br \/>\n<\/p>\n<div>\n<p>Est\u00e3o abertas as inscri\u00e7\u00f5es para o curso gratuito \u201cEmpreendedorismo Feminino \u2013 Empreender e Crescer\u201d, destinado a mulheres de Cordeir\u00f3polis que desejam iniciar ou fortalecer o pr\u00f3prio neg\u00f3cio. A iniciativa \u00e9 da Escola Legislativa da C\u00e2mara Municipal e conta com o apoio da Prefeitura de Cordeir\u00f3polis. A mentora de empres\u00e1rias, Andreza Leite, ser\u00e1 a respons\u00e1vel pelo curso.<\/p>\n<p>A capacita\u00e7\u00e3o ter\u00e1 in\u00edcio em 6 de outubro, com aulas presenciais realizadas na pr\u00f3pria C\u00e2mara Municipal. A programa\u00e7\u00e3o inclui seis encontros semanais, sempre \u00e0s segundas-feiras, das 18h45 \u00e0s 21h. A iniciativa busca estimular o empreendedorismo feminino, com ferramentas pr\u00e1ticas e te\u00f3ricas para o desenvolvimento de novos neg\u00f3cios e a consolida\u00e7\u00e3o de iniciativas j\u00e1 existentes.<\/p>\n<p>As inscri\u00e7\u00f5es podem ser feitas at\u00e9 o dia 30 de setembro pelo site da C\u00e2mara: <a href=\"https:\/\/www.camaracordeiropolis.sp.gov.br\/Escola\" rel=\"noopener\">www.camaracordeiropolis.sp.gov.br\/Escola<\/a>. As vagas s\u00e3o limitadas.<\/p>\n<\/p><\/div>\n<p><br \/>\n<br \/><a href=\"https:\/\/www.cordeiropolis.sp.gov.br\/cordeiropolis-tera-curso-gratuito-de-empreendedorismo-feminino-com-inicio-em-outubro\/\" rel=\"noopener\">Informa\u00e7\u00f5es Cordeir\u00f3polis <\/a><\/p>\n","protected":false},"excerpt":{"rendered":"<p>Est\u00e3o abertas as inscri\u00e7\u00f5es para o curso gratuito \u201cEmpreendedorismo Feminino \u2013 Empreender e Crescer\u201d, destinado a mulheres de Cordeir\u00f3polis que desejam iniciar ou fortalecer o pr\u00f3prio neg\u00f3cio. A iniciativa \u00e9 da Escola Legislativa da C\u00e2mara Municipal e conta com o apoio da Prefeitura de Cordeir\u00f3polis. A mentora de empres\u00e1rias, Andreza Leite, ser\u00e1 a respons\u00e1vel pelo [&hellip;]<\/p>\n","protected":false},"author":1,"featured_media":0,"comment_status":"open","ping_status":"open","sticky":false,"template":"","format":"standard","meta":{"_jetpack_newsletter_access":"","_jetpack_dont_email_post_to_subs":false,"_jetpack_newsletter_tier_id":0,"_jetpack_memberships_contains_paywalled_content":false,"_mbp_banners":[],"_jetpack_feature_clip_id":0,"_jetpack_memberships_contains_paid_content":false,"footnotes":"","jetpack_publicize_message":"","jetpack_publicize_feature_enabled":true,"jetpack_social_post_already_shared":true,"jetpack_social_options":{"image_generator_settings":{"template":"highway","default_image_id":0,"font":"","enabled":false},"version":2},"jetpack_post_was_ever_published":false},"categories":[20],"tags":[],"class_list":["post-45648","post","type-post","status-publish","format-standard","category-regiao"],"jetpack_publicize_connections":[],"jetpack-related-posts":[],"jetpack_shortlink":"https:\/\/wp.me\/p7Eq1F-bSg","jetpack_sharing_enabled":true,"jetpack_featured_media_url":"","_links":{"self":[{"href":"https:\/\/guialimeira.com.br\/news\/wp-json\/wp\/v2\/posts\/45648","targetHints":{"allow":["GET"]}}],"collection":[{"href":"https:\/\/guialimeira.com.br\/news\/wp-json\/wp\/v2\/posts"}],"about":[{"href":"https:\/\/guialimeira.com.br\/news\/wp-json\/wp\/v2\/types\/post"}],"author":[{"embeddable":true,"href":"https:\/\/guialimeira.com.br\/news\/wp-json\/wp\/v2\/users\/1"}],"replies":[{"embeddable":true,"href":"https:\/\/guialimeira.com.br\/news\/wp-json\/wp\/v2\/comments?post=45648"}],"version-history":[{"count":1,"href":"https:\/\/guialimeira.com.br\/news\/wp-json\/wp\/v2\/posts\/45648\/revisions"}],"predecessor-version":[{"id":45649,"href":"https:\/\/guialimeira.com.br\/news\/wp-json\/wp\/v2\/posts\/45648\/revisions\/45649"}],"wp:attachment":[{"href":"https:\/\/guialimeira.com.br\/news\/wp-json\/wp\/v2\/media?parent=45648"}],"wp:term":[{"taxonomy":"category","embeddable":true,"href":"https:\/\/guialimeira.com.br\/news\/wp-json\/wp\/v2\/categories?post=45648"},{"taxonomy":"post_tag","embeddable":true,"href":"https:\/\/guialimeira.com.br\/news\/wp-json\/wp\/v2\/tags?post=45648"}],"curies":[{"name":"wp","href":"https:\/\/api.w.org\/{rel}","templated":true}]}}