{"id":4561,"date":"2024-05-10T18:35:05","date_gmt":"2024-05-10T21:35:05","guid":{"rendered":"https:\/\/guialimeira.com.br\/2024\/05\/10\/drive-recebe-neste-sabado-doacoes-para-rs-primeira-carreta-com-12-toneladas-de-produtos-ja-foi-encaminhada\/"},"modified":"2024-05-10T18:35:05","modified_gmt":"2024-05-10T21:35:05","slug":"drive-recebe-neste-sabado-doacoes-para-rs-primeira-carreta-com-12-toneladas-de-produtos-ja-foi-encaminhada","status":"publish","type":"post","link":"https:\/\/guialimeira.com.br\/news\/drive-recebe-neste-sabado-doacoes-para-rs-primeira-carreta-com-12-toneladas-de-produtos-ja-foi-encaminhada\/","title":{"rendered":"Drive recebe neste s\u00e1bado doa\u00e7\u00f5es para RS; primeira carreta com 12 toneladas de produtos j\u00e1 foi encaminhada"},"content":{"rendered":"<p> <br \/>\n<\/p>\n<div>\n            <main class=\"\">&#13;<br \/>\n                &#13;<br \/>\n&#13;<br \/>\n&#13;<br \/>\n&#13;<br \/>\n    <img data-recalc-dims=\"1\" decoding=\"async\" src=\"https:\/\/i0.wp.com\/ecrie.com.br\/sistema\/conteudos\/imagem\/m_137_0_1_04052024143014.jpg?w=696&#038;ssl=1\" alt=\"Drive recebe neste s\u00e1bado doa\u00e7\u00f5es para RS; primeira carreta com 12 toneladas de produtos j\u00e1 foi encaminhada\"\/>&#13;<br \/>\n&#13;<\/p>\n<p>O Fundo Social de Limeira ter\u00e1 um drive-thru especial neste s\u00e1bado (11), na Pra\u00e7a Toledo Barros, para atender as v\u00edtimas das enchentes no Rio Grande do Sul. Volunt\u00e1rios estar\u00e3o a postos, das 8h \u00e0s 12h, para arrecadar prioritariamente \u00e1gua e produtos de higiene pessoal e de limpeza. O drive tamb\u00e9m receber\u00e1 colch\u00f5es, alimentos e roupas.<\/p>\n<p>&#13;<\/p>\n<p>Hoje (10), o primeiro lote com 12 toneladas de produtos arrecadados na campanha\u00a0\u201cLimeira Solid\u00e1ria &#8211; Solidariedade Sem Fronteiras\u201d\u00a0foi encaminhado ao Governo Estadual. \u00c1gua, itens de higiene pessoal e limpeza, alimentos e ra\u00e7\u00e3o animal foram doados pela popula\u00e7\u00e3o durante a semana, nos postos de arrecada\u00e7\u00e3o montados em Unidades B\u00e1sicas de Sa\u00fade (UBSs), Centros Comunit\u00e1rios e em dois pontos de drive-thru, na sede do Pa\u00e7o Municipal e na Pra\u00e7a Toledo Barros.<\/p>\n<p>&#13;<\/p>\n<p>Com aux\u00edlio dos atiradores do Tiro de Guerra, todo o volume foi levado a uma das empresas que apoiam a iniciativa, a Ripack. L\u00e1, os produtos foram embalados, acondicionados em uma carreta e despachados pela empresa at\u00e9 a Capital. De S\u00e3o Paulo, os itens seguem em comboio at\u00e9 os desabrigados no Sul do pa\u00eds. \u201cGostaria de agradecer a todos os envolvidos nessa campanha, \u00e9 a Solidariedade sem Fronteiras\u201d, destacou a presidente do Fundo Social, Roberta Botion.<\/p>\n<p>&#13;<\/p>\n<p>A campanha \u201cLimeira Solid\u00e1ria\u201d continua na pr\u00f3xima semana, com pontos de coleta nas Unidades B\u00e1sicas de Sa\u00fade (UBSs), Centros Comunit\u00e1rios e no drive da Toledo Barros. O drive ao lado da Secretaria de Sa\u00fade, no Pa\u00e7o Municipal, deixar\u00e1 de operar. \u00a0<\/p>\n<p>&#13;<br \/>\n&#13;<br \/>\n&#13;<br \/>\n&#13;<\/p>\n<aside class=\"list-related no-print\">&#13;<br \/>\n        &#13;<br \/>\n&#13;<\/p>\n<article class=\"list-item noticias \">&#13;<br \/>\n                    <a class=\"list-item__img\" href=\"https:\/\/limeira.sp.gov.br\/imprensa\/noticias\/fundo-social-de-limeira\/primeira-remessa-de-doacoes-da-campanha-limeira-solidaria-sera-entregue-na-sexta-10\" tabindex=\"-1\" aria-hidden=\"true\" rel=\"noopener\">&#13;<br \/>\n                        <img data-recalc-dims=\"1\" decoding=\"async\" src=\"https:\/\/i0.wp.com\/ecrie.com.br\/sistema\/conteudos\/imagem\/m_137_0_1_07052024170142.jpg?w=696&#038;ssl=1\" alt=\"Primeira remessa de doa\u00e7\u00f5es da campanha \u201cLimeira Solid\u00e1ria\u201d ser\u00e1 entregue na sexta (10)\"\/>&#13;<br \/>\n                    <\/a>&#13;<br \/>\n&#13;<br \/>\n                &#13;<br \/>\n            <\/article>\n<p>&#13;<\/p>\n<article class=\"list-item noticias \">&#13;<br \/>\n                    <a class=\"list-item__img\" href=\"https:\/\/limeira.sp.gov.br\/imprensa\/noticias\/fundo-social-de-limeira\/espaco-do-bem-oferece-curso-de-croche-cachepos-bolsa-e-amigurumi\" tabindex=\"-1\" aria-hidden=\"true\" rel=\"noopener\">&#13;<br \/>\n                        <img data-recalc-dims=\"1\" decoding=\"async\" src=\"https:\/\/i0.wp.com\/ecrie.com.br\/sistema\/conteudos\/imagem\/m_137_0_1_07052024161500.jpg?w=696&#038;ssl=1\" alt=\"Espa\u00e7o do Bem oferece curso de croch\u00ea, cachep\u00f4s, bolsa e Amigurumi\"\/>&#13;<br \/>\n                    <\/a>&#13;<br \/>\n&#13;<br \/>\n                &#13;<br \/>\n            <\/article>\n<p>&#13;<\/p>\n<article class=\"list-item noticias \">&#13;<br \/>\n                    <a class=\"list-item__img\" href=\"https:\/\/limeira.sp.gov.br\/imprensa\/noticias\/fundo-social-de-limeira\/drive-thru-da-campanha-do-agasalho-e-adiado-para-proxima-semana\" tabindex=\"-1\" aria-hidden=\"true\" rel=\"noopener\">&#13;<br \/>\n                        <img data-recalc-dims=\"1\" decoding=\"async\" src=\"https:\/\/i0.wp.com\/ecrie.com.br\/sistema\/conteudos\/imagem\/m_137_0_1_07052024151530.jpg?w=696&#038;ssl=1\" alt=\"Drive-thru da Campanha do Agasalho \u00e9 adiado para pr\u00f3xima semana\"\/>&#13;<br \/>\n                    <\/a>&#13;<br \/>\n&#13;<br \/>\n                &#13;<br \/>\n            <\/article>\n<p>&#13;<br \/>\n    <\/aside>\n<p>&#13;<br \/>\n&#13;<br \/>\n            <\/main><\/p><\/div>\n<p><br \/>\n<br \/><a href=\"https:\/\/limeira.sp.gov.br\/drive-recebe-neste-sabado-doacoes-para-rs-primeira-carreta-com-12-toneladas-de-produtos-ja-foi-encaminhada\" rel=\"noopener\">Informa\u00e7\u00f5es da PML <\/a><\/p>\n","protected":false},"excerpt":{"rendered":"<p>&#13; &#13; &#13; &#13; &#13; &#13; &#13; O Fundo Social de Limeira ter\u00e1 um drive-thru especial neste s\u00e1bado (11), na Pra\u00e7a Toledo Barros, para atender as v\u00edtimas das enchentes no Rio Grande do Sul. Volunt\u00e1rios estar\u00e3o a postos, das 8h \u00e0s 12h, para arrecadar prioritariamente \u00e1gua e produtos de higiene pessoal e de limpeza. O [&hellip;]<\/p>\n","protected":false},"author":1,"featured_media":3773,"comment_status":"open","ping_status":"open","sticky":false,"template":"","format":"standard","meta":{"_jetpack_newsletter_access":"","_jetpack_dont_email_post_to_subs":false,"_jetpack_newsletter_tier_id":0,"_jetpack_memberships_contains_paywalled_content":false,"_mbp_banners":[],"_jetpack_feature_clip_id":0,"_jetpack_memberships_contains_paid_content":false,"footnotes":"","jetpack_publicize_message":"","jetpack_publicize_feature_enabled":true,"jetpack_social_post_already_shared":true,"jetpack_social_options":{"image_generator_settings":{"template":"highway","default_image_id":0,"font":"","enabled":false},"version":2},"jetpack_post_was_ever_published":false},"categories":[16],"tags":[],"class_list":["post-4561","post","type-post","status-publish","format-standard","has-post-thumbnail","category-local"],"jetpack_publicize_connections":[],"jetpack-related-posts":[],"jetpack_shortlink":"https:\/\/wp.me\/p7Eq1F-1bz","jetpack_sharing_enabled":true,"jetpack_featured_media_url":"https:\/\/i0.wp.com\/guialimeira.com.br\/news\/wp-content\/uploads\/2024\/05\/m_137_0_1_04052024143014.jpg?fit=1600%2C900&ssl=1","_links":{"self":[{"href":"https:\/\/guialimeira.com.br\/news\/wp-json\/wp\/v2\/posts\/4561","targetHints":{"allow":["GET"]}}],"collection":[{"href":"https:\/\/guialimeira.com.br\/news\/wp-json\/wp\/v2\/posts"}],"about":[{"href":"https:\/\/guialimeira.com.br\/news\/wp-json\/wp\/v2\/types\/post"}],"author":[{"embeddable":true,"href":"https:\/\/guialimeira.com.br\/news\/wp-json\/wp\/v2\/users\/1"}],"replies":[{"embeddable":true,"href":"https:\/\/guialimeira.com.br\/news\/wp-json\/wp\/v2\/comments?post=4561"}],"version-history":[{"count":0,"href":"https:\/\/guialimeira.com.br\/news\/wp-json\/wp\/v2\/posts\/4561\/revisions"}],"wp:featuredmedia":[{"embeddable":true,"href":"https:\/\/guialimeira.com.br\/news\/wp-json\/wp\/v2\/media\/3773"}],"wp:attachment":[{"href":"https:\/\/guialimeira.com.br\/news\/wp-json\/wp\/v2\/media?parent=4561"}],"wp:term":[{"taxonomy":"category","embeddable":true,"href":"https:\/\/guialimeira.com.br\/news\/wp-json\/wp\/v2\/categories?post=4561"},{"taxonomy":"post_tag","embeddable":true,"href":"https:\/\/guialimeira.com.br\/news\/wp-json\/wp\/v2\/tags?post=4561"}],"curies":[{"name":"wp","href":"https:\/\/api.w.org\/{rel}","templated":true}]}}