{"id":4554,"date":"2024-05-10T18:20:04","date_gmt":"2024-05-10T21:20:04","guid":{"rendered":"https:\/\/guialimeira.com.br\/2024\/05\/10\/ministerio-do-esporte-solicita-que-cbf-pare-o-campeonato-brasileiro\/"},"modified":"2024-05-10T18:20:04","modified_gmt":"2024-05-10T21:20:04","slug":"ministerio-do-esporte-solicita-que-cbf-pare-o-campeonato-brasileiro","status":"publish","type":"post","link":"https:\/\/guialimeira.com.br\/news\/ministerio-do-esporte-solicita-que-cbf-pare-o-campeonato-brasileiro\/","title":{"rendered":"Minist\u00e9rio do Esporte solicita que CBF pare o Campeonato Brasileiro"},"content":{"rendered":"<p> <br \/>\n<\/p>\n<div>\n<p>O Minist\u00e9rio do Esporte fez um pedido formal \u00e0 Confedera\u00e7\u00e3o Brasileira de Futebol (CBF) para que o Campeonato Brasileiro seja adiado por causa das consequ\u00eancias das fortes chuvas que atingem o Rio Grande do Sul desde o dia 26 de abril. A solicita\u00e7\u00e3o foi realizada atrav\u00e9s de um of\u00edcio, assinado pelo ministro Andr\u00e9 Fufuca e enviado \u00e0 entidade m\u00e1xima do futebol brasileiro na tarde desta sexta-feira (10).<img data-recalc-dims=\"1\" decoding=\"async\" src=\"https:\/\/i0.wp.com\/agenciabrasil.ebc.com.br\/ebc.png?w=696&#038;ssl=1\" style=\"width:1px; height:1px; display:inline;\"\/><img data-recalc-dims=\"1\" decoding=\"async\" src=\"https:\/\/i0.wp.com\/agenciabrasil.ebc.com.br\/ebc.gif?w=696&#038;ssl=1\" style=\"width:1px; height:1px; display:inline;\"\/><\/p>\n<p>\u201cSolicito que seja realizada a paralisa\u00e7\u00e3o do Campeonato Brasileiro de Futebol. Diante da cat\u00e1strofe que se segue, a solicita\u00e7\u00e3o se faz necess\u00e1ria muito al\u00e9m dos est\u00e1dios de futebol, campos de treinamento, concentra\u00e7\u00e3o e local f\u00edsico onde todos envolvidos no esporte circulam, mas por todas as pessoas, familiares e seus entes que se doam neste momento na sobreviv\u00eancia e reconstru\u00e7\u00e3o de casas e tudo mais afetado\u201d, diz o of\u00edcio.<\/p>\n<p>Em sua mensagem, o Minist\u00e9rio do Esporte cita o fato de o Rio Grande do Sul enfrentar uma \u201ctrag\u00e9dia\u201d que mobiliza todo o pa\u00eds, que est\u00e1 \u201cenvolvido no apoio aos jogadores e familiares, bem como a toda a popula\u00e7\u00e3o daquela regi\u00e3o\u201d.<\/p>\n<p>Segundo a Defesa Civil estadual, as fortes chuvas que atingem o Rio Grande do Sul j\u00e1 deixaram um saldo de 116 pessoas mortas, com cerca de 1,9 milh\u00e3o de pessoas de alguma forma afetadas em 437 cidades. Em todo o estado, ao menos 337.346 pessoas desalojadas tiveram que, em algum momento, buscar abrigo nas resid\u00eancias de familiares ou amigos. Outras 70.772 pessoas ficaram desabrigadas, ou seja, sem ter para onde ir, e precisaram se refugiar em abrigos p\u00fablicos ou de institui\u00e7\u00f5es assistenciais.<\/p>\n<\/p><\/div>\n<p><br \/>\n<br \/><a href=\"https:\/\/agenciabrasil.ebc.com.br\/esportes\/noticia\/2024-05\/ministerio-do-esporte-solicita-que-cbf-pare-o-campeonato-brasileiro\" rel=\"noopener\">Ag\u00eancia Brasil<\/a><\/p>\n","protected":false},"excerpt":{"rendered":"<p>O Minist\u00e9rio do Esporte fez um pedido formal \u00e0 Confedera\u00e7\u00e3o Brasileira de Futebol (CBF) para que o Campeonato Brasileiro seja adiado por causa das consequ\u00eancias das fortes chuvas que atingem o Rio Grande do Sul desde o dia 26 de abril. A solicita\u00e7\u00e3o foi realizada atrav\u00e9s de um of\u00edcio, assinado pelo ministro Andr\u00e9 Fufuca e [&hellip;]<\/p>\n","protected":false},"author":1,"featured_media":4555,"comment_status":"open","ping_status":"open","sticky":false,"template":"","format":"standard","meta":{"_jetpack_newsletter_access":"","_jetpack_dont_email_post_to_subs":false,"_jetpack_newsletter_tier_id":0,"_jetpack_memberships_contains_paywalled_content":false,"_mbp_banners":[],"_jetpack_feature_clip_id":0,"_jetpack_memberships_contains_paid_content":false,"footnotes":"","jetpack_publicize_message":"","jetpack_publicize_feature_enabled":true,"jetpack_social_post_already_shared":true,"jetpack_social_options":{"image_generator_settings":{"template":"highway","default_image_id":0,"font":"","enabled":false},"version":2},"jetpack_post_was_ever_published":false},"categories":[23],"tags":[],"class_list":["post-4554","post","type-post","status-publish","format-standard","has-post-thumbnail","category-esportes"],"jetpack_publicize_connections":[],"jetpack-related-posts":[],"jetpack_shortlink":"https:\/\/wp.me\/p7Eq1F-1bs","jetpack_sharing_enabled":true,"jetpack_featured_media_url":"https:\/\/i0.wp.com\/guialimeira.com.br\/news\/wp-content\/uploads\/2024\/05\/arena_gremio_alagada_porto_alegre.jpg?fit=1600%2C800&ssl=1","_links":{"self":[{"href":"https:\/\/guialimeira.com.br\/news\/wp-json\/wp\/v2\/posts\/4554","targetHints":{"allow":["GET"]}}],"collection":[{"href":"https:\/\/guialimeira.com.br\/news\/wp-json\/wp\/v2\/posts"}],"about":[{"href":"https:\/\/guialimeira.com.br\/news\/wp-json\/wp\/v2\/types\/post"}],"author":[{"embeddable":true,"href":"https:\/\/guialimeira.com.br\/news\/wp-json\/wp\/v2\/users\/1"}],"replies":[{"embeddable":true,"href":"https:\/\/guialimeira.com.br\/news\/wp-json\/wp\/v2\/comments?post=4554"}],"version-history":[{"count":0,"href":"https:\/\/guialimeira.com.br\/news\/wp-json\/wp\/v2\/posts\/4554\/revisions"}],"wp:featuredmedia":[{"embeddable":true,"href":"https:\/\/guialimeira.com.br\/news\/wp-json\/wp\/v2\/media\/4555"}],"wp:attachment":[{"href":"https:\/\/guialimeira.com.br\/news\/wp-json\/wp\/v2\/media?parent=4554"}],"wp:term":[{"taxonomy":"category","embeddable":true,"href":"https:\/\/guialimeira.com.br\/news\/wp-json\/wp\/v2\/categories?post=4554"},{"taxonomy":"post_tag","embeddable":true,"href":"https:\/\/guialimeira.com.br\/news\/wp-json\/wp\/v2\/tags?post=4554"}],"curies":[{"name":"wp","href":"https:\/\/api.w.org\/{rel}","templated":true}]}}