{"id":45535,"date":"2025-09-22T16:15:51","date_gmt":"2025-09-22T19:15:51","guid":{"rendered":"https:\/\/guialimeira.com.br\/?p=45535"},"modified":"2025-09-22T16:15:51","modified_gmt":"2025-09-22T19:15:51","slug":"ex-prefeito-amarildo-zorzo-assume-seguranca-publica-carlos-avi-deixa-o-cargo-por-razoes-pessoais-prefeitura-municipal-de-cordeiropolis","status":"publish","type":"post","link":"https:\/\/guialimeira.com.br\/news\/ex-prefeito-amarildo-zorzo-assume-seguranca-publica-carlos-avi-deixa-o-cargo-por-razoes-pessoais-prefeitura-municipal-de-cordeiropolis\/","title":{"rendered":"Ex-prefeito Amarildo Zorzo assume Seguran\u00e7a P\u00fablica; Carlos Avi deixa o cargo por raz\u00f5es pessoais \u2013 Prefeitura Municipal de Cordeir\u00f3polis"},"content":{"rendered":"<p> <br \/>\n<\/p>\n<div>\n<p>O secret\u00e1rio de Seguran\u00e7a P\u00fablica e Tr\u00e2nsito de Cordeir\u00f3polis, Carlos Alberto Avi, deixou a pasta por decis\u00e3o pessoal. No seu lugar, assumir\u00e1 o ex-prefeito de Cordeir\u00f3polis, Amarildo Zorzo. A troca foi anunciada nesta segunda-feira (22) pela prefeita Cristina Saad e pelo vice-prefeito Anderson Hespanhol Pique durante reuni\u00e3o no Gabinete.<\/p>\n<p>\u201cAgrade\u00e7o o trabalho do secret\u00e1rio Avi e respeito sua decis\u00e3o de deixar a secretaria para se dedicar a quest\u00f5es particulares. Ele sai de portas abertas e ser\u00e1 sempre bem-vindo ao time. Ao sempre prefeito Amarildo Zorzo desejo boas-vindas \u00e0 nossa equipe e que ele tenha muito sucesso \u00e0 frente dessa pasta importante\u201d, afirmou a prefeita.<\/p>\n<p>Zorzo \u00e9 empres\u00e1rio e foi prefeito de Cordeir\u00f3polis entre 2013 e 2016. Durante sua gest\u00e3o, foi respons\u00e1vel por ampliar a muralha digital, refor\u00e7ar a Guarda Civil Municipal (GCM) com novas viaturas e integrar o trabalho da GCM com a Pol\u00edcia Civil e a Pol\u00edcia Militar. Em outras \u00e1reas, deu in\u00edcio \u00e0s obras da Esta\u00e7\u00e3o de Tratamento de Esgoto (ETE), da Esta\u00e7\u00e3o de Tratamento de \u00c1gua (ETA) e do anel vi\u00e1rio.<\/p>\n<\/p><\/div>\n<p><br \/>\n<br \/><a href=\"https:\/\/www.cordeiropolis.sp.gov.br\/ex-prefeito-amarildo-zorzo-assume-seguranca-publica-carlos-avi-deixa-o-cargo-por-razoes-pessoais\/\" rel=\"noopener\">Informa\u00e7\u00f5es Cordeir\u00f3polis <\/a><\/p>\n","protected":false},"excerpt":{"rendered":"<p>O secret\u00e1rio de Seguran\u00e7a P\u00fablica e Tr\u00e2nsito de Cordeir\u00f3polis, Carlos Alberto Avi, deixou a pasta por decis\u00e3o pessoal. No seu lugar, assumir\u00e1 o ex-prefeito de Cordeir\u00f3polis, Amarildo Zorzo. A troca foi anunciada nesta segunda-feira (22) pela prefeita Cristina Saad e pelo vice-prefeito Anderson Hespanhol Pique durante reuni\u00e3o no Gabinete. \u201cAgrade\u00e7o o trabalho do secret\u00e1rio Avi [&hellip;]<\/p>\n","protected":false},"author":1,"featured_media":0,"comment_status":"open","ping_status":"open","sticky":false,"template":"","format":"standard","meta":{"_jetpack_newsletter_access":"","_jetpack_dont_email_post_to_subs":false,"_jetpack_newsletter_tier_id":0,"_jetpack_memberships_contains_paywalled_content":false,"_mbp_banners":[],"_jetpack_feature_clip_id":0,"_jetpack_memberships_contains_paid_content":false,"footnotes":"","jetpack_publicize_message":"","jetpack_publicize_feature_enabled":true,"jetpack_social_post_already_shared":true,"jetpack_social_options":{"image_generator_settings":{"template":"highway","default_image_id":0,"font":"","enabled":false},"version":2},"jetpack_post_was_ever_published":false},"categories":[20],"tags":[],"class_list":["post-45535","post","type-post","status-publish","format-standard","category-regiao"],"jetpack_publicize_connections":[],"jetpack-related-posts":[],"jetpack_shortlink":"https:\/\/wp.me\/p7Eq1F-bQr","jetpack_sharing_enabled":true,"jetpack_featured_media_url":"","_links":{"self":[{"href":"https:\/\/guialimeira.com.br\/news\/wp-json\/wp\/v2\/posts\/45535","targetHints":{"allow":["GET"]}}],"collection":[{"href":"https:\/\/guialimeira.com.br\/news\/wp-json\/wp\/v2\/posts"}],"about":[{"href":"https:\/\/guialimeira.com.br\/news\/wp-json\/wp\/v2\/types\/post"}],"author":[{"embeddable":true,"href":"https:\/\/guialimeira.com.br\/news\/wp-json\/wp\/v2\/users\/1"}],"replies":[{"embeddable":true,"href":"https:\/\/guialimeira.com.br\/news\/wp-json\/wp\/v2\/comments?post=45535"}],"version-history":[{"count":1,"href":"https:\/\/guialimeira.com.br\/news\/wp-json\/wp\/v2\/posts\/45535\/revisions"}],"predecessor-version":[{"id":45536,"href":"https:\/\/guialimeira.com.br\/news\/wp-json\/wp\/v2\/posts\/45535\/revisions\/45536"}],"wp:attachment":[{"href":"https:\/\/guialimeira.com.br\/news\/wp-json\/wp\/v2\/media?parent=45535"}],"wp:term":[{"taxonomy":"category","embeddable":true,"href":"https:\/\/guialimeira.com.br\/news\/wp-json\/wp\/v2\/categories?post=45535"},{"taxonomy":"post_tag","embeddable":true,"href":"https:\/\/guialimeira.com.br\/news\/wp-json\/wp\/v2\/tags?post=45535"}],"curies":[{"name":"wp","href":"https:\/\/api.w.org\/{rel}","templated":true}]}}