{"id":4540,"date":"2024-05-10T16:33:16","date_gmt":"2024-05-10T19:33:16","guid":{"rendered":"https:\/\/guialimeira.com.br\/2024\/05\/10\/com-260-inscritos-jogos-adaptados-sao-abertos-no-vo-lucato\/"},"modified":"2024-05-10T16:33:16","modified_gmt":"2024-05-10T19:33:16","slug":"com-260-inscritos-jogos-adaptados-sao-abertos-no-vo-lucato","status":"publish","type":"post","link":"https:\/\/guialimeira.com.br\/news\/com-260-inscritos-jogos-adaptados-sao-abertos-no-vo-lucato\/","title":{"rendered":"Com 260 inscritos, Jogos Adaptados s\u00e3o abertos no V\u00f4 Lucato"},"content":{"rendered":"<p> <br \/>\n<\/p>\n<div id=\"\">&#13;<br \/>\n                &#13;<br \/>\n&#13;<br \/>\n&#13;<br \/>\n&#13;<br \/>\n    <img data-recalc-dims=\"1\" decoding=\"async\" src=\"https:\/\/i0.wp.com\/ecrie.com.br\/sistema\/conteudos\/imagem\/m_137_0_1_10052024153345.jpg?w=696&#038;ssl=1\" alt=\"Com 260 inscritos, Jogos Adaptados s\u00e3o abertos no V\u00f4 Lucato\"\/>&#13;<br \/>\n&#13;<\/p>\n<p>Est\u00e3o abertos os Jogos Municipais Adaptados\u00a0&#8211; Edi\u00e7\u00e3o 2024. A cerim\u00f4nia que deu in\u00edcio \u00e0s competi\u00e7\u00f5es ocorreu no V\u00f4 Lucato e contou com a presen\u00e7a do prefeito Mario Botion, da vice-prefeita Erika Tank, da vereadora Lu Bogo, do chefe do Setor de Garantias de Direitos das Pessoas com Defici\u00eancia, Douglas Aparecido Antonio\u00a0&#8211; o Robinho, e do coordenador do Programa de Esportes Adaptados\u00a0(Proesa) da Secretaria de Esporte e Lazer, Diego Campos.\u00a0<\/p>\n<p>&#13;<\/p>\n<p>Botion observou que o n\u00famero de atletas inscritos nos Jogos Adaptados saltou de 130, no in\u00edcio de sua gest\u00e3o, para 260. \u201cIsso mostra a grandeza dessa iniciativa, que est\u00e1 vinculada ao prop\u00f3sito da inclus\u00e3o\u201d, enfatizou. \u201cAgrade\u00e7o aos atletas, familiares e profissionais que se dedicam ao esporte\u201d, completou o prefeito.<\/p>\n<p>&#13;<\/p>\n<p>Erika Tank parabenizou a equipe da prefeitura envolvida na organiza\u00e7\u00e3o dos Jogos Adaptados, que re\u00fanem as modalidades de t\u00eanis de mesa, atletismo, ciclismo adaptado, gin\u00e1stica r\u00edtmica, nata\u00e7\u00e3o e futsal. \u201cEsse \u00e9 um trabalho muito importante, pelo qual a Administra\u00e7\u00e3o Municipal tem um carinho todo especial\u201d, mencionou a vice-prefeita.<\/p>\n<p>&#13;<\/p>\n<p>Neste ano, o evento recebe atletas de 18 escolas municipais e institui\u00e7\u00f5es limeirenses que desfilaram na abertura dos jogos. Maria Clara, de 9 anos, desfilou pelo Proesa. A m\u00e3e da atleta, Eliane Ribeiro, de 41, disse que a filha ingressou nas aulas de ciclismo adaptado, oferecidas pelo programa, no in\u00edcio do ano. \u201cEla est\u00e1 amando\u201d, afirmou. \u201cVejo grande evolu\u00e7\u00e3o na postura e no equil\u00edbrio, ela j\u00e1 consegue pedalar sozinha\u201d, salientou.<\/p>\n<p>&#13;<\/p>\n<p>Ap\u00f3s a entrada das delega\u00e7\u00f5es, houve o momento mais esperado da cerim\u00f4nia, a chegada da chama s\u00edmbolo do Jogos Adaptados. Ela foi trazida pela atleta Raquel da Silva de Jesus, da Emeief\u00a0Prof\u00aa\u00a0Raquel Ap. Gon\u00e7alves Franceschi, passada a Diego Janu\u00e1rio Gutierrez,\u00a0da Aril, a Augusto da Silva Oliveira, do Centro Educacional Jo\u00e3o Fischer Sobrinho, e finalmente, foi entregue ao atleta Muryllo Gon\u00e7alves,\u00a0da Associa\u00e7\u00e3o Limeirense de Autismo Mundo Melhor\u00a0(Alamm).<\/p>\n<p>&#13;<\/p>\n<p>Os atletas fizeram o juramento, sob a condu\u00e7\u00e3o de\u00a0Lorena Almeida, do Centro Educacional Jo\u00e3o Fischer\u00a0Sobrinho, do Ceprosom. \u201cO juramento simboliza o compromisso do esp\u00edrito de lealdade\u201d, afirmou o diretor de Esporte e Lazer, Emerson Ricardo S\u00e9rgio.<\/p>\n<p>&#13;<\/p>\n<p>Na segunda parte do evento, houve apresenta\u00e7\u00e3o das atletas do Proesa, entre elas, B\u00e1rbara Fernandes, Erika Raiza Coimbra\u00a0e Luiza Zanetti Sampaio. O p\u00fablico tamb\u00e9m vibrou com o grupo Down Dance, da Associa\u00e7\u00e3o Amigos Especiais de Limeira (AEL), e ainda, com os atletas da Associa\u00e7\u00e3o Integrada de Deficientes e\u00a0Amigos (Ainda) e do Jo\u00e3o Fischer.<\/p>\n<p>&#13;<\/p>\n<p>\u00a0<\/p>\n<p>&#13;<\/p>\n<p><strong>Confira a programa\u00e7\u00e3o dos Jogos Adaptados 2024 para a pr\u00f3xima semana:<\/strong><\/p>\n<p>&#13;<\/p>\n<p>Segunda-feira (13) &#8211;\u00a0T\u00eanis de Mesa, no Nosso Clube\u00a0(manh\u00e3)<br \/>Ter\u00e7a-feira (14) &#8211; Atletismo, no Sesi\u00a0(manh\u00e3)<br \/>Quarta-feira (15) &#8211; Ciclismo, no Parque Cidade\u00a0(manh\u00e3)<br \/>Quinta-feira (16) &#8211; Gin\u00e1stica R\u00edtmica\u00a0&#8211; V\u00f4 Lucato\u00a0(manh\u00e3) \/\/ Futsal, V\u00f4 Lucato\u00a0(tarde)<br \/>Sexta-feira (17) &#8211; Nata\u00e7\u00e3o, no Nosso Clube\u00a0(manh\u00e3)<\/p>\n<p>&#13;<br \/>\n&#13;<br \/>\n&#13;<br \/>\n&#13;<\/p>\n<aside class=\"list-related no-print\">&#13;<br \/>\n        &#13;<br \/>\n&#13;<\/p>\n<article class=\"list-item noticias \">&#13;<br \/>\n                    <a class=\"list-item__img\" href=\"https:\/\/limeira.sp.gov.br\/imprensa\/noticias\/gabinete-do-prefeito\/estado-repassa-r-8-milhoes-e-prefeitura-fara-o-recapeamento-de-36-vias-do-municipio\" tabindex=\"-1\" aria-hidden=\"true\" rel=\"noopener\">&#13;<br \/>\n                        <img data-recalc-dims=\"1\" decoding=\"async\" src=\"https:\/\/i0.wp.com\/ecrie.com.br\/sistema\/conteudos\/imagem\/m_137_0_1_09052024165815.jpg?w=696&#038;ssl=1\" alt=\"Estado repassa R$ 8 milh\u00f5es e Prefeitura far\u00e1 o recapeamento de 36 vias do munic\u00edpio\"\/>&#13;<br \/>\n                    <\/a>&#13;<br \/>\n&#13;<br \/>\n                &#13;<br \/>\n            <\/article>\n<p>&#13;<\/p>\n<article class=\"list-item noticias \">&#13;<br \/>\n                    <a class=\"list-item__img\" href=\"https:\/\/limeira.sp.gov.br\/imprensa\/noticias\/esporte-e-lazer\/espaco-de-esportes-radicais-no-vitorio-lucato-reune-skatistas-em-campeonato\" tabindex=\"-1\" aria-hidden=\"true\" rel=\"noopener\">&#13;<br \/>\n                        <img data-recalc-dims=\"1\" decoding=\"async\" src=\"https:\/\/i0.wp.com\/ecrie.com.br\/sistema\/conteudos\/imagem\/m_137_0_1_08052024173933.png?w=696&#038;ssl=1\" alt=\"Espa\u00e7o de esportes radicais no Vit\u00f3rio Lucato re\u00fane skatistas em campeonato\"\/>&#13;<br \/>\n                    <\/a>&#13;<br \/>\n&#13;<br \/>\n                &#13;<br \/>\n            <\/article>\n<p>&#13;<\/p>\n<article class=\"list-item noticias \">&#13;<br \/>\n                    <a class=\"list-item__img\" href=\"https:\/\/limeira.sp.gov.br\/imprensa\/noticias\/gabinete-do-prefeito\/feira-livre-noturnaestreia-amanha-noestadio-do-limeirao\" tabindex=\"-1\" aria-hidden=\"true\" rel=\"noopener\">&#13;<br \/>\n                        <img data-recalc-dims=\"1\" decoding=\"async\" src=\"https:\/\/i0.wp.com\/ecrie.com.br\/sistema\/conteudos\/imagem\/m_137_0_1_08052024150907.jpg?w=696&#038;ssl=1\" alt=\"Feira Livre Noturna\u00a0estreia amanh\u00e3 no\u00a0Est\u00e1dio do Limeir\u00e3o\"\/>&#13;<br \/>\n                    <\/a>&#13;<br \/>\n&#13;<br \/>\n                &#13;<br \/>\n            <\/article>\n<p>&#13;<br \/>\n    <\/aside>\n<p>&#13;<br \/>\n&#13;\n            <\/p><\/div>\n<p><br \/>\n<br \/><a href=\"https:\/\/limeira.sp.gov.br\/com-260-inscritos-jogos-adaptados-sao-abertos-no-vo-lucato\" rel=\"noopener\">Informa\u00e7\u00f5es da PML <\/a><\/p>\n","protected":false},"excerpt":{"rendered":"<p>&#13; &#13; &#13; &#13; &#13; &#13; &#13; Est\u00e3o abertos os Jogos Municipais Adaptados\u00a0&#8211; Edi\u00e7\u00e3o 2024. A cerim\u00f4nia que deu in\u00edcio \u00e0s competi\u00e7\u00f5es ocorreu no V\u00f4 Lucato e contou com a presen\u00e7a do prefeito Mario Botion, da vice-prefeita Erika Tank, da vereadora Lu Bogo, do chefe do Setor de Garantias de Direitos das Pessoas com Defici\u00eancia, [&hellip;]<\/p>\n","protected":false},"author":1,"featured_media":4541,"comment_status":"open","ping_status":"open","sticky":false,"template":"","format":"standard","meta":{"_jetpack_newsletter_access":"","_jetpack_dont_email_post_to_subs":false,"_jetpack_newsletter_tier_id":0,"_jetpack_memberships_contains_paywalled_content":false,"_mbp_banners":[],"_jetpack_feature_clip_id":0,"_jetpack_memberships_contains_paid_content":false,"footnotes":"","jetpack_publicize_message":"","jetpack_publicize_feature_enabled":true,"jetpack_social_post_already_shared":true,"jetpack_social_options":{"image_generator_settings":{"template":"highway","default_image_id":0,"font":"","enabled":false},"version":2},"jetpack_post_was_ever_published":false},"categories":[16],"tags":[],"class_list":["post-4540","post","type-post","status-publish","format-standard","has-post-thumbnail","category-local"],"jetpack_publicize_connections":[],"jetpack-related-posts":[],"jetpack_shortlink":"https:\/\/wp.me\/p7Eq1F-1be","jetpack_sharing_enabled":true,"jetpack_featured_media_url":"https:\/\/i0.wp.com\/guialimeira.com.br\/news\/wp-content\/uploads\/2024\/05\/m_137_0_1_10052024153345.jpg?fit=1280%2C852&ssl=1","_links":{"self":[{"href":"https:\/\/guialimeira.com.br\/news\/wp-json\/wp\/v2\/posts\/4540","targetHints":{"allow":["GET"]}}],"collection":[{"href":"https:\/\/guialimeira.com.br\/news\/wp-json\/wp\/v2\/posts"}],"about":[{"href":"https:\/\/guialimeira.com.br\/news\/wp-json\/wp\/v2\/types\/post"}],"author":[{"embeddable":true,"href":"https:\/\/guialimeira.com.br\/news\/wp-json\/wp\/v2\/users\/1"}],"replies":[{"embeddable":true,"href":"https:\/\/guialimeira.com.br\/news\/wp-json\/wp\/v2\/comments?post=4540"}],"version-history":[{"count":0,"href":"https:\/\/guialimeira.com.br\/news\/wp-json\/wp\/v2\/posts\/4540\/revisions"}],"wp:featuredmedia":[{"embeddable":true,"href":"https:\/\/guialimeira.com.br\/news\/wp-json\/wp\/v2\/media\/4541"}],"wp:attachment":[{"href":"https:\/\/guialimeira.com.br\/news\/wp-json\/wp\/v2\/media?parent=4540"}],"wp:term":[{"taxonomy":"category","embeddable":true,"href":"https:\/\/guialimeira.com.br\/news\/wp-json\/wp\/v2\/categories?post=4540"},{"taxonomy":"post_tag","embeddable":true,"href":"https:\/\/guialimeira.com.br\/news\/wp-json\/wp\/v2\/tags?post=4540"}],"curies":[{"name":"wp","href":"https:\/\/api.w.org\/{rel}","templated":true}]}}